{"id":9815,"date":"2022-06-29T20:35:08","date_gmt":"2022-06-29T20:35:08","guid":{"rendered":"http:\/\/www.sindilat.com.br\/site\/?p=9815"},"modified":"2022-06-29T20:38:06","modified_gmt":"2022-06-29T20:38:06","slug":"curso-promove-capacitacao-de-tecnicos-para-analise-de-laudos-de-leite","status":"publish","type":"post","link":"https:\/\/www.sindilat.com.br\/site\/2022\/06\/29\/curso-promove-capacitacao-de-tecnicos-para-analise-de-laudos-de-leite\/","title":{"rendered":"Curso promove capacita\u00e7\u00e3o de t\u00e9cnicos para an\u00e1lise de laudos de leite"},"content":{"rendered":"<div>Com o objetivo de auxiliar na capacita\u00e7\u00e3o de profissionais para a realiza\u00e7\u00e3o de interpreta\u00e7\u00f5es de laudos de leite, o Funcap, a APL Fronteira Noroeste e o Projeto Suport D Leite, com o apoio da Amufron e do Sindicato da Ind\u00fastria de Latic\u00ednios do (Sindilat\/RS), promovem curso nesta quinta-feira (30\/6). O evento, que visa contribuir com ajustes no manejo nas propriedades e com a qualifica\u00e7\u00e3o do leite, ocorrer\u00e1 na Uniju\u00ed Santa Rosa (Bloco A \u2013 316) a partir das 8h.<\/div>\n<div>&nbsp;<\/div>\n<div>As palestras ser\u00e3o voltadas para t\u00e9cnicos do setor (m\u00e9dicos veterin\u00e1rios, agr\u00f4nomos, zootecnistas e secret\u00e1rios de agricultura) e abordar\u00e3o diversos temas como amostragens e suas implica\u00e7\u00f5es nos resultados, an\u00e1lises de dieta, an\u00e1lises de doen\u00e7as, mastite e manejo de ordenhas. As apresenta\u00e7\u00f5es ser\u00e3o comandadas pela m\u00e9dica veterin\u00e1ria e professora da Uniju\u00ed, Denize fraga, e pela bi\u00f3loga Tadine Secco.<\/div>\n<div>&nbsp;<\/div>\n<div>Denize destaca que o evento permitir\u00e1 o debate entre os profissionais e a qualifica\u00e7\u00e3o para futuras a\u00e7\u00f5es em rela\u00e7\u00e3o \u00e0 qualidade do leite. \u201cEle busca permitir uma qualifica\u00e7\u00e3o em rela\u00e7\u00e3o a interpreta\u00e7\u00e3o de laudos de an\u00e1lises de leite com vistas a ajustes de manejo\u201d, acrescenta. O encontro, segundo ela, ter\u00e1 como principais pontos abordados as an\u00e1lises de composi\u00e7\u00e3o, contagem de c\u00e9lulas som\u00e1ticas, cultura microbiol\u00f3gica, contagem bacteriana, leite inst\u00e1vel n\u00e3o \u00e1cido e nitrog\u00eanio ureico, revelando as inter-rela\u00e7\u00f5es entre estes resultados e suas implica\u00e7\u00f5es nos manejos empregados nas propriedades.<\/div>\n<div>&nbsp;<\/div>\n<div>O Sindilat\/RS disponibilizar\u00e1 os produtos para os dois milk breaks que ocorrer\u00e3o durante o dia.<\/div>\n<div>&nbsp;<\/div>\n<p><strong>Confira a programa\u00e7\u00e3o completa:<\/strong><br \/>\n<strong>-<\/strong> Abertura do evento \u00e0s 8h<br \/>\n<strong>-<\/strong> Palestra t\u00e9cnica com a professora Denize Fraga e a mestre Tadine Secco<br \/>\n<strong>-<\/strong> Milk break<br \/>\n<strong>-<\/strong> Palestra t\u00e9cnica com a professora Denize Fraga<br \/>\n<strong>-<\/strong> Intervalo para almo\u00e7o<br \/>\n<strong>-<\/strong> Palestra t\u00e9cnica com a professora Denize Fraga<br \/>\n<strong>-<\/strong> Milk break com discuss\u00e3o dos temas abordados no dia<br \/>\n<strong>-<\/strong> Encerramento \u00e0s 17h30min<\/p>\n","protected":false},"excerpt":{"rendered":"<p>Com o objetivo de auxiliar na capacita\u00e7\u00e3o de profissionais para a realiza\u00e7\u00e3o de interpreta\u00e7\u00f5es de laudos de leite, o Funcap, a APL Fronteira Noroeste e o Projeto Suport D Leite, com o apoio da Amufron e do Sindicato da Ind\u00fastria de Latic\u00ednios do (Sindilat\/RS), promovem curso nesta quinta-feira (30\/6). O evento, que visa contribuir com <a href=\"https:\/\/www.sindilat.com.br\/site\/2022\/06\/29\/curso-promove-capacitacao-de-tecnicos-para-analise-de-laudos-de-leite\/\" class=\"more-link\">...continuar lendo<span class=\"screen-reader-text\"> \"Curso promove capacita\u00e7\u00e3o de t\u00e9cnicos para an\u00e1lise de laudos de leite\"<\/span><\/a><\/p>\n","protected":false},"author":3,"featured_media":9816,"comment_status":"open","ping_status":"open","sticky":false,"template":"","format":"standard","meta":{"ngg_post_thumbnail":0,"footnotes":""},"categories":[18,31],"tags":[155,154,157,41,42,156],"class_list":{"0":"post-9815","1":"post","2":"type-post","3":"status-publish","4":"format-standard","5":"has-post-thumbnail","7":"category-noticias","8":"category-noticias-sindilat-tv","9":"tag-denize-fraga","10":"tag-funcap","11":"tag-laudo-leite","12":"tag-leite","13":"tag-sindilat","14":"tag-tadine-secco","15":"h-entry","16":"hentry","17":"h-as-article"},"_links":{"self":[{"href":"https:\/\/www.sindilat.com.br\/site\/wp-json\/wp\/v2\/posts\/9815","targetHints":{"allow":["GET"]}}],"collection":[{"href":"https:\/\/www.sindilat.com.br\/site\/wp-json\/wp\/v2\/posts"}],"about":[{"href":"https:\/\/www.sindilat.com.br\/site\/wp-json\/wp\/v2\/types\/post"}],"author":[{"embeddable":true,"href":"https:\/\/www.sindilat.com.br\/site\/wp-json\/wp\/v2\/users\/3"}],"replies":[{"embeddable":true,"href":"https:\/\/www.sindilat.com.br\/site\/wp-json\/wp\/v2\/comments?post=9815"}],"version-history":[{"count":1,"href":"https:\/\/www.sindilat.com.br\/site\/wp-json\/wp\/v2\/posts\/9815\/revisions"}],"predecessor-version":[{"id":9817,"href":"https:\/\/www.sindilat.com.br\/site\/wp-json\/wp\/v2\/posts\/9815\/revisions\/9817"}],"wp:featuredmedia":[{"embeddable":true,"href":"https:\/\/www.sindilat.com.br\/site\/wp-json\/wp\/v2\/media\/9816"}],"wp:attachment":[{"href":"https:\/\/www.sindilat.com.br\/site\/wp-json\/wp\/v2\/media?parent=9815"}],"wp:term":[{"taxonomy":"category","embeddable":true,"href":"https:\/\/www.sindilat.com.br\/site\/wp-json\/wp\/v2\/categories?post=9815"},{"taxonomy":"post_tag","embeddable":true,"href":"https:\/\/www.sindilat.com.br\/site\/wp-json\/wp\/v2\/tags?post=9815"}],"curies":[{"name":"wp","href":"https:\/\/api.w.org\/{rel}","templated":true}]}}