{"id":9554,"date":"2022-05-23T20:43:17","date_gmt":"2022-05-23T20:43:17","guid":{"rendered":"http:\/\/www.sindilat.com.br\/site\/?p=9554"},"modified":"2022-05-23T20:43:17","modified_gmt":"2022-05-23T20:43:17","slug":"alianca-lactea-avalia-expansao-de-estudo-gaucho-para-toda-regiao-sul","status":"publish","type":"post","link":"https:\/\/www.sindilat.com.br\/site\/2022\/05\/23\/alianca-lactea-avalia-expansao-de-estudo-gaucho-para-toda-regiao-sul\/","title":{"rendered":"Alian\u00e7a L\u00e1ctea avalia expans\u00e3o de estudo ga\u00facho para toda Regi\u00e3o Sul"},"content":{"rendered":"<p>A Alian\u00e7a L\u00e1ctea Sul-Brasileira estuda a viabilidade de estender aos estados de Paran\u00e1 e Santa Catarina o estudo realizado no Rio Grande do Sul sobre a produ\u00e7\u00e3o leiteira. O projeto, capitaneado pela Emater com apoio do Sindilat, resultou em um livro onde foi tra\u00e7ada uma radiografia da produ\u00e7\u00e3o ga\u00facha. Em sua quarta edi\u00e7\u00e3o, o trabalho, elaborado pelo gerente t\u00e9cnico da Emater, Jaime Ries, traz dados atualizados sobre n\u00famero de produtores, produ\u00e7\u00e3o, produtividade e rentabilidade dos tambos ga\u00fachos. A edi\u00e7\u00e3o ga\u00facha foi oficialmente lan\u00e7ada em sua vers\u00e3o impressa na \u00faltima sexta-feira (20\/05) durante a programa\u00e7\u00e3o da Fenasul, no Parque de Exposi\u00e7\u00f5es Assis Brasil, em Esteio. \u201c\u00c9 um excelente trabalho que retrata com seriedade a realidade do setor l\u00e1cteo do estado, fazendo uma an\u00e1lise de 2015, 2017, 2019 e com o \u00faltimo levantamento do ano de 2021. Levar esse projeto para toda a Regi\u00e3o Sul seria uma forma de compreender ainda mais a fundo nossa realidade\u201d, pontuou o secret\u00e1rio-executivo do Sindilat, Darlan Palharini.<\/p>\n<p>Em um dia de programa\u00e7\u00e3o intensa, que reuniu lideran\u00e7as do Rio Grande do Sul, Paran\u00e1 e Santa Catarina, a Alian\u00e7a L\u00e1ctea tamb\u00e9m debateu formas de trabalhar para neutralizar a alta de custos. Uma das principais preocupa\u00e7\u00f5es \u00e9 garantir a oferta de milho capaz de abastecer a produ\u00e7\u00e3o de ra\u00e7\u00e3o para vacas leiteiras, tendo em vista que a Regi\u00e3o Sul perdeu espa\u00e7o na produ\u00e7\u00e3o do cereal, hoje deslocada para a Regi\u00e3o Central do Brasil. Mediando o encontro, o coordenador da Alian\u00e7a L\u00e1ctea Sul-Brasileira, Airton Spies, lembrou que o f\u00f3rum \u00e9 espa\u00e7o essencial para debates como esse, alinhando pol\u00edticas p\u00fablicas conjuntas.<\/p>\n<p>A preocupa\u00e7\u00e3o com o abastecimento de milho tamb\u00e9m foi manifestada pelos secret\u00e1rios de Agricultura presentes. O secret\u00e1rio Adjunto de Agricultura de SC, Ricardo Miotto, lembrou que o estado tem investido muito em pesquisa. Citou o Programa Terra Boa, por meio do qual o governo daquele estado incentiva a produ\u00e7\u00e3o de pastagem e silagem com o fomento ao uso de calc\u00e1rio e sementes certificadas. Tamb\u00e9m no encontro, o secret\u00e1rio adjunto da Secretaria da Agricultura do RS, Rodrigo Rizo, refor\u00e7ou a import\u00e2ncia dos debates promovidos na Alian\u00e7a L\u00e1ctea sobre assuntos t\u00e9cnicos e sanit\u00e1rios.<\/p>\n<p>O secret\u00e1rio de Agricultura do Paran\u00e1, Norberto Ortigara, citou que a bacia leiteira tem grande relev\u00e2ncia no Sul e espera que a regi\u00e3o desenvolva habilidade para exportar seus produtos. Citou que a competitividade tem vindo com a concentra\u00e7\u00e3o da produ\u00e7\u00e3o e a eleva\u00e7\u00e3o da efici\u00eancia. \"Temos que fazer de tudo para que o agro se fortale\u00e7a cada vez mais\u201d, frisou, lembrando que o quadro do agro no Paran\u00e1 segue delicado em fun\u00e7\u00e3o da alta de custos.<\/p>\n<p>O presidente da C\u00e2mara Setorial do Leite, Ronei Volpi, disse que a Alian\u00e7a L\u00e1ctea surgiu em 2014 e \u00e9 resultado de um processo de uni\u00e3o que deu amplitude para a a\u00e7\u00e3o de estados da Regi\u00e3o Sul que, juntos, respondem por 40% da produ\u00e7\u00e3o de l\u00e1cteos do Brasil. Uma prova dessa integra\u00e7\u00e3o veio neste primeiro semestre com o trabalho de convencimento contra a suspens\u00e3o da Tarifa Externa Comum (TEC) para o queijo Mu\u00e7arela. \u201cEm menos de 60 dias conseguimos que o governo voltasse atr\u00e1s e reimplantasse a Tarifa Externa Comum em 8%. Foi uma grande vit\u00f3ria. Nossas assimetrias s\u00e3o pequenas e podemos resolver dentro da Alian\u00e7a, porque os desafios fora s\u00e3o muito maiores\u201d.<\/p>\n<p>Em um dia intenso de debates, a coordenadora da Comiss\u00e3o de Leite da Farsul, M\u00e1rcia Medeiros, e o economista Rui Silveira Neto apresentaram o \u00cdndice para a Produ\u00e7\u00e3o de Leite Cru no RS (ILC-RS). O indicador, que ser\u00e1 abastecido mensalmente, \u00e9 calculado a partir dos insumos para produ\u00e7\u00e3o de leite. O sistema levar\u00e1 em considera\u00e7\u00e3o somente os valores pagos pelo concentrado, volumoso, aduba\u00e7\u00e3o de pastagem, suplementa\u00e7\u00e3o mineral, energia e combust\u00edvel (gasolina e diesel).<\/p>\n<p>Em sua manifesta\u00e7\u00e3o, o vice-presidente do Sindilat, Alexandre Guerra, alertou que \u00e9 preciso mobiliza\u00e7\u00e3o frente \u00e0 realidade dos produtos de origem vegetal que usam a denomina\u00e7\u00e3o de produtos l\u00e1cteos tradicionais, mas n\u00e3o o s\u00e3o. Segundo ele, o tema ainda n\u00e3o foi regulamentado pelo Minist\u00e9rio da Agricultura, mas precisa de um regramento sob pena de causar confus\u00e3o no consumidor. Guerra defende que esses produtos de origem vegetal tenham sua nomenclatura pr\u00f3pria. J\u00e1 o secret\u00e1rio-executivo do Sindilat, Darlan Palharini, solicitou que a Alian\u00e7a L\u00e1ctea se manifeste sobre a PL 75, de autoria do deputado Vitor Hugo (PSL\/GO), onde institui o \u00cdndice Nacional de Insumos para a produ\u00e7\u00e3o de leite Cru (ILC). O texto est\u00e1 com prazo de sugest\u00f5es de proposi\u00e7\u00f5es em aberto e tem como relator o deputado Federal Domingos S\u00e1vio (PL\/MG). (Assessoria de imprensa Sindilat\/RS)<\/p>\n<p>Cr\u00e9dito: Fernando Kluwe Dias\/Seapdr<\/p>\n","protected":false},"excerpt":{"rendered":"<p>A Alian\u00e7a L\u00e1ctea Sul-Brasileira estuda a viabilidade de estender aos estados de Paran\u00e1 e Santa Catarina o estudo realizado no Rio Grande do Sul sobre a produ\u00e7\u00e3o leiteira. O projeto, capitaneado pela Emater com apoio do Sindilat, resultou em um livro onde foi tra\u00e7ada uma radiografia da produ\u00e7\u00e3o ga\u00facha. Em sua quarta edi\u00e7\u00e3o, o trabalho, <a href=\"https:\/\/www.sindilat.com.br\/site\/2022\/05\/23\/alianca-lactea-avalia-expansao-de-estudo-gaucho-para-toda-regiao-sul\/\" class=\"more-link\">...continuar lendo<span class=\"screen-reader-text\"> \"Alian\u00e7a L\u00e1ctea avalia expans\u00e3o de estudo ga\u00facho para toda Regi\u00e3o Sul\"<\/span><\/a><\/p>\n","protected":false},"author":3,"featured_media":9555,"comment_status":"open","ping_status":"open","sticky":false,"template":"","format":"standard","meta":{"ngg_post_thumbnail":0,"footnotes":""},"categories":[18,31],"tags":[],"class_list":{"0":"post-9554","1":"post","2":"type-post","3":"status-publish","4":"format-standard","5":"has-post-thumbnail","7":"category-noticias","8":"category-noticias-sindilat-tv","9":"h-entry","10":"hentry","11":"h-as-article"},"_links":{"self":[{"href":"https:\/\/www.sindilat.com.br\/site\/wp-json\/wp\/v2\/posts\/9554","targetHints":{"allow":["GET"]}}],"collection":[{"href":"https:\/\/www.sindilat.com.br\/site\/wp-json\/wp\/v2\/posts"}],"about":[{"href":"https:\/\/www.sindilat.com.br\/site\/wp-json\/wp\/v2\/types\/post"}],"author":[{"embeddable":true,"href":"https:\/\/www.sindilat.com.br\/site\/wp-json\/wp\/v2\/users\/3"}],"replies":[{"embeddable":true,"href":"https:\/\/www.sindilat.com.br\/site\/wp-json\/wp\/v2\/comments?post=9554"}],"version-history":[{"count":1,"href":"https:\/\/www.sindilat.com.br\/site\/wp-json\/wp\/v2\/posts\/9554\/revisions"}],"predecessor-version":[{"id":9556,"href":"https:\/\/www.sindilat.com.br\/site\/wp-json\/wp\/v2\/posts\/9554\/revisions\/9556"}],"wp:featuredmedia":[{"embeddable":true,"href":"https:\/\/www.sindilat.com.br\/site\/wp-json\/wp\/v2\/media\/9555"}],"wp:attachment":[{"href":"https:\/\/www.sindilat.com.br\/site\/wp-json\/wp\/v2\/media?parent=9554"}],"wp:term":[{"taxonomy":"category","embeddable":true,"href":"https:\/\/www.sindilat.com.br\/site\/wp-json\/wp\/v2\/categories?post=9554"},{"taxonomy":"post_tag","embeddable":true,"href":"https:\/\/www.sindilat.com.br\/site\/wp-json\/wp\/v2\/tags?post=9554"}],"curies":[{"name":"wp","href":"https:\/\/api.w.org\/{rel}","templated":true}]}}