{"id":9326,"date":"2022-04-20T17:34:53","date_gmt":"2022-04-20T17:34:53","guid":{"rendered":"http:\/\/www.sindilat.com.br\/site\/?p=9326"},"modified":"2022-04-20T17:34:53","modified_gmt":"2022-04-20T17:34:53","slug":"camara-setorial-do-leite-alerta-para-importancia-de-campanha-de-marketing-para-leite-e-derivados","status":"publish","type":"post","link":"https:\/\/www.sindilat.com.br\/site\/2022\/04\/20\/camara-setorial-do-leite-alerta-para-importancia-de-campanha-de-marketing-para-leite-e-derivados\/","title":{"rendered":"C\u00e2mara Setorial do Leite alerta para import\u00e2ncia de campanha de marketing para leite e derivados"},"content":{"rendered":"<p>A C\u00e2mara Setorial do Leite refor\u00e7ou, na manh\u00e3 desta ter\u00e7a-feira (19\/04), a import\u00e2ncia do marketing de produtos e derivados l\u00e1cteos junto as crian\u00e7as. A assessora T\u00e9cnica Regional de Sistemas de Produ\u00e7\u00e3o Animal da Emater Mara Helena Saalfeld aproveitou o encontro para falar sobre o livro infantil que visa explicar para as crian\u00e7as de onde vem o leite. Na ocasi\u00e3o, tamb\u00e9m foi debatida a relev\u00e2ncia de se expandir o n\u00famero de propriedades certificadas para tuberculose e brucelose no estado.<\/p>\n<p>O economista da Federa\u00e7\u00e3o das Cooperativas Agropecu\u00e1rias do Estado (Fecoagro\/RS), Tarc\u00edsio Minetto, discorreu sobre o acompanhamento ass\u00edduo da CCGL com as certifica\u00e7\u00f5es e ressaltou sua percep\u00e7\u00e3o de que boa parte dos produtores n\u00e3o t\u00eam todas as informa\u00e7\u00f5es necess\u00e1rias para concluir o controle do programa de tuberculose e brucelose. \u201cCabe aprofundar um pouco a discuss\u00e3o sobre mecanismos para que possamos trazer mais os produtores para perto. Eles at\u00e9 conhecem a import\u00e2ncia da certifica\u00e7\u00e3o, mas t\u00eam medo do que pode acontecer se tiverem o resultado positivo nesse processo\u201d, ponderou Minetto.<\/p>\n<p>Secret\u00e1rio-executivo do Sindicato da Ind\u00fastria de Latic\u00ednios do Rio Grande do Sul (Sindilat), Darlan Palharini, sugeriu que na pr\u00f3xima reuni\u00e3o da C\u00e2mara Setorial do Leite o tema volte \u00e0 pauta. No entanto, refor\u00e7ou a necessidade de se trazer dados referentes as informa\u00e7\u00f5es sobre o n\u00famero de propriedades certificadas e os valores indenizados. \u201c\u00c9 importante que possamos trazer alguns exemplos, como a CCGL que est\u00e1 bastante avan\u00e7ada na quest\u00e3o de certifica\u00e7\u00e3o\u201d, acrescentou.<\/p>\n<p>Na ocasi\u00e3o, ainda houve a indica\u00e7\u00e3o do novo Coordenador da C\u00e2mara Setorial. O 1\u00b0 vice-presidente da Federa\u00e7\u00e3o dos Trabalhadores na Agricultura no Rio Grande do Sul (FETAG), Eug\u00eanio Edevino Zanetti, entrar\u00e1 no lugar de Jeferson Smaniotto, do Sindilat. Zanetti j\u00e1 conduzir\u00e1 a pr\u00f3xima reuni\u00e3o da Comiss\u00e3o Setorial do Leite, que acontecer\u00e1 durante a Fenasul\/Expoleite 2022. \u201cO momento \u00e9 de dificuldade para todo o setor do leite e precisamos unir esfor\u00e7os para que o elo saia fortalecido e a gente busque conscientizar a popula\u00e7\u00e3o como um todo, com campanhas de marketing valorizando a import\u00e2ncia do produto na alimenta\u00e7\u00e3o e as demais medidas para que a gente continue melhorando qualidade do leite e a situa\u00e7\u00e3o do produtor\u201d, ressaltou Zanetti.<\/p>\n<p>Ainda durante a reuni\u00e3o os representantes convidaram para a Audi\u00eancia P\u00fablica no dia 27\/04 que discutir\u00e1 os impactos do Fator de Ajuste de Frui\u00e7\u00e3o (FAF) que impacta no aumento da carga tribut\u00e1ria, influenciando ainda mais a perda de competitividade do leite ga\u00facho frente aos Estados de Santa Catarina, Paran\u00e1 e Minas Gerais.<\/p>\n","protected":false},"excerpt":{"rendered":"<p>A C\u00e2mara Setorial do Leite refor\u00e7ou, na manh\u00e3 desta ter\u00e7a-feira (19\/04), a import\u00e2ncia do marketing de produtos e derivados l\u00e1cteos junto as crian\u00e7as. A assessora T\u00e9cnica Regional de Sistemas de Produ\u00e7\u00e3o Animal da Emater Mara Helena Saalfeld aproveitou o encontro para falar sobre o livro infantil que visa explicar para as crian\u00e7as de onde vem <a href=\"https:\/\/www.sindilat.com.br\/site\/2022\/04\/20\/camara-setorial-do-leite-alerta-para-importancia-de-campanha-de-marketing-para-leite-e-derivados\/\" class=\"more-link\">...continuar lendo<span class=\"screen-reader-text\"> \"C\u00e2mara Setorial do Leite alerta para import\u00e2ncia de campanha de marketing para leite e derivados\"<\/span><\/a><\/p>\n","protected":false},"author":3,"featured_media":9327,"comment_status":"open","ping_status":"open","sticky":false,"template":"","format":"standard","meta":{"ngg_post_thumbnail":0,"footnotes":""},"categories":[31,18],"tags":[150,41,47,76,42],"class_list":{"0":"post-9326","1":"post","2":"type-post","3":"status-publish","4":"format-standard","5":"has-post-thumbnail","7":"category-noticias-sindilat-tv","8":"category-noticias","9":"tag-camara-setorial-do-leite","10":"tag-leite","11":"tag-setor-lacteo","12":"tag-setor-leiteiro","13":"tag-sindilat","14":"h-entry","15":"hentry","16":"h-as-article"},"_links":{"self":[{"href":"https:\/\/www.sindilat.com.br\/site\/wp-json\/wp\/v2\/posts\/9326","targetHints":{"allow":["GET"]}}],"collection":[{"href":"https:\/\/www.sindilat.com.br\/site\/wp-json\/wp\/v2\/posts"}],"about":[{"href":"https:\/\/www.sindilat.com.br\/site\/wp-json\/wp\/v2\/types\/post"}],"author":[{"embeddable":true,"href":"https:\/\/www.sindilat.com.br\/site\/wp-json\/wp\/v2\/users\/3"}],"replies":[{"embeddable":true,"href":"https:\/\/www.sindilat.com.br\/site\/wp-json\/wp\/v2\/comments?post=9326"}],"version-history":[{"count":1,"href":"https:\/\/www.sindilat.com.br\/site\/wp-json\/wp\/v2\/posts\/9326\/revisions"}],"predecessor-version":[{"id":9328,"href":"https:\/\/www.sindilat.com.br\/site\/wp-json\/wp\/v2\/posts\/9326\/revisions\/9328"}],"wp:featuredmedia":[{"embeddable":true,"href":"https:\/\/www.sindilat.com.br\/site\/wp-json\/wp\/v2\/media\/9327"}],"wp:attachment":[{"href":"https:\/\/www.sindilat.com.br\/site\/wp-json\/wp\/v2\/media?parent=9326"}],"wp:term":[{"taxonomy":"category","embeddable":true,"href":"https:\/\/www.sindilat.com.br\/site\/wp-json\/wp\/v2\/categories?post=9326"},{"taxonomy":"post_tag","embeddable":true,"href":"https:\/\/www.sindilat.com.br\/site\/wp-json\/wp\/v2\/tags?post=9326"}],"curies":[{"name":"wp","href":"https:\/\/api.w.org\/{rel}","templated":true}]}}