{"id":9292,"date":"2022-04-13T17:49:56","date_gmt":"2022-04-13T17:49:56","guid":{"rendered":"http:\/\/www.sindilat.com.br\/site\/?p=9292"},"modified":"2022-04-14T14:43:39","modified_gmt":"2022-04-14T14:43:39","slug":"audiencia-publica-sobre-a-competitividade-no-setor-lacteo-e-remarcada-para-27-de-abril","status":"publish","type":"post","link":"https:\/\/www.sindilat.com.br\/site\/2022\/04\/13\/audiencia-publica-sobre-a-competitividade-no-setor-lacteo-e-remarcada-para-27-de-abril\/","title":{"rendered":"Audi\u00eancia p\u00fablica sobre a competitividade no setor l\u00e1cteo \u00e9 remarcada para 27 de abril"},"content":{"rendered":"<p>A audi\u00eancia p\u00fablica que debater\u00e1 a perda de competitividade do setor l\u00e1cteo ga\u00facho tem nova data: 27 de abril. Aprovada pelas Comiss\u00e3o de Economia, Desenvolvimento Sustent\u00e1vel e do Turismo e Comiss\u00e3o de Agricultura, Pecu\u00e1ria, Pesca e Cooperativismo, visa tratar da carga tribut\u00e1ria desigual vivida pelo segmento e agravada com a implementa\u00e7\u00e3o do Fator de Ajuste de Frui\u00e7\u00e3o (FAF). A audi\u00eancia ocorrer\u00e1 a partir das 10h, no 3\u00ba andar da Assembleia Legislativa, e ter\u00e1 transmiss\u00e3o ao vivo pelo <a href=\"https:\/\/www.youtube.com\/c\/tvalrs\">canal da ALRS<\/a>. A pauta foi proposta pelo deputado Z\u00e9 Nunes.<\/p>\n<p>Secret\u00e1rio-executivo do Sindicato da Ind\u00fastria de Latic\u00ednios do Rio Grande do Sul (Sindilat\/RS), Darlan Palharini, defende que medidas sejam tomadas pelo governo para que o RS deixe de ficar atr\u00e1s de outros estados no que diz respeito \u00e0 competitividade do setor l\u00e1cteo. \u201cTemos batido nessa tecla h\u00e1 anos e o governo ainda n\u00e3o tomou nenhuma medida efetiva para que essa situa\u00e7\u00e3o mude. Enquanto isso, temos visto produtores abandonarem a atividade, e o RS perder competitividade em rela\u00e7\u00e3o a estados como Santa Catarina, Paran\u00e1 e Minas Gerais\u201d, destaca. Segundo ele, 60% do leite produzido no RS precisa ser escoado, sendo assim, \u00e9 preciso que n\u00e3o somente se expanda a competitividade em solo ga\u00facho, mas que se viabilize vendas junto a p\u00f3los consumidores, como S\u00e3o Paulo e Rio de Janeiro.<\/p>\n<p>O presidente da Comiss\u00e3o de Agricultura, deputado Adolfo Brito, destaca a import\u00e2ncia da realiza\u00e7\u00e3o de uma audi\u00eancia p\u00fablica, para que se amplie o debate, e refor\u00e7a, ainda, que a Comiss\u00e3o \u00e9 o ambiente para unir for\u00e7as e se trabalhar em conjunto com as principais lideran\u00e7as do setor. Neste sentido, \u00e9 aguardada uma agenda com o governador do RS, Ranolfo Vieira J\u00fanior, para que seja poss\u00edvel compor um melhor cen\u00e1rio ao setor produtivo do leite em fun\u00e7\u00e3o das recentes altera\u00e7\u00f5es tribut\u00e1rias.<\/p>\n<p>Foto em destaque: Carolina Jardine<\/p>\n","protected":false},"excerpt":{"rendered":"<p>A audi\u00eancia p\u00fablica que debater\u00e1 a perda de competitividade do setor l\u00e1cteo ga\u00facho tem nova data: 27 de abril. Aprovada pelas Comiss\u00e3o de Economia, Desenvolvimento Sustent\u00e1vel e do Turismo e Comiss\u00e3o de Agricultura, Pecu\u00e1ria, Pesca e Cooperativismo, visa tratar da carga tribut\u00e1ria desigual vivida pelo segmento e agravada com a implementa\u00e7\u00e3o do Fator de Ajuste <a href=\"https:\/\/www.sindilat.com.br\/site\/2022\/04\/13\/audiencia-publica-sobre-a-competitividade-no-setor-lacteo-e-remarcada-para-27-de-abril\/\" class=\"more-link\">...continuar lendo<span class=\"screen-reader-text\"> \"Audi\u00eancia p\u00fablica sobre a competitividade no setor l\u00e1cteo \u00e9 remarcada para 27 de abril\"<\/span><\/a><\/p>\n","protected":false},"author":3,"featured_media":9293,"comment_status":"open","ping_status":"open","sticky":false,"template":"","format":"standard","meta":{"ngg_post_thumbnail":0,"footnotes":""},"categories":[31,18],"tags":[149,41,47,76,42],"class_list":{"0":"post-9292","1":"post","2":"type-post","3":"status-publish","4":"format-standard","5":"has-post-thumbnail","7":"category-noticias-sindilat-tv","8":"category-noticias","9":"tag-audiencia-publica","10":"tag-leite","11":"tag-setor-lacteo","12":"tag-setor-leiteiro","13":"tag-sindilat","14":"h-entry","15":"hentry","16":"h-as-article"},"_links":{"self":[{"href":"https:\/\/www.sindilat.com.br\/site\/wp-json\/wp\/v2\/posts\/9292","targetHints":{"allow":["GET"]}}],"collection":[{"href":"https:\/\/www.sindilat.com.br\/site\/wp-json\/wp\/v2\/posts"}],"about":[{"href":"https:\/\/www.sindilat.com.br\/site\/wp-json\/wp\/v2\/types\/post"}],"author":[{"embeddable":true,"href":"https:\/\/www.sindilat.com.br\/site\/wp-json\/wp\/v2\/users\/3"}],"replies":[{"embeddable":true,"href":"https:\/\/www.sindilat.com.br\/site\/wp-json\/wp\/v2\/comments?post=9292"}],"version-history":[{"count":3,"href":"https:\/\/www.sindilat.com.br\/site\/wp-json\/wp\/v2\/posts\/9292\/revisions"}],"predecessor-version":[{"id":9298,"href":"https:\/\/www.sindilat.com.br\/site\/wp-json\/wp\/v2\/posts\/9292\/revisions\/9298"}],"wp:featuredmedia":[{"embeddable":true,"href":"https:\/\/www.sindilat.com.br\/site\/wp-json\/wp\/v2\/media\/9293"}],"wp:attachment":[{"href":"https:\/\/www.sindilat.com.br\/site\/wp-json\/wp\/v2\/media?parent=9292"}],"wp:term":[{"taxonomy":"category","embeddable":true,"href":"https:\/\/www.sindilat.com.br\/site\/wp-json\/wp\/v2\/categories?post=9292"},{"taxonomy":"post_tag","embeddable":true,"href":"https:\/\/www.sindilat.com.br\/site\/wp-json\/wp\/v2\/tags?post=9292"}],"curies":[{"name":"wp","href":"https:\/\/api.w.org\/{rel}","templated":true}]}}