{"id":9108,"date":"2022-03-16T19:47:17","date_gmt":"2022-03-16T19:47:17","guid":{"rendered":"http:\/\/www.sindilat.com.br\/site\/?p=9108"},"modified":"2022-03-16T19:47:17","modified_gmt":"2022-03-16T19:47:17","slug":"alianca-lactea-sul-brasileira-avalia-plano-conjunto-de-incentivo-a-exportacao-da-regiao-sul","status":"publish","type":"post","link":"https:\/\/www.sindilat.com.br\/site\/2022\/03\/16\/alianca-lactea-sul-brasileira-avalia-plano-conjunto-de-incentivo-a-exportacao-da-regiao-sul\/","title":{"rendered":"Alian\u00e7a L\u00e1ctea Sul-Brasileira avalia plano conjunto de incentivo \u00e0 exporta\u00e7\u00e3o da Regi\u00e3o Sul"},"content":{"rendered":"<p>A Alian\u00e7a L\u00e1ctea Sul-Brasileira, formada por Santa Catarina, Paran\u00e1 e Rio Grande do Sul, defendeu que os governos dos tr\u00eas estados ajudem a criar pol\u00edticas para estimular a exporta\u00e7\u00e3o de l\u00e1cteos. \"Temos que preparar o setor para a exporta\u00e7\u00e3o. Para crescer, exportar \u00e9 preciso\", declarou o atual coordenador da Alian\u00e7a e ex-secret\u00e1rio de Estado da Agricultura de SC, Airton Spies, durante reuni\u00e3o virtual na manh\u00e3 desta quarta-feira (16\/3). Em refer\u00eancia ao lan\u00e7amento do Programa de Qualifica\u00e7\u00e3o para Exporta\u00e7\u00e3o (PEIEX) Agro L\u00e1cteos \u2013 Regi\u00e3o Sul que foi trabalhado pela Alian\u00e7a L\u00e1ctea com a Ag\u00eancia Brasileira de Promo\u00e7\u00e3o de Exporta\u00e7\u00f5es e Investimentos (ApexBrasil) desde 2019 e que visa justamente fomentar a exporta\u00e7\u00e3o, ele ponderou: \"Isso \u00e9 muito bom e precisamos ter essa iniciativa para preparar as empresas para exporta\u00e7\u00e3o. Algo de concreto precisa ser feito\".<\/p>\n<p>Ainda durante o encontro, Jaime Ries, da Emater-RS, apresentou os resultados do diagn\u00f3stico da cadeia produtiva do leite no RS, a fim de que SC e PR possam tamb\u00e9m construir um estudo e tenham em m\u00e3os um panorama da produ\u00e7\u00e3o de l\u00e1cteos em suas regi\u00f5es. O Relat\u00f3rio Socioecon\u00f4mico da Cadeia Produtiva do Leite foi apresentado durante a Expointer 2021 e apontou que o n\u00famero de produtores de leite vinculados \u00e0 ind\u00fastria caiu nos \u00faltimos anos no Estado.<\/p>\n<p>Na mesma reuni\u00e3o, a Alian\u00e7a, que \u00e9 um f\u00f3rum aberto que busca a competitividade e sustentabilidade do setor l\u00e1cteo para os tr\u00eas estados, apresentou as 12 prioridades de atua\u00e7\u00e3o at\u00e9 o ano de 2023. Al\u00e9m disso, foi debatido como os estados podem evoluir em conjunto para a certifica\u00e7\u00e3o de propriedades livres de brucelose e tuberculose.&nbsp;<\/p>\n","protected":false},"excerpt":{"rendered":"<p>A Alian\u00e7a L\u00e1ctea Sul-Brasileira, formada por Santa Catarina, Paran\u00e1 e Rio Grande do Sul, defendeu que os governos dos tr\u00eas estados ajudem a criar pol\u00edticas para estimular a exporta\u00e7\u00e3o de l\u00e1cteos. \"Temos que preparar o setor para a exporta\u00e7\u00e3o. Para crescer, exportar \u00e9 preciso\", declarou o atual coordenador da Alian\u00e7a e ex-secret\u00e1rio de Estado da <a href=\"https:\/\/www.sindilat.com.br\/site\/2022\/03\/16\/alianca-lactea-sul-brasileira-avalia-plano-conjunto-de-incentivo-a-exportacao-da-regiao-sul\/\" class=\"more-link\">...continuar lendo<span class=\"screen-reader-text\"> \"Alian\u00e7a L\u00e1ctea Sul-Brasileira avalia plano conjunto de incentivo \u00e0 exporta\u00e7\u00e3o da Regi\u00e3o Sul\"<\/span><\/a><\/p>\n","protected":false},"author":3,"featured_media":9109,"comment_status":"open","ping_status":"open","sticky":false,"template":"","format":"standard","meta":{"ngg_post_thumbnail":0,"footnotes":""},"categories":[18,31],"tags":[41,47,76],"class_list":{"0":"post-9108","1":"post","2":"type-post","3":"status-publish","4":"format-standard","5":"has-post-thumbnail","7":"category-noticias","8":"category-noticias-sindilat-tv","9":"tag-leite","10":"tag-setor-lacteo","11":"tag-setor-leiteiro","12":"h-entry","13":"hentry","14":"h-as-article"},"_links":{"self":[{"href":"https:\/\/www.sindilat.com.br\/site\/wp-json\/wp\/v2\/posts\/9108","targetHints":{"allow":["GET"]}}],"collection":[{"href":"https:\/\/www.sindilat.com.br\/site\/wp-json\/wp\/v2\/posts"}],"about":[{"href":"https:\/\/www.sindilat.com.br\/site\/wp-json\/wp\/v2\/types\/post"}],"author":[{"embeddable":true,"href":"https:\/\/www.sindilat.com.br\/site\/wp-json\/wp\/v2\/users\/3"}],"replies":[{"embeddable":true,"href":"https:\/\/www.sindilat.com.br\/site\/wp-json\/wp\/v2\/comments?post=9108"}],"version-history":[{"count":1,"href":"https:\/\/www.sindilat.com.br\/site\/wp-json\/wp\/v2\/posts\/9108\/revisions"}],"predecessor-version":[{"id":9110,"href":"https:\/\/www.sindilat.com.br\/site\/wp-json\/wp\/v2\/posts\/9108\/revisions\/9110"}],"wp:featuredmedia":[{"embeddable":true,"href":"https:\/\/www.sindilat.com.br\/site\/wp-json\/wp\/v2\/media\/9109"}],"wp:attachment":[{"href":"https:\/\/www.sindilat.com.br\/site\/wp-json\/wp\/v2\/media?parent=9108"}],"wp:term":[{"taxonomy":"category","embeddable":true,"href":"https:\/\/www.sindilat.com.br\/site\/wp-json\/wp\/v2\/categories?post=9108"},{"taxonomy":"post_tag","embeddable":true,"href":"https:\/\/www.sindilat.com.br\/site\/wp-json\/wp\/v2\/tags?post=9108"}],"curies":[{"name":"wp","href":"https:\/\/api.w.org\/{rel}","templated":true}]}}