{"id":7710,"date":"2021-08-20T14:37:57","date_gmt":"2021-08-20T14:37:57","guid":{"rendered":"http:\/\/www.sindilat.com.br\/site\/?p=7710"},"modified":"2021-08-20T19:11:29","modified_gmt":"2021-08-20T19:11:29","slug":"20-08-2021","status":"publish","type":"post","link":"https:\/\/www.sindilat.com.br\/site\/2021\/08\/20\/20-08-2021\/","title":{"rendered":"20\/08\/2021"},"content":{"rendered":"<figure class=\"wp-block-image\" style=\"text-align: justify;\"><img loading=\"lazy\" decoding=\"async\" class=\"\" src=\"https:\/\/dl.dnzdns.com\/v\/uuURf8ABF0257\" alt=\"Newsletter Sindilat_RS\" width=\"1159\" height=\"207\"><\/figure>\r\n<!-- \/wp:post-content -->\r\n\r\n<!-- wp:paragraph -->\r\n<p style=\"text-align: justify;\">Porto Alegre,&nbsp; 20 de agosto de 2021&nbsp; &nbsp; &nbsp; &nbsp; &nbsp; &nbsp; &nbsp; &nbsp; &nbsp; &nbsp; &nbsp; &nbsp; &nbsp; &nbsp; &nbsp; &nbsp; &nbsp; &nbsp; &nbsp; &nbsp; &nbsp; &nbsp; &nbsp; &nbsp; &nbsp; &nbsp; &nbsp; &nbsp;Ano 15 - N\u00b0 3.484<\/p>\r\n<!-- \/wp:paragraph -->\r\n\r\n<!-- wp:paragraph -->\r\n<div style=\"text-align: justify;\"><hr>\r\n<div>\r\n<div>\r\n<p><strong>Acesso \u00e0 Expointer<\/strong><\/p>\r\n<p>No ano em que as bilheterias da 44\u00aa Expointer ser\u00e3o exclusivamente online, a empresa contratada para a opera\u00e7\u00e3o ter\u00e1 a tarefa de desenvolver um portal para a aquisi\u00e7\u00e3o dos visitantes. No espa\u00e7o criado tamb\u00e9m estar\u00e1 o formul\u00e1rio de sa\u00fade, a ser preenchido por quem for ao evento, no parque Assis Brasil, em Esteio, entre 4 e 12 de setembro. O preg\u00e3o eletr\u00f4nico para a disputa (via termo de dispensa de licita\u00e7\u00e3o) est\u00e1 marcado para hoje.<\/p>\r\n<p>Conforme o documento, a vencedora tem de iniciar a venda das entradas no m\u00ednimo uma semana antes do in\u00edcio do evento - ou seja, no dia 28 de agosto. Neste ano, o valor m\u00ednimo da disputa come\u00e7a em R$ 464 mil. A escolhida ser\u00e1 a que apresentar a maior oferta pelo direito de presta\u00e7\u00e3o de servi\u00e7o. Interessadas em participar podem apresentar suas propostas nesta sexta.<\/p>\r\n<p>Subsecret\u00e1rio do parque Assis Brasil, Gabriel Foga\u00e7a explica que o valor de partida foi calculado com base na receita l\u00edquida obtida pelo Estado com a bilheteria na edi\u00e7\u00e3o de 2019, sendo proporcional ao p\u00fablico - que estar\u00e1 limitado a 15 mil pessoas por dia - e descontada a infla\u00e7\u00e3o. Uma outra tentativa j\u00e1 havia sido feita, com o recebimento de propostas, mas acabou n\u00e3o fechando.<\/p>\r\n<p>Para adquirir o ingresso, o visitante ter\u00e1 de fazer um cadastro, preencher um formul\u00e1rio sobre sua condi\u00e7\u00e3o de sa\u00fade e fazer o pagamento. Feito isso, ser\u00e1 gerado um QR Code para o acesso ao parque. Foga\u00e7a estima que em pelo menos cinco dos nove dias da feira possa se chegar ao p\u00fablico m\u00e1ximo: nos finais de semana e no feriado de 7 de setembro. (Zero Hora)<\/p>\r\n<\/div>\r\n<\/div>\r\n<\/div>\r\n<div style=\"text-align: justify;\">\r\n<div><hr><\/div>\r\n<\/div>\r\n<div style=\"text-align: justify;\">\r\n<p><strong>Energia solar pode reduzir 90% dos custos com eletricidade na propriedade rural<\/strong><br><br>Fonte de vida para o planeta, o sol tamb\u00e9m \u00e9 um recurso capaz de ajudar as propriedades rurais no funcionamento de equipamentos el\u00e9tricos e aliviando as despesas. Estamos falando da energia solar, uma ferramenta com potencial para reduzir em at\u00e9 90% os gastos na conta de luz, segundo a ABSOLAR (Associa\u00e7\u00e3o Brasileira de Energia Solar Fotovoltaica).<\/p>\r\n<p>Nesta quinta-feira, 19, a tamb\u00e9m chamada de energia fotovoltaica foi tema da Caravana Fam\u00edlia Na\u00e7\u00e3o Agro, projeto do SENAR-SP (Servi\u00e7o Nacional de Aprendizagem Rural de S\u00e3o Paulo), que desembarcou em Campos de Holambra, no munic\u00edpio de Paranapanema (SP). A palestra ministrada por Lucas Mazeto, engenheiro eletricista, foi transmitida ao vivo pelo YouTube do Canal Rural.<\/p>\r\n<p>Ao p\u00fablico, que voltou seguindo todos os protocolos de seguran\u00e7a, o especialista explicou as vantagens de se investir em energia solar. \u201cEssa \u00e9 uma energia renov\u00e1vel. O sol se p\u00f5e \u00e0s 18h, mas \u00e0s 6h da manh\u00e3 j\u00e1 est\u00e1 de volta. \u00c9 como ter algu\u00e9m trabalhando de gra\u00e7a para voc\u00ea\u201d, disse Mazeto. De acordo com ele, esse tipo de energia pode sustentar a propriedade e ainda enviar as sobras para a grade da distribuidora p\u00fablica, o que quase zera os gastos.<br><br>Al\u00e9m disso, Mazeto afirma que o momento \u00e9 positivo para o produtor fazer a implanta\u00e7\u00e3o da energia solar, uma vez que h\u00e1 mais de 60 linhas de cr\u00e9dito dispon\u00edveis. Em um exemplo pr\u00e1tico, o palestrante mostrou como um investimento de R$ 450 mil pode gerar economia de 10 milh\u00f5es de reais gastos com a conta de luz tradicional em um per\u00edodo de 30 anos.<\/p>\r\n<p>Ou seja, \u00e9 um investimento que n\u00e3o somente se paga, como tamb\u00e9m possibilita sobras no or\u00e7amento para que o produtor rural possa destinar para outras \u00e1reas da propriedade.<\/p>\r\n<p><span style=\"text-decoration: underline;\">Utilizando energia solar<\/span><br>Para refor\u00e7ar o impacto dos benef\u00edcios oferecidos pela energia solar ao meio rural, o produtor Gabriel Damasio subiu ao palco e contou sua experi\u00eancia com essa tecnologia. \u201cFaz 6 meses que n\u00f3s instalamos o sistema de produ\u00e7\u00e3o fotovoltaica, mas j\u00e1 quer\u00edamos ter instalado h\u00e1 8 anos. S\u00f3 que naquele momento a legisla\u00e7\u00e3o n\u00e3o estava bem definida\u201d, lembrou ele, que tamb\u00e9m por quest\u00f5es financeiras teve de adiar o sonho da sustentabilidade.<\/p>\r\n<p>Com um parque solar de 220 pain\u00e9is solares em sua propriedade, Damasio revelou que consegue atender a toda a demanda de suas atividades, bem como enviar a energia excedente \u00e0 grade para receber cr\u00e9ditos. \u201cA implanta\u00e7\u00e3o do parque foi um processo tranquilo. Escolhemos um pessoal bem profissional e fizemos a implanta\u00e7\u00e3o no terreno e n\u00e3o nos barrac\u00f5es para facilitar a limpeza e manuten\u00e7\u00e3o\u201d, detalhou ele.<\/p>\r\n<p>Conforme o produtor, o sistema pode ser bem pr\u00e1tico de se manusear e todos os equipamentos possuem garantia, o que d\u00e1 suporte em caso de alguma necessidade. Para mais dicas sobre energia solar, assista \u00e0 Caravana completa <a href=\"https:\/\/www.youtube.com\/watch?v=CpY9TAJB-e8&amp;t=3s\">CLICANDO AQUI<\/a>. (Fonte: Fam\u00edlia Na\u00e7\u00e3o Agro)<\/p>\r\n<p><br><strong>Emater\/RS: chuvas melhoram o crescimento e rebrote das pastagens<\/strong><\/p>\r\n<p>Na maior parte das regi\u00f5es, as chuvas que ocorreram proporcionaram o retorno da umidade do solo, melhorando o crescimento e rebrote das pastagens, aumentando a oferta de forragem aos animais.<\/p>\r\n<p>Apesar da maior oferta de alimentos a campo, os produtores seguem fornecendo alimentos conservados, como silagem e pr\u00e9-secados, visando a adequa\u00e7\u00e3o das dietas dos rebanhos.<\/p>\r\n<p>No aspecto sanit\u00e1rio, s\u00e3o realizados os controles contra parasitoses e as vacina\u00e7\u00f5es obrigat\u00f3rias, como da brucelose bovina e da raiva herb\u00edvora, essa \u00faltima nos locais indicados pelas Inspetorias de Defesa Agropecu\u00e1ria. As condi\u00e7\u00f5es do tempo, com temperaturas amenas, proporcionaram conforto t\u00e9rmico aos animais.<\/p>\r\n<p>Na regional de Santa Rosa, nas Miss\u00f5es, as propriedades menos tecnificadas, que n\u00e3o utilizam silagem de milho, est\u00e3o utilizando a cana-de-a\u00e7\u00facar como complemento \u00e0 dieta das vacas.<\/p>\r\n<p>Na regional de Bag\u00e9, na Campanha, com a melhoria gradual da oferta de azev\u00e9m e de trevos, alguns criadores diminu\u00edram ou suspenderam o uso de ra\u00e7\u00f5es comerciais substituindo-as por formula\u00e7\u00f5es caseiras a base de milho e sal mineral, visando a redu\u00e7\u00e3o do custo.<\/p>\r\n<p>Na regional de Soledade, iniciou semeadura de milho para silagem.<\/p>\r\n<p>Na regional de Iju\u00ed, a produ\u00e7\u00e3o de leite apresentou um aumento significativo, se comparado com o m\u00eas anterior.<\/p>\r\n<p>A qualidade do leite tamb\u00e9m apresentou significativa melhora, com destaque para o munic\u00edpio de Fortaleza dos Valos, no qual 98,5% dos produtores est\u00e3o atendendo as exig\u00eancias de qualidade do leite determinadas pelo MAPA. (As informa\u00e7\u00f5es s\u00e3o da Emater\/RS, adaptadas pela equipe MilkPoint)<\/p>\r\n<\/div>\r\n<div><hr><\/div>\r\n<!-- \/wp:paragraph -->\r\n\r\n<!-- wp:paragraph -->\r\n<p style=\"text-align: center;\"><strong>Jogo R\u00e1pido<\/strong><\/p>\r\n<p style=\"text-align: center;\"><strong><em>Previs\u00e3o de final de semana de calor, mas a partir de segunda (23) tem chuva na maioria das regi\u00f5es<\/em><\/strong><br><em>Os pr\u00f3ximos sete dias ter\u00e3o muita umidade no Rio Grande do Sul, de acordo com o Boletim Agrometeorol\u00f3gico n\u00ba 33\/2021, da Secretaria da Agricultura, Pecu\u00e1ria e Desenvolvimento Rural (SEAPDR) em parceria com a Emater e o Irga. Nesta sexta-feira (20), a propaga\u00e7\u00e3o de uma frente fria no mar vai provocar pancadas de chuva na maior parte do Estado, com possibilidade de temporais isolados. No s\u00e1bado (21) e domingo (22), o tempo firme vai predominar e o ingresso de ar quente favorecer\u00e1 a ocorr\u00eancia de temperaturas elevadas na maioria das \u00e1reas. Apenas na Campanha e na Zona Sul permanecer\u00e1 a possibilidade de chuvas isoladas. Entre a segunda (23) e a quarta-feira (25), a presen\u00e7a de um cavado, uma \u00e1rea de baixa press\u00e3o alongada, e a propaga\u00e7\u00e3o de uma frente fria manter\u00e3o a nebulosidade e as pancadas de chuva na maioria das regi\u00f5es, com possibilidade de temporais isolados. Os volumes previstos dever\u00e3o ser oscilar entre 10 e 20 mm na maior parte do Estado. Entre a Campanha e a Zona Sul, os totais oscilar\u00e3o entre 25 e 50 mm, mas poder\u00e3o superar 70 mm em algumas localidades. Veja o Boletim Integrado Agrometeorol\u00f3gico 33\/2021 completo <a href=\"https:\/\/www.agricultura.rs.gov.br\/previsao-de-final-de-semana-de-calor-mas-a-partir-de-segunda-23-tem-chuva-na-maioria-das-regioes?utm_campaign=Newsletter+Sindilat%2FRS&amp;utm_content=Previs%C3%A3o+de+final+de+semana+de+calor%2C+mas+a+partir+de+segunda+%2823%29+tem+chuva+na+maioria+das+regi%C3%B5es+-+Secretaria+da+Agricultura%2C+Pecu%C3%A1ria+e+Desenvolvimento+Rural+%281%29&amp;utm_medium=email&amp;utm_source=EmailMarketing&amp;utm_term=Newsletter+Sindilat+20%2F08%2F2021\">clicando aqui<\/a>. (SEAPDR)<\/em><\/p>\r\n<hr>\r\n<p>&nbsp;<\/p>","protected":false},"excerpt":{"rendered":"<p>Porto Alegre,&nbsp; 20 de agosto de 2021&nbsp; &nbsp; &nbsp; &nbsp; &nbsp; &nbsp; &nbsp; &nbsp; &nbsp; &nbsp; &nbsp; &nbsp; &nbsp; &nbsp; &nbsp; &nbsp; &nbsp; &nbsp; &nbsp; &nbsp; &nbsp; &nbsp; &nbsp; &nbsp; &nbsp; &nbsp; &nbsp; &nbsp;Ano 15 - N\u00b0 3.484 Acesso \u00e0 Expointer No ano em que as bilheterias da 44\u00aa Expointer ser\u00e3o exclusivamente online, a empresa <a href=\"https:\/\/www.sindilat.com.br\/site\/2021\/08\/20\/20-08-2021\/\" class=\"more-link\">...continuar lendo<span class=\"screen-reader-text\"> \"20\/08\/2021\"<\/span><\/a><\/p>\n","protected":false},"author":2,"featured_media":0,"comment_status":"open","ping_status":"open","sticky":false,"template":"","format":"standard","meta":{"ngg_post_thumbnail":0,"footnotes":""},"categories":[28],"tags":[],"class_list":{"0":"post-7710","1":"post","2":"type-post","3":"status-publish","4":"format-standard","6":"category-newsletter","7":"h-entry","8":"hentry","9":"h-as-article"},"_links":{"self":[{"href":"https:\/\/www.sindilat.com.br\/site\/wp-json\/wp\/v2\/posts\/7710","targetHints":{"allow":["GET"]}}],"collection":[{"href":"https:\/\/www.sindilat.com.br\/site\/wp-json\/wp\/v2\/posts"}],"about":[{"href":"https:\/\/www.sindilat.com.br\/site\/wp-json\/wp\/v2\/types\/post"}],"author":[{"embeddable":true,"href":"https:\/\/www.sindilat.com.br\/site\/wp-json\/wp\/v2\/users\/2"}],"replies":[{"embeddable":true,"href":"https:\/\/www.sindilat.com.br\/site\/wp-json\/wp\/v2\/comments?post=7710"}],"version-history":[{"count":4,"href":"https:\/\/www.sindilat.com.br\/site\/wp-json\/wp\/v2\/posts\/7710\/revisions"}],"predecessor-version":[{"id":7715,"href":"https:\/\/www.sindilat.com.br\/site\/wp-json\/wp\/v2\/posts\/7710\/revisions\/7715"}],"wp:attachment":[{"href":"https:\/\/www.sindilat.com.br\/site\/wp-json\/wp\/v2\/media?parent=7710"}],"wp:term":[{"taxonomy":"category","embeddable":true,"href":"https:\/\/www.sindilat.com.br\/site\/wp-json\/wp\/v2\/categories?post=7710"},{"taxonomy":"post_tag","embeddable":true,"href":"https:\/\/www.sindilat.com.br\/site\/wp-json\/wp\/v2\/tags?post=7710"}],"curies":[{"name":"wp","href":"https:\/\/api.w.org\/{rel}","templated":true}]}}