{"id":7696,"date":"2021-08-18T20:14:12","date_gmt":"2021-08-18T20:14:12","guid":{"rendered":"http:\/\/www.sindilat.com.br\/site\/?p=7696"},"modified":"2021-08-18T20:17:32","modified_gmt":"2021-08-18T20:17:32","slug":"18-08-2021","status":"publish","type":"post","link":"https:\/\/www.sindilat.com.br\/site\/2021\/08\/18\/18-08-2021\/","title":{"rendered":"18\/08\/2021"},"content":{"rendered":"<figure class=\"wp-block-image\" style=\"text-align: justify;\"><img loading=\"lazy\" decoding=\"async\" class=\"\" src=\"https:\/\/dl.dnzdns.com\/v\/uuURf8ABF0257\" alt=\"Newsletter Sindilat_RS\" width=\"1159\" height=\"207\"><\/figure>\r\n<!-- \/wp:post-content -->\r\n\r\n<!-- wp:paragraph -->\r\n<p>&nbsp;<\/p>\r\n<p style=\"text-align: justify;\">Porto Alegre,&nbsp; 18 de agosto de 2021&nbsp; &nbsp; &nbsp; &nbsp; &nbsp; &nbsp; &nbsp; &nbsp; &nbsp; &nbsp; &nbsp; &nbsp; &nbsp; &nbsp; &nbsp; &nbsp; &nbsp; &nbsp; &nbsp; &nbsp; &nbsp; &nbsp; &nbsp; &nbsp; &nbsp; &nbsp; &nbsp; &nbsp;Ano 15 - N\u00b0 3.482<\/p>\r\n<!-- \/wp:paragraph -->\r\n\r\n<!-- wp:paragraph -->\r\n<div style=\"text-align: justify;\"><hr>\r\n<div><b>Governo do Estado lan\u00e7a Expointer 2021 em clima de supera\u00e7\u00e3o e reinven\u00e7\u00e3o<br><br><\/b>O governo do Rio Grande do Sul lan\u00e7ou, nesta quarta-feira (18\/8), a 44\u00aa edi\u00e7\u00e3o da Expointer em clima de supera\u00e7\u00e3o e de reinven\u00e7\u00e3o. Durante seu discurso no Pal\u00e1cio Piratini, em Porto Alegre (RS), a secret\u00e1ria da Agricultura, Silvana Covatti, afirmou estar otimista em rela\u00e7\u00e3o \u00e0 feira. Essa motiva\u00e7\u00e3o \u00e9 resultante do momento vivido pelo agroneg\u00f3cio do Estado, que recentemente recebeu o certificado internacional de zona livre da febre aftosa sem vacina\u00e7\u00e3o e que produziu uma safra recorde de gr\u00e3os no ver\u00e3o. \u201cEspero e tenho certeza que todos n\u00f3s vamos vivenciar um grande evento\u201d, ressaltou.&nbsp;<br><br>No lan\u00e7amento, o Sindicato da Ind\u00fastria de Latic\u00ednios do Rio Grande do Sul (Sindilat\/RS) foi representado pelo seu secret\u00e1rio-executivo, Darlan Palharini, que acompanhou o evento de forma virtual atrav\u00e9s do canal no YouTube do Governo. Segundo ele, o Sindilat deve marcar presen\u00e7a na Expointer deste ano, no entanto, de forma institucional. \u201cN\u00f3s estaremos com a nossa casa aberta no parque, mas sem a realiza\u00e7\u00e3o das tradicionais atividades dos anos anteriores. Entendemos que ainda s\u00e3o necess\u00e1rios cuidados em rela\u00e7\u00e3o \u00e0 pandemia\u201d, afirmou. A exposi\u00e7\u00e3o ocorrer\u00e1 de 4 a 12 de setembro com p\u00fablico limitado de at\u00e9 15 mil visitantes por dia.&nbsp;<br><br>De acordo com Silvana, ser\u00e3o rigorosos os cuidados na vigil\u00e2ncia e na sa\u00fade das pessoas ao longo da feira. Presente no lan\u00e7amento, que foi transmitido pelo canal no YouTube do Governo, a secret\u00e1ria da Sa\u00fade, Arita Bergmann, destacou que um plano operativo foi desenvolvido para que a exposi\u00e7\u00e3o \u201caconte\u00e7a com a maior seguran\u00e7a poss\u00edvel\u201d. As duas pastas trabalham juntas na realiza\u00e7\u00e3o do evento.<br><br>Em sua fala, o governador do Rio Grande do Sul, Eduardo Leite, salientou que a exposi\u00e7\u00e3o traduz dois tra\u00e7os do povo ga\u00facho: a supera\u00e7\u00e3o e a reinven\u00e7\u00e3o diante das dificuldades. \u201cA Expointer, mesmo sendo feita de um jeito diferente, n\u00e3o perde a sua alma. Uma alma empreendedora, integradora e de demonstra\u00e7\u00e3o da grande virtude do nosso Estado, da capacidade empreendedora da nossa gente\u201d, destacou em rela\u00e7\u00e3o ao evento de 2020 e de 2021.&nbsp;<a href=\"https:\/\/www.youtube.com\/watch?v=kl41NuSo8IQ\" data-cke-saved-href=\"https:\/\/www.youtube.com\/watch?v=kl41NuSo8IQ\">Assista o evento clicando aqui.<\/a>&nbsp;(Assessoria de imprensa Sindilat\/RS)<\/div>\r\n<\/div>\r\n<div style=\"text-align: justify;\">\r\n<div><hr><\/div>\r\n<\/div>\r\n<div style=\"text-align: justify;\"><b>\u201cQualidade do leite d\u00e1 oportunidade para a gente\u201d, diz produtor<br><\/b><br>Em 1996, o Minist\u00e9rio da Agricultura, Pecu\u00e1ria e Abastecimento iniciou um processo de cria\u00e7\u00e3o e implanta\u00e7\u00e3o de regulamentos e crit\u00e9rios t\u00e9cnicos para a produ\u00e7\u00e3o de leite no Brasil, o Plano Nacional de Melhoria e Qualidade do Leite (PNQL). Desde ent\u00e3o, esses processos \u2013 que envolviam quest\u00f5es sobre qualidade e higiene, entre outros fatores \u2013 se intensificaram.<br><br>Foram criadas instru\u00e7\u00f5es normativas (IN) para regulamentar a produ\u00e7\u00e3o, identidade, qualidade, coleta e transporte do leite tipo A, leite cru refrigerado e leite pasteurizado, tendo como objetivo principal a garantia de um leite de qualidade ao mercado consumidor. Alguns par\u00e2metros s\u00e3o observados na an\u00e1lise, como contagem de c\u00e9lulas som\u00e1ticas (CCS) e contagem bacteriana total (CBT). O Minist\u00e9rio da Agricultura editou recentemente as IN 76 e 77, readequando, entre outras resolu\u00e7\u00f5es, os par\u00e2metros de CCS e CBT, o que relaciona o rebanho leiteiro com sanidade e qualidade no leite, o que est\u00e1 diretamente relacionado com a remunera\u00e7\u00e3o ao produtor.<br><br>O Servi\u00e7o Nacional de Aprendizagem Rural (Senar-RS) \u00e9 ponto de apoio aos produtores para o atingimento dos requisitos sanit\u00e1rios adequados para a coleta, produ\u00e7\u00e3o e comercializa\u00e7\u00e3o do produto. Cursos como Manejo da Ordenha e Qualidade do Leite, programas como Leitec, ATeG Leite e as consultorias t\u00e9cnicas individuais (CTIs), dentro do espectro do programa Juntos para Competir (JPC), colaboram na cria\u00e7\u00e3o de novas rotinas.<br><br>\u201cO que favorece um bom \u00edndice de CBT \u00e9 a higiene. Higiene do animal, do \u00fabere, da ordenha, da ordenhadeira e um eficiente e r\u00e1pido resfriamento do leite. Al\u00e9m da manuten\u00e7\u00e3o do frio para manter as bact\u00e9rias em n\u00edveis baixos. J\u00e1 a CCS \u00e9 um pouquinho mais complicada. Temos de observar os ambientes onde a vaca vive, onde ela deita, onde ela se alimenta. Precisamos evitar qualquer agress\u00e3o ou risco de contamina\u00e7\u00e3o ao \u00fabere\u201d, diz o m\u00e9dico veterin\u00e1rio e instrutor do Senar-RS Orlando Bohrer.<br><br>O especialista explica que os cursos do Senar dedicam parte de seus conte\u00fados a ressaltar a import\u00e2ncia de um protocolo de limpeza e higiene que vai desde a sala de ordenha at\u00e9 os tanques de resfriamento. A import\u00e2ncia da \u00e1gua aquecida e at\u00e9 dos detergentes alcalinos e \u00e1cidos s\u00e3o mencionados.<br><br>Na CTI de higiene e qualidade do leite, um veterin\u00e1rio vai \u00e0 propriedade e acompanha o processo de ordenha do princ\u00edpio ao final, indicando erros e acertos \u2013 como o modo de higienizar \u00faberes, ordenhadeiras e resfriadores, por exemplo. Ele tamb\u00e9m far\u00e1 uma an\u00e1lise da qualidade do produto, que depois servir\u00e1 de termo de compara\u00e7\u00e3o com os boletins emitidos pela ind\u00fastria a cada compra. (Edairy)<br><br><br><br><br><b>Crescem os investimentos do setor agropecu\u00e1rio em energia solar<br><\/b><br>Os investimentos do setor agropecu\u00e1rio em energia solar no Brasil, que somaram R$ 1,26 bilh\u00e3o entre 2013 e 2019, ganharam tra\u00e7\u00e3o e chegaram a R$ 1,67 bilh\u00e3o apenas em 2020. O levantamento, da Associa\u00e7\u00e3o Brasileira de Energia Solar Fotovoltaica (Absolar), mostra, ainda, que no primeiro semestre deste ano o montante superou R$ 1,1 bilh\u00e3o, al\u00e7ando o total j\u00e1 aplicado a R$ 4,04 bilh\u00f5es.<br><br>Nas contas da Absolar, de 2012 ao fim de julho deste ano os investimentos em energia solar no Brasil atingiram R$ 32,21 bilh\u00f5es, incluindo todos os setores. A participa\u00e7\u00e3o do agro, assim, representou 12,5% do total no per\u00edodo. Em pot\u00eancia gerada, o agro representa 13,3% atualmente, com 839 megawatts (MW) dos 6.310 MW totais.<br><br>Segundo o presidente da Absolar, Rodrigo Sauaia, diversos fatores contribu\u00edram para o forte crescimento da energia solar no campo desde 2020, mas o principal deles \u00e9 o fato de que o Brasil ainda est\u00e1 muito atrasado nessa frente.<br><br>Sauaia disse que o produtor rural tem \u201cdespertado\u201d para a economia que essa tecnologia pode representar, e para a previsibilidade de custos que ela oferece. O executivo lembra que energia solar pode ser usada desde a irriga\u00e7\u00e3o das lavouras at\u00e9 a refrigera\u00e7\u00e3o do leite, entre muitas outras finalidades. De acordo com ele, a tecnologia tamb\u00e9m pode ajudar o agroneg\u00f3cio a atender \u00e0 demanda dos consumidores por produtos mais sustent\u00e1veis.<br><br>Por fim, o presidente da Absolar real\u00e7a que os investimentos tamb\u00e9m v\u00eam aumentando com a abertura de novas linhas de cr\u00e9dito dentro do Plano Safra. Nesta temporada 2021\/22, a linha de Agricultura de Baixo Carbono (ABC) conta com recursos para investimento em energia solar, bem como o Inovagro, o Prodecoop (m\u00e9dios produtores) e o Pronaf (agricultura familiar). E tamb\u00e9m h\u00e1 linhas dispon\u00edveis em bancos p\u00fablicos e privados e em cooperativas. (As informa\u00e7\u00f5es s\u00e3o do Valor Econ\u00f4mico, adaptadas pela Equipe MilkPoint)<\/div>\r\n<div><hr><\/div>\r\n<!-- \/wp:paragraph -->\r\n\r\n<!-- wp:paragraph -->\r\n<p style=\"text-align: center;\"><strong>Jogo R\u00e1pido<\/strong><\/p>\r\n<p style=\"text-align: center;\"><i><b>Secret\u00e1rio-executivo do Sindilat participou de live no Canal TV CCM<br><\/b>O secret\u00e1rio-executivo do Sindicato da Ind\u00fastria de Latic\u00ednios do RS (Sindilat), Darlan Palharini, participou, nesta ter\u00e7a-feira (17\/8), de live realizada no Canal TV CCM - Cr\u00f4nicas do Celeiro do Mundo. O dirigente falou sobre a pecu\u00e1ria leiteira no Rio Grande do Sul, al\u00e9m de importa\u00e7\u00f5es e exporta\u00e7\u00f5es de l\u00e1cteos.&nbsp; Na live, Palharini tamb\u00e9m discorreu sobre a preocupa\u00e7\u00e3o do segmento com os produtos fabricados a partir de laborat\u00f3rio e que usam a nomenclatura das prote\u00ednas (l\u00e1cteos e carnes), chamado de Plant Based. Segundo ele, \"o setor precisa conhecer mais sobre essas amea\u00e7as ou oportunidades\". A live completa est\u00e1 dispon\u00edvel no canal no YouTube da TV CCM<a href=\"https:\/\/www.youtube.com\/watch?v=hLKQfOko2c8\" data-cke-saved-href=\"https:\/\/www.youtube.com\/watch?v=hLKQfOko2c8\">&nbsp;clicando aqui.<\/a>&nbsp;(Assessoria de Imprensa Sindilat\/RS)<\/i><\/p>\r\n<hr>\r\n<p>&nbsp;<\/p>","protected":false},"excerpt":{"rendered":"<p>&nbsp; Porto Alegre,&nbsp; 18 de agosto de 2021&nbsp; &nbsp; &nbsp; &nbsp; &nbsp; &nbsp; &nbsp; &nbsp; &nbsp; &nbsp; &nbsp; &nbsp; &nbsp; &nbsp; &nbsp; &nbsp; &nbsp; &nbsp; &nbsp; &nbsp; &nbsp; &nbsp; &nbsp; &nbsp; &nbsp; &nbsp; &nbsp; &nbsp;Ano 15 - N\u00b0 3.482 Governo do Estado lan\u00e7a Expointer 2021 em clima de supera\u00e7\u00e3o e reinven\u00e7\u00e3o O governo do Rio <a href=\"https:\/\/www.sindilat.com.br\/site\/2021\/08\/18\/18-08-2021\/\" class=\"more-link\">...continuar lendo<span class=\"screen-reader-text\"> \"18\/08\/2021\"<\/span><\/a><\/p>\n","protected":false},"author":2,"featured_media":0,"comment_status":"open","ping_status":"open","sticky":false,"template":"","format":"standard","meta":{"ngg_post_thumbnail":0,"footnotes":""},"categories":[28],"tags":[],"class_list":{"0":"post-7696","1":"post","2":"type-post","3":"status-publish","4":"format-standard","6":"category-newsletter","7":"h-entry","8":"hentry","9":"h-as-article"},"_links":{"self":[{"href":"https:\/\/www.sindilat.com.br\/site\/wp-json\/wp\/v2\/posts\/7696","targetHints":{"allow":["GET"]}}],"collection":[{"href":"https:\/\/www.sindilat.com.br\/site\/wp-json\/wp\/v2\/posts"}],"about":[{"href":"https:\/\/www.sindilat.com.br\/site\/wp-json\/wp\/v2\/types\/post"}],"author":[{"embeddable":true,"href":"https:\/\/www.sindilat.com.br\/site\/wp-json\/wp\/v2\/users\/2"}],"replies":[{"embeddable":true,"href":"https:\/\/www.sindilat.com.br\/site\/wp-json\/wp\/v2\/comments?post=7696"}],"version-history":[{"count":6,"href":"https:\/\/www.sindilat.com.br\/site\/wp-json\/wp\/v2\/posts\/7696\/revisions"}],"predecessor-version":[{"id":7702,"href":"https:\/\/www.sindilat.com.br\/site\/wp-json\/wp\/v2\/posts\/7696\/revisions\/7702"}],"wp:attachment":[{"href":"https:\/\/www.sindilat.com.br\/site\/wp-json\/wp\/v2\/media?parent=7696"}],"wp:term":[{"taxonomy":"category","embeddable":true,"href":"https:\/\/www.sindilat.com.br\/site\/wp-json\/wp\/v2\/categories?post=7696"},{"taxonomy":"post_tag","embeddable":true,"href":"https:\/\/www.sindilat.com.br\/site\/wp-json\/wp\/v2\/tags?post=7696"}],"curies":[{"name":"wp","href":"https:\/\/api.w.org\/{rel}","templated":true}]}}