{"id":7684,"date":"2021-08-17T20:31:21","date_gmt":"2021-08-17T20:31:21","guid":{"rendered":"http:\/\/www.sindilat.com.br\/site\/?p=7684"},"modified":"2021-08-17T20:34:55","modified_gmt":"2021-08-17T20:34:55","slug":"17-08-2021","status":"publish","type":"post","link":"https:\/\/www.sindilat.com.br\/site\/2021\/08\/17\/17-08-2021\/","title":{"rendered":"17\/08\/2021"},"content":{"rendered":"<figure class=\"wp-block-image\" style=\"text-align: justify;\"><img loading=\"lazy\" decoding=\"async\" class=\"\" src=\"https:\/\/dl.dnzdns.com\/v\/uuURf8ABF0257\" alt=\"Newsletter Sindilat_RS\" width=\"1159\" height=\"207\"><\/figure>\r\n<!-- \/wp:post-content -->\r\n\r\n<!-- wp:paragraph -->\r\n<p style=\"text-align: justify;\">Porto Alegre,&nbsp; 17 de agosto de 2021&nbsp; &nbsp; &nbsp; &nbsp; &nbsp; &nbsp; &nbsp; &nbsp; &nbsp; &nbsp; &nbsp; &nbsp; &nbsp; &nbsp; &nbsp; &nbsp; &nbsp; &nbsp; &nbsp; &nbsp; &nbsp; &nbsp; &nbsp; &nbsp; &nbsp; &nbsp; &nbsp; &nbsp;Ano 15 - N\u00b0 3.481<\/p>\r\n<!-- \/wp:paragraph -->\r\n\r\n<!-- wp:paragraph -->\r\n<div style=\"text-align: justify;\"><hr>\r\n<div><b>A\u00e7\u00f5es educativas como parte do protocolo sanit\u00e1rio da Expointer<br><\/b><br>Como parte das a\u00e7\u00f5es planejadas para a Expointer deste ano, a Secretaria da Sa\u00fade viabilizou a antecipa\u00e7\u00e3o da vacina contra a covid-19 para trabalhadores que ficar\u00e3o no parque Assis Brasil, em Esteio, durante os nove dias da exposi\u00e7\u00e3o. Para receber a dose \u00e9 necess\u00e1rio preencher um documento de trabalho presencial, conforme modelo divulgado pela pasta em informe t\u00e9cnico.<br><br>L\u00e1 tamb\u00e9m aparece o indicativo, com base em informa\u00e7\u00f5es recebidas pelos organizadores da exposi\u00e7\u00e3o, do n\u00famero de pessoas que poderiam buscar as unidades de sa\u00fade para receber a vacina: pelo menos 1.226. H\u00e1 ainda a listagem por munic\u00edpio, que serve de refer\u00eancia, mas n\u00e3o \u00e9 um limite de aplica\u00e7\u00e3o.<br><br>A diretora do Centro Estadual de Vigil\u00e2ncia em Sa\u00fade (CEVS), Cynthia Molina Bastos, explica que, tendo o documento de trabalho em m\u00e3os, \u00e9 poss\u00edvel receber a aplica\u00e7\u00e3o.<br><br>At\u00e9 porque, a antecipa\u00e7\u00e3o do recebimento das doses \u00e9 uma op\u00e7\u00e3o, n\u00e3o uma exig\u00eancia. O necess\u00e1rio para ingresso\/credenciamento dos trabalhadores \u00e9 o teste negativo de RT-PCR ou ant\u00edgeno realizado, no m\u00e1ximo, nas 72 horas anteriores. A vacina\u00e7\u00e3o n\u00e3o substitui os cuidados necess\u00e1rios como a higieniza\u00e7\u00e3o das m\u00e3os, o uso de m\u00e1scaras e o distanciamento.<br><br>Cynthia explica que a feira tamb\u00e9m ser\u00e1 um espa\u00e7o para levar informa\u00e7\u00e3o, de um jeito leve, sobre a pandemia. Como a repeti\u00e7\u00e3o da experi\u00eancia feita pela atriz Leandra Leal, que viralizou nas redes sociais, em que ela mostra como a m\u00e1scara protege quando um p\u00f3 colorido \u00e9 jogado sobre o rosto.<br><br>Os hor\u00e1rios e o local em que a demonstra\u00e7\u00e3o ser\u00e1 feita ainda est\u00e3o sendo definidos. Uma outra a\u00e7\u00e3o, em parceria com a Secretaria da Educa\u00e7\u00e3o, vai distribuir materiais pedag\u00f3gicos para crian\u00e7as. S\u00e3o atividades como jogo dos sete erros e ca\u00e7a-palavras, com a tem\u00e1tica de medidas de preven\u00e7\u00e3o ao v\u00edrus.<br><br>Entre os protocolos adotados para per\u00edodo da feira, de 4 a 12 de setembro: limita\u00e7\u00e3o do p\u00fablico a 15 mil pessoas por dia, venda de ingressos online e mediante o preenchimento de formul\u00e1rio, uso obrigat\u00f3rio de m\u00e1scara, coloca\u00e7\u00e3o de dispensers de \u00e1lcool gel e lavat\u00f3rios de m\u00e3os em pontos estrat\u00e9gicos do parque, etc.<br><br>Tamb\u00e9m haver\u00e1 150 monitores treinados pela Sa\u00fade circulando pela feira com abordagem educativa sobre a preven\u00e7\u00e3o contra a covid-19. (Zero Hora)<\/div>\r\n<\/div>\r\n<div style=\"text-align: justify;\">\r\n<div><hr><\/div>\r\n<\/div>\r\n<div style=\"text-align: justify;\"><b>Gdt - Global Dairy Trade&nbsp;<br><\/b><br><img decoding=\"async\" src=\"https:\/\/dl.dnzdns.com\/v\/iWLJ81ABF0150\" alt=\"\" data-cke-saved-src=\"https:\/\/dl.dnzdns.com\/v\/iWLJ81ABF0150\"><br><br>Fonte: Global Dairy Trade \u2013 Adaptado Sindilat\/RS<br><br><br><br><br><br><b>Chile - Setor l\u00e1cteo avan\u00e7a rumo ao CARBONO ZERO<br><\/b><br>Chile \u2013 Na pr\u00e9-Summit, a prepara\u00e7\u00e3o para a C\u00fapula dos Sistemas Alimentares da Organiza\u00e7\u00e3o das Na\u00e7\u00f5es Unidas (ONU) foi apresentada a iniciativa \u201cPathways to Dairy Net Zero\u201d (Caminho para um setor l\u00e1cteo Carbono Zero), que \u00e9 a primeira do tipo, para acelerar a a\u00e7\u00e3o contra as mudan\u00e7as clim\u00e1ticas em todo o setor l\u00e1cteo mundial.<br><br>\u201cPara o setor l\u00e1cteo chileno, esta iniciativa nos motiva e \u00e9 um est\u00edmulo para continuar fortalecendo as a\u00e7\u00f5es de sustentabilidade que estamos adotando. Trabalhamos estreitamente com a Plataforma Global Dairy e temos a certeza de que \u00e9 poss\u00edvel reduzir a intensidade das emiss\u00f5es de gases de efeito estufa (GEE) do nosso setor, que hoje representa menos de 1% das emiss\u00f5es nacionais, com a meta de chegar ao Carbono Zero. Existe determina\u00e7\u00e3o, a\u00e7\u00f5es concretas e uma agenda de trabalho entre institui\u00e7\u00f5es p\u00fablicas, centros de pesquisa e o setor produtivo para faz\u00ea-lo. \u201cN\u00f3s do Consorcio Lechero contribu\u00edmos com nossa agenda de Sustentabilidade: o Acordo de Produ\u00e7\u00e3o Limpa da Ind\u00fastria de Processamento de L\u00e1cteos Sustent\u00e1veis; o Padr\u00e3o de Sustentabilidade para Fazendas Leiteiras; e o projeto de Leiteria Circular, que apresentaremos em breve\u201d, destacou Sergio Niklitschek, presidente do Consorcio Lechero.<br><br>\u201cO setor l\u00e1cteo mundial est\u00e1 criando esta iniciativa inovadora para ajudar a acelerar a a\u00e7\u00e3o clim\u00e1tica que j\u00e1 est\u00e1 em andamento, enquanto continua proporcionando meio de vida para milh\u00f5es de pessoas e nutri\u00e7\u00e3o para 6 bilh\u00f5es de pessoas\u201d, disse Donald Moore, diretor executivo da Plataforma Global Dairy.<br><br>Um grupo m\u00faltiplo de organiza\u00e7\u00f5es, inclu\u00eddo no setor l\u00e1cteo mundial e representantes das comunidades cient\u00edficas e de pesquisa, est\u00e3o trabalhando juntos para desenvolver metodologias, ferramentas e vias que funcionem para todos os sistemas l\u00e1cteos.<br><br>\u201cPathways to Dairy Net Zero\u201d ser\u00e1 lan\u00e7ado oficialmente durante a C\u00fapula dos Sistemas Alimentares da ONU em setembro pr\u00f3ximo e tem como objetivo gerar compromisso na Confer\u00eancia de Mudan\u00e7as Clim\u00e1ticas da ONU, COP26, em novembro.<br><br>O setor l\u00e1cteo chileno avan\u00e7a em distintos projetos, diz Niklitschek, os que contribu\u00edram para conhecer e medir as emiss\u00f5es, como o liderado pelo Instituto Nacional de Pesquisa Agropecu\u00e1ria (INIA), com o qual se somam esfor\u00e7os para que o setor possa chegar \u00e0 meta de carbono zero.<br><br>\u201cEsses desafios somente podem ser superados com a colabora\u00e7\u00e3o. Essa \u00e9 a base da sustentabilidade, na qual a inter-rela\u00e7\u00e3o de a\u00e7\u00f5es e de vontades contribui para gerar avan\u00e7os concretos. E, no Chile, demos um passo para gerar mudan\u00e7as que cheguem \u00e0s metas globais, porque as mudan\u00e7as clim\u00e1ticas afeta todo o planeta\u201d<br><br>Nova pesquisa para orientar a iniciativa<br><br>Est\u00e3o sendo realizadas pesquisas para identificar onde \u00e9 poss\u00edvel uma a\u00e7\u00e3o positiva contra as mudan\u00e7as clim\u00e1ticas em todos os sistemas e regi\u00f5es de produ\u00e7\u00e3o de leite em todo o mundo. O estudo est\u00e1 sendo realizado pela Alian\u00e7a de Pesquisa Global sobre Gases de Efeito Estufa Agr\u00edcolas (GRA), a Organiza\u00e7\u00e3o das Na\u00e7\u00f5es Unidas para Alimenta\u00e7\u00e3o e Agricultura (FAO), o Col\u00e9gio Rural da Esc\u00f3cia e o Centro de Pesquisa de Gases de Efeito Estufa Agr\u00edcola da Nova Zel\u00e2ndia.<br><br>As descobertas preliminares foram:<br><br>*\u00c9 poss\u00edvel realizar mudan\u00e7as positivas em todos os sistemas e regi\u00f5es leiteiras. Ainda existe uma ampla variedade de sistemas de produ\u00e7\u00e3o a n\u00edvel mundial, existem oportunidades para que todos reduzam a intensidade das emiss\u00f5es de GEE.<br><br>*\u00c9 necess\u00e1ria a colabora\u00e7\u00e3o para reduzir as emiss\u00f5es do setor l\u00e1cteo. Muitos desafios relacionados com o clima, a pobreza e a desnutri\u00e7\u00e3o podem ser abordados mediante a ado\u00e7\u00e3o das melhores pr\u00e1ticas nos sistemas l\u00e1cteos similares.<br><br>*Reduzir o metano pode ser chave para obter resultados r\u00e1pidos. O metano, um GEE prim\u00e1rio produzido pelos ruminantes, tem um vida curta. Como resultado, a maior redu\u00e7\u00e3o do metano teria um efeito mais imediato sobre o aquecimento.<br><br>*Os l\u00e1cteos j\u00e1 contam com os meios para reduzir uma propor\u00e7\u00e3o significativa das emiss\u00f5es. A evid\u00eancia inicial sugere que as emiss\u00f5es podem ser reduzidas em at\u00e9 40% em alguns sistemas ao melhorar a produtividade e a efici\u00eancia no uso dos recursos.<br><br>*A defini\u00e7\u00e3o de terminologias e objetivos concentrar\u00e1 os esfor\u00e7os para obter melhores resultados<br><br>\u201cNossa an\u00e1lise inicial sugere que um uso mais amplo das tecnologias de mitiga\u00e7\u00e3o de GEE existentes ter\u00e1 um impacto importante na redu\u00e7\u00e3o das emiss\u00f5es do setor l\u00e1cteo no curto prazo, enquanto aguarda o desenvolvimento de inova\u00e7\u00f5es\u201d, disse Montgomery, representante especial de GRA. \u201cEsta iniciativa pode, em \u00faltima inst\u00e2ncia, atuar como um modelo para outros setores pecu\u00e1rios\u201d, acrescentou. (Mundo Agropecu\u00e1rio)<\/div>\r\n<div><hr><\/div>\r\n<!-- \/wp:paragraph -->\r\n\r\n<!-- wp:paragraph -->\r\n<p style=\"text-align: center;\"><strong>Jogo R\u00e1pido<\/strong><\/p>\r\n<p style=\"text-align: center;\"><i><b>Piracanjuba \u00e9 a vencedora do Trof\u00e9u Agroleite 2021<br><\/b>Pela primeira vez, a Piracanjuba \u00e9 a vencedora do Trof\u00e9u Agroleite 2021, importante pr\u00eamio nacional do setor leiteiro. O an\u00fancio foi feito durante cerim\u00f4nia on-line, reunindo centenas de grandes players do agroneg\u00f3cio. Ao sermos reconhecidos na categoria latic\u00ednios, com os melhores desempenhos e pr\u00e1ticas, recebemos incentivo para continuar nossa miss\u00e3o de gostar de fazer bem o que faz bem a tantos consumidores. O Trof\u00e9u Agroleite \u00e9 uma iniciativa da Castrolanda que, todos os anos, d\u00e1 destaque \u00e0s pr\u00e1ticas da cadeia leiteira de diferentes segmentos. Neste ano, o pr\u00eamio, al\u00e9m de in\u00e9dito no nosso acervo, tem um significado especial, afinal, fomos destaque em uma \u00e9poca cheias de desafios para toda a cadeia e, em meio a esse cen\u00e1rio de incertezas, escolhemos seguir firmes, empregando milhares de colaboradores, estreitando relacionamento com in\u00fameros parceiros e levando alimentos com qualidade e sabor aos brasileiros. (Piracanjuba)<\/i><\/p>\r\n<hr>\r\n<p>&nbsp;<\/p>","protected":false},"excerpt":{"rendered":"<p>Porto Alegre,&nbsp; 17 de agosto de 2021&nbsp; &nbsp; &nbsp; &nbsp; &nbsp; &nbsp; &nbsp; &nbsp; &nbsp; &nbsp; &nbsp; &nbsp; &nbsp; &nbsp; &nbsp; &nbsp; &nbsp; &nbsp; &nbsp; &nbsp; &nbsp; &nbsp; &nbsp; &nbsp; &nbsp; &nbsp; &nbsp; &nbsp;Ano 15 - N\u00b0 3.481 A\u00e7\u00f5es educativas como parte do protocolo sanit\u00e1rio da ExpointerComo parte das a\u00e7\u00f5es planejadas para a Expointer deste <a href=\"https:\/\/www.sindilat.com.br\/site\/2021\/08\/17\/17-08-2021\/\" class=\"more-link\">...continuar lendo<span class=\"screen-reader-text\"> \"17\/08\/2021\"<\/span><\/a><\/p>\n","protected":false},"author":2,"featured_media":0,"comment_status":"open","ping_status":"open","sticky":false,"template":"","format":"standard","meta":{"ngg_post_thumbnail":0,"footnotes":""},"categories":[28],"tags":[],"class_list":{"0":"post-7684","1":"post","2":"type-post","3":"status-publish","4":"format-standard","6":"category-newsletter","7":"h-entry","8":"hentry","9":"h-as-article"},"_links":{"self":[{"href":"https:\/\/www.sindilat.com.br\/site\/wp-json\/wp\/v2\/posts\/7684","targetHints":{"allow":["GET"]}}],"collection":[{"href":"https:\/\/www.sindilat.com.br\/site\/wp-json\/wp\/v2\/posts"}],"about":[{"href":"https:\/\/www.sindilat.com.br\/site\/wp-json\/wp\/v2\/types\/post"}],"author":[{"embeddable":true,"href":"https:\/\/www.sindilat.com.br\/site\/wp-json\/wp\/v2\/users\/2"}],"replies":[{"embeddable":true,"href":"https:\/\/www.sindilat.com.br\/site\/wp-json\/wp\/v2\/comments?post=7684"}],"version-history":[{"count":5,"href":"https:\/\/www.sindilat.com.br\/site\/wp-json\/wp\/v2\/posts\/7684\/revisions"}],"predecessor-version":[{"id":7690,"href":"https:\/\/www.sindilat.com.br\/site\/wp-json\/wp\/v2\/posts\/7684\/revisions\/7690"}],"wp:attachment":[{"href":"https:\/\/www.sindilat.com.br\/site\/wp-json\/wp\/v2\/media?parent=7684"}],"wp:term":[{"taxonomy":"category","embeddable":true,"href":"https:\/\/www.sindilat.com.br\/site\/wp-json\/wp\/v2\/categories?post=7684"},{"taxonomy":"post_tag","embeddable":true,"href":"https:\/\/www.sindilat.com.br\/site\/wp-json\/wp\/v2\/tags?post=7684"}],"curies":[{"name":"wp","href":"https:\/\/api.w.org\/{rel}","templated":true}]}}