{"id":7678,"date":"2021-08-16T19:08:44","date_gmt":"2021-08-16T19:08:44","guid":{"rendered":"http:\/\/www.sindilat.com.br\/site\/?p=7678"},"modified":"2021-08-16T19:11:36","modified_gmt":"2021-08-16T19:11:36","slug":"16-08-2021","status":"publish","type":"post","link":"https:\/\/www.sindilat.com.br\/site\/2021\/08\/16\/16-08-2021\/","title":{"rendered":"16\/08\/2021"},"content":{"rendered":"<figure class=\"wp-block-image\" style=\"text-align: justify;\"><img loading=\"lazy\" decoding=\"async\" class=\"\" src=\"https:\/\/dl.dnzdns.com\/v\/uuURf8ABF0257\" alt=\"Newsletter Sindilat_RS\" width=\"1159\" height=\"207\"><\/figure>\r\n<!-- \/wp:post-content -->\r\n\r\n<!-- wp:paragraph -->\r\n<p style=\"text-align: justify;\">Porto Alegre,&nbsp; 16 de agosto de 2021&nbsp; &nbsp; &nbsp; &nbsp; &nbsp; &nbsp; &nbsp; &nbsp; &nbsp; &nbsp; &nbsp; &nbsp; &nbsp; &nbsp; &nbsp; &nbsp; &nbsp; &nbsp; &nbsp; &nbsp; &nbsp; &nbsp; &nbsp; &nbsp; &nbsp; &nbsp; &nbsp; &nbsp;Ano 15 - N\u00b0 3.480<\/p>\r\n<!-- \/wp:paragraph -->\r\n\r\n<!-- wp:paragraph -->\r\n<div style=\"text-align: justify;\"><hr>\r\n<div>\r\n<div>\r\n<div><strong>Ministra da Agricultura confirma participa\u00e7\u00e3o na Expointer<\/strong><\/div>\r\n<div>&nbsp;<\/div>\r\n<div>A secret\u00e1ria da Agricultura, Pecu\u00e1ria e Desenvolvimento Rural (SEAPDR), Silvana Covatti, que est\u00e1 em Bras\u00edlia nesta semana para cumprimento de agendas, recebeu a confirma\u00e7\u00e3o da presen\u00e7a da ministra da Agricultura, Pecu\u00e1ria e Abastecimento (Mapa), Tereza Cristina, na 44\u00aa Expointer, que ocorre em setembro, no Parque de Exposi\u00e7\u00f5es Assis Brasil, em Esteio. Silvana se reuniu com a ministra na manh\u00e3 desta sexta-feira (13), tamb\u00e9m para tratar de reivindica\u00e7\u00f5es do agroneg\u00f3cio ga\u00facho. \u201cEstarei com voc\u00eas no dia 10 de setembro, na abertura da Expointer, esta feira t\u00e3o importante, uma das principais da agropecu\u00e1ria brasileira. N\u00e3o vou deixar de estar em nenhuma edi\u00e7\u00e3o enquanto estiver aqui no Minist\u00e9rio, vou participar de todas\u201d, afirmou Tereza Cristina, ao desejar sucesso a todos.<\/div>\r\n<div>&nbsp;<\/div>\r\n<div>Durante a reuni\u00e3o, a secret\u00e1ria Silvana apresentou as a\u00e7\u00f5es do Rio Grande do Sul para evitar o ingresso da Peste Su\u00edna Africana (PSA) no Estado. Inclusive, pediu ao minist\u00e9rio autoriza\u00e7\u00e3o para que o Instituto de Pesquisas Veterin\u00e1rias Desid\u00e9rio Finamor (IPVDF), da SEAPDR, possa realizar as an\u00e1lises de monitoramento. Tereza Cristina destacou que o minist\u00e9rio fortaleceu a fiscaliza\u00e7\u00e3o e tem tomado todas as medidas necess\u00e1rias para prevenir a entrada da doen\u00e7a no Brasil. \u201cEstamos com nossa vigil\u00e2ncia preocupada, mas atuante na fiscaliza\u00e7\u00e3o nos portos e aeroportos\u201d, acrescentou a ministra.<\/div>\r\n<div>&nbsp;<\/div>\r\n<div><span style=\"text-decoration: underline;\">Convites para a Expointer 2021<\/span> A secret\u00e1ria Silvana Covatti aproveitou a estada em Bras\u00edlia para convidar diversas autoridades para prestigiar a Expointer, a maior feira agropecu\u00e1ria a c\u00e9u aberto da Am\u00e9rica Latina, que ocorre de 4 a 12 de setembro. Os convites foram entregues para o vice-presidente da Rep\u00fablica, Hamilton Mour\u00e3o; para o presidente da C\u00e2mara dos Deputados, Arthur Lira; chefe da Casa Civil, Ciro Nogueira; ministro do Trabalho, Onyx Lorenzoni, e ministro da Defesa, General Braga Neto. (SEAPDR)<\/div>\r\n<\/div>\r\n<\/div>\r\n<\/div>\r\n<div style=\"text-align: justify;\">\r\n<div><hr><\/div>\r\n<\/div>\r\n<div style=\"text-align: justify;\">\r\n<div><strong>De olho no plantio, associados participam de palestra online sobre meteorologia<\/strong><\/div>\r\n<div>&nbsp;<\/div>\r\n<div>Perspectivas do clima foram abordadas no Encontro de Associados da Languiru, com a participa\u00e7\u00e3o da meteorologista Estael Sias \u201cO clima interfere nos custos de produ\u00e7\u00e3o e na vida das fam\u00edlias, interfere no planejamento de toda cadeia produtiva. Frio, geada, calor, excesso ou falta de chuva impactam no cultivo das lavouras, na gera\u00e7\u00e3o de energia, no dia a dia das pessoas\u201d, sentenciou a meteorologista Estael Sias, diretora geral da MetSul Meteorologia, palestrante no Encontro de Associados da Cooperativa Languiru. Realizada no formato digital, mais de 100 pessoas acompanharam a programa\u00e7\u00e3o desenvolvida no dia 11 de agosto com o tema \u201cPerspectivas do clima para planejamento da lavoura\u201d. De car\u00e1ter t\u00e9cnico e de cunho informativo, o evento tende a se tornar peri\u00f3dico, com novas edi\u00e7\u00f5es abordando temas de interesse do quadro social.<\/div>\r\n<div>&nbsp;<\/div>\r\n<div><span style=\"text-decoration: underline;\">Cen\u00e1rio:<\/span> O presidente da Languiru, Dirceu Bayer, falou de projetos para o segundo semestre de 2021 e avaliou o atual cen\u00e1rio do agroneg\u00f3cio, refor\u00e7ando a import\u00e2ncia da tem\u00e1tica clima. \u201cCom os problemas clim\u00e1ticos que atingiram, principalmente, Mato Grosso, Mato Grosso do Sul e Paran\u00e1, constatamos a redu\u00e7\u00e3o de oferta do milho, elevando o custo de produ\u00e7\u00e3o no campo.&nbsp; O mercado das carnes sofreu muito com isso, especialmente no primeiro semestre, e a Languiru tamb\u00e9m sentiu esse impacto, uma vez que o segmento representa importante fatia dos neg\u00f3cios da Cooperativa.\u201d Por outro lado, Bayer se mostrou otimista para o desempenho do segundo semestre. \u201cH\u00e1 a expectativa de que o cen\u00e1rio melhore, o que j\u00e1 estamos percebendo no segmento av\u00edcola. A Languiru retomou o alojamento no campo e o volume de produ\u00e7\u00e3o no frigor\u00edfico.\u201d<\/div>\r\n<div>&nbsp;<\/div>\r\n<div><span style=\"text-decoration: underline;\">O que esperar do clima:<\/span> A meteorologista Estael Sias conduziu a palestra \u201cO que esperar do clima para planejar a safra de ver\u00e3o?\u201d. Trouxe um resumo hist\u00f3rico e comportamento do clima em 2020 e 2021, al\u00e9m de progn\u00f3sticos para os pr\u00f3ximos trimestres. \u201cO ano passado foi de chuva escassa. Mesmo que ocorreram per\u00edodos de precipita\u00e7\u00e3o acima da m\u00e9dia em alguns meses de 2021, os \u00faltimos 12 meses n\u00e3o recuperaram o que estava faltando.\u201d Adiantou que o inverno ainda teria, pelo menos, mais uma onda de frio significativo. \u201cEm 2020 tamb\u00e9m tivemos frio tardio, at\u00e9 com geadas na Fronteira. Diferentes modelos projetam chuva abaixo da m\u00e9dia nos meses de setembro, outubro e novembro. \u00c9 uma informa\u00e7\u00e3o importante nesse momento de planejamento e plantio, com a chuva como relevante nessa \u00e9poca e, depois, para manuten\u00e7\u00e3o da lavoura\u201d, disse Estael, alertando ainda para o risco de granizo a partir do frio tardio na primavera. O progn\u00f3stico para o per\u00edodo de novembro a janeiro \u00e9 de chuva dentro ou abaixo da m\u00e9dia. \u201cO d\u00e9ficit maior de chuva deve ocorrer em janeiro, seguindo com n\u00edveis abaixo da m\u00e9dia em fevereiro e mar\u00e7o de 2022\u201d, explicou.<\/div>\r\n<div>&nbsp;<\/div>\r\n<div>Procurando detalhar as proje\u00e7\u00f5es por regi\u00e3o, o Vale do Taquari n\u00e3o apresenta d\u00e9ficit muito grande, embora ainda se tenha preocupa\u00e7\u00e3o no ver\u00e3o. Em termos de temperatura, setembro fica dentro da normalidade, com outubro, novembro e dezembro mais frio que o normal, seguindo para janeiro, fevereiro e mar\u00e7o mais quente que a m\u00e9dia. \u201cH\u00e1 bastante varia\u00e7\u00e3o de um modelo clim\u00e1tico para outro. Acredito que a temperatura, no geral, ficar\u00e1 pr\u00f3xima da m\u00e9dia, com per\u00edodos curtos de frio, com alguma geada at\u00e9 o come\u00e7o de outubro, muito mais na fronteira com o Uruguai\u201d, adiantou.<\/div>\r\n<div>&nbsp;<\/div>\r\n<div>Respondendo perguntas dos associados e considerando a amplia\u00e7\u00e3o da \u00e1rea de atua\u00e7\u00e3o da Languiru, Estael tamb\u00e9m falou de outras regi\u00f5es. \u201cNa Campanha e Zona Sul, risco de geada vai at\u00e9 outubro; j\u00e1 na regi\u00e3o do Vale do Taquari, Rio Pardo, Planalto e Serra, o risco de geada depois da segunda metade de setembro \u00e9 bem menor. A regi\u00e3o da Costa Doce, com a presen\u00e7a da Lagoa dos Patos, tem, sim, situa\u00e7\u00e3o mais confort\u00e1vel quanto ao volume de chuva, principalmente no ver\u00e3o, com a caracter\u00edstica de pancadas isoladas que, muitas vezes, \u00e9 o que salva a lavoura\u201d, concluiu. (Languiru)<\/div>\r\n<div>&nbsp;<\/div>\r\n<div><strong>Argentina \u2013 Pre\u00e7o do leite ao produtor subiu 2,7% em julho<\/strong><\/div>\r\n<div>&nbsp;<\/div>\r\n<div>Em julho houve outro aumento no pre\u00e7o do leite ao produtor. A eleva\u00e7\u00e3o quase empatou com a infla\u00e7\u00e3o e foi de 2,7%. No acumulado dos \u00faltimos 12 meses o pre\u00e7o do leite teve reajuste de 75%. O pre\u00e7o m\u00e9dio informado pelo Minist\u00e9rio da Agricultura para o m\u00eas passado ficou em AR$ 32,15\/litro, o equivalente em d\u00f3lares oficial de US$ 0,32\/litro (R$ 1,64, em reais). Este valor diminui a dist\u00e2ncia entre os custos, que rondam os AR$ 34\/por litro.<\/div>\r\n<div>&nbsp;<\/div>\r\n<div>Os produtores reconhecem que est\u00e1 melhor do que meses atr\u00e1s, quando as cota\u00e7\u00f5es dos gr\u00e3os no mercado mundial colocou a atividade em xeque. Essa tend\u00eancia altista cedeu e inclusive apresentou certa tend\u00eancia de baixa, que no mercado local foi mais acentuado pelo impacto dos direitos de exporta\u00e7\u00e3o, a evolu\u00e7\u00e3o cambial e o acordo dentro das cadeias do milho e do trigo para evitar uma interven\u00e7\u00e3o maior do governo. A eleva\u00e7\u00e3o do pre\u00e7o do leite est\u00e1 relacionada com a melhora nas exporta\u00e7\u00f5es, que aumentaram 22% no acumulado do primeiro semestre, segundo informou o Instituto Nacional de Estat\u00edsticas e Censos (INDEC). Esse relaxamento do mercado dom\u00e9stico foi o que permitiu sustentar os valores em d\u00f3lares e aumentar em pesos.<\/div>\r\n<div>&nbsp;<\/div>\r\n<div><img loading=\"lazy\" decoding=\"async\" class=\"alignnone size-full wp-image-7679\" src=\"http:\/\/www.sindilat.com.br\/site\/wp-content\/uploads\/2021\/08\/argg.png\" alt=\"\" width=\"522\" height=\"357\" srcset=\"https:\/\/www.sindilat.com.br\/site\/wp-content\/uploads\/2021\/08\/argg.png 522w, https:\/\/www.sindilat.com.br\/site\/wp-content\/uploads\/2021\/08\/argg-300x205.png 300w\" sizes=\"auto, (max-width: 522px) 100vw, 522px\" \/><\/div>\r\n<div>&nbsp;<\/div>\r\n<div>Mas no horizonte do setor aparecem algumas nuvens que preocupam. Os analistas destacam que por um lado h\u00e1 uma clara perda do poder de compra dos consumidores, e por outro queda nos pre\u00e7os de exporta\u00e7\u00e3o do leite em p\u00f3, US$ 3.500 a tonelada ou mesmo, com poucas perspectivas de melhora de acordo com a an\u00e1lise do Observat\u00f3rio da Cadeia L\u00e1ctea Argentina (OCLA). Al\u00e9m disso, tem a defasagem cambial que reduz o faturamento com as exporta\u00e7\u00f5es que s\u00e3o castigadas pelos direitos de exporta\u00e7\u00e3o. E, finalmente, existem os problemas log\u00edsticos para cumprir com as entregas, j\u00e1 que o maior volume do com\u00e9rcio global no hemisf\u00e9rio norte reduz a disponibilidade de barcos e containers.<\/div>\r\n<div>&nbsp;<\/div>\r\n<div>Os produtores dizem que \u00e9 um momento de moverem-se com cautela. Sabem que este ano haver\u00e1 pelo menos 2% mais de leite, segundo diferentes estimativas, e que, logo estaremos entrando nos meses de pico da oferta, setembro e outubro, embora nesse cen\u00e1rio, poder\u00e1 haver maior faturamento pelo aumento do volume. O que mais preocupa os produtores de leite s\u00e3o os rumores sobre uma desvaloriza\u00e7\u00e3o do peso, que muitos economistas est\u00e3o prevendo para depois das elei\u00e7\u00f5es, o que aumentaria os custos de produ\u00e7\u00e3o, afetando o resultado econ\u00f4mico. (Fonte: Bichos de campo \u2013 Tradu\u00e7\u00e3o livre: www.terraviva.com.br | Foto de capa: Imagem de Pezibear por Pixabay)<\/div>\r\n<\/div>\r\n<div><hr><\/div>\r\n<!-- \/wp:paragraph -->\r\n\r\n<!-- wp:paragraph -->\r\n<p style=\"text-align: center;\"><strong>Jogo R\u00e1pido<\/strong><\/p>\r\n<p style=\"text-align: center;\"><em><strong>Live Agro e Terra: Sindilat - Produ\u00e7\u00e3o Leiteira no RS<\/strong><\/em><\/p>\r\n<p style=\"text-align: center;\"><em>O secret\u00e1rio-executivo do Sindilat, Darlan Palharini, participar\u00e1 de live nesta ter\u00e7a-feira (17\/8) no Canal TV CCM - Cr\u00f4nicas do Celeiro do Mundo, para tratar sobre a produ\u00e7\u00e3o leiteira no Rio Grande do Sul. A transmiss\u00e3o ocorrer\u00e1 a partir das 20h. Para assistir, acesse pelo YoTube - TV CCM - <a href=\"https:\/\/www.youtube.com\/channel\/UCb_dmSxmWKtbzNiKTkzpNKA\">https:\/\/www.youtube.com\/channel\/UCb_dmSxmWKtbzNiKTkzpNKA<\/a>, ou pelo Facebook - <a href=\"https:\/\/www.facebook.com\/cronicasdoceleirodomundo\">https:\/\/www.facebook.com\/cronicasdoceleirodomundo<\/a>. (Assessoria de Imprensa Sindilat)<\/em><\/p>\r\n<hr>\r\n<p>&nbsp;<\/p>","protected":false},"excerpt":{"rendered":"<p>Porto Alegre,&nbsp; 16 de agosto de 2021&nbsp; &nbsp; &nbsp; &nbsp; &nbsp; &nbsp; &nbsp; &nbsp; &nbsp; &nbsp; &nbsp; &nbsp; &nbsp; &nbsp; &nbsp; &nbsp; &nbsp; &nbsp; &nbsp; &nbsp; &nbsp; &nbsp; &nbsp; &nbsp; &nbsp; &nbsp; &nbsp; &nbsp;Ano 15 - N\u00b0 3.480 Ministra da Agricultura confirma participa\u00e7\u00e3o na Expointer &nbsp; A secret\u00e1ria da Agricultura, Pecu\u00e1ria e Desenvolvimento Rural (SEAPDR), <a href=\"https:\/\/www.sindilat.com.br\/site\/2021\/08\/16\/16-08-2021\/\" class=\"more-link\">...continuar lendo<span class=\"screen-reader-text\"> \"16\/08\/2021\"<\/span><\/a><\/p>\n","protected":false},"author":2,"featured_media":0,"comment_status":"open","ping_status":"open","sticky":false,"template":"","format":"standard","meta":{"ngg_post_thumbnail":0,"footnotes":""},"categories":[28],"tags":[],"class_list":{"0":"post-7678","1":"post","2":"type-post","3":"status-publish","4":"format-standard","6":"category-newsletter","7":"h-entry","8":"hentry","9":"h-as-article"},"_links":{"self":[{"href":"https:\/\/www.sindilat.com.br\/site\/wp-json\/wp\/v2\/posts\/7678","targetHints":{"allow":["GET"]}}],"collection":[{"href":"https:\/\/www.sindilat.com.br\/site\/wp-json\/wp\/v2\/posts"}],"about":[{"href":"https:\/\/www.sindilat.com.br\/site\/wp-json\/wp\/v2\/types\/post"}],"author":[{"embeddable":true,"href":"https:\/\/www.sindilat.com.br\/site\/wp-json\/wp\/v2\/users\/2"}],"replies":[{"embeddable":true,"href":"https:\/\/www.sindilat.com.br\/site\/wp-json\/wp\/v2\/comments?post=7678"}],"version-history":[{"count":3,"href":"https:\/\/www.sindilat.com.br\/site\/wp-json\/wp\/v2\/posts\/7678\/revisions"}],"predecessor-version":[{"id":7682,"href":"https:\/\/www.sindilat.com.br\/site\/wp-json\/wp\/v2\/posts\/7678\/revisions\/7682"}],"wp:attachment":[{"href":"https:\/\/www.sindilat.com.br\/site\/wp-json\/wp\/v2\/media?parent=7678"}],"wp:term":[{"taxonomy":"category","embeddable":true,"href":"https:\/\/www.sindilat.com.br\/site\/wp-json\/wp\/v2\/categories?post=7678"},{"taxonomy":"post_tag","embeddable":true,"href":"https:\/\/www.sindilat.com.br\/site\/wp-json\/wp\/v2\/tags?post=7678"}],"curies":[{"name":"wp","href":"https:\/\/api.w.org\/{rel}","templated":true}]}}