{"id":7670,"date":"2021-08-13T20:11:49","date_gmt":"2021-08-13T20:11:49","guid":{"rendered":"http:\/\/www.sindilat.com.br\/site\/?p=7670"},"modified":"2021-08-13T20:15:14","modified_gmt":"2021-08-13T20:15:14","slug":"13-08-2021","status":"publish","type":"post","link":"https:\/\/www.sindilat.com.br\/site\/2021\/08\/13\/13-08-2021\/","title":{"rendered":"13\/08\/2021"},"content":{"rendered":"<figure class=\"wp-block-image\" style=\"text-align: justify;\"><img loading=\"lazy\" decoding=\"async\" class=\"\" src=\"https:\/\/dl.dnzdns.com\/v\/uuURf8ABF0257\" alt=\"Newsletter Sindilat_RS\" width=\"1159\" height=\"207\"><\/figure>\r\n<!-- \/wp:post-content -->\r\n\r\n<!-- wp:paragraph -->\r\n<p>&nbsp;<\/p>\r\n<p style=\"text-align: justify;\">Porto Alegre,&nbsp; 13 de agosto de 2021&nbsp; &nbsp; &nbsp; &nbsp; &nbsp; &nbsp; &nbsp; &nbsp; &nbsp; &nbsp; &nbsp; &nbsp; &nbsp; &nbsp; &nbsp; &nbsp; &nbsp; &nbsp; &nbsp; &nbsp; &nbsp; &nbsp; &nbsp; &nbsp; &nbsp; &nbsp; &nbsp; &nbsp;Ano 15 - N\u00b0 3.479<\/p>\r\n<!-- \/wp:paragraph -->\r\n\r\n<!-- wp:paragraph -->\r\n<div style=\"text-align: justify;\"><hr>\r\n<div>\r\n<div>\r\n<div><b>Embrapa lan\u00e7a livro sobre setor l\u00e1cteo<br><\/b><br>A Embrapa Gado de Leite lan\u00e7ou nesta sexta-feira (13\/8) o livro \u201cNa era do consumidor \u2013 uma vis\u00e3o do mercado l\u00e1cteo brasileiro\u201d. A obra re\u00fane 23 artigos de 30 autores publicados em ve\u00edculos de comunica\u00e7\u00e3o especializados na cadeia produtiva do leite. O lan\u00e7amento oficial ocorreu em live no canal no Youtube da entidade, a qual pode ser&nbsp;<a href=\"https:\/\/www.youtube.com\/watch?v=axVO0V0eRs4\" data-cke-saved-href=\"https:\/\/www.youtube.com\/watch?v=axVO0V0eRs4\">acessada aqui.<\/a><br><br>Dividida em cinco se\u00e7\u00f5es, a publica\u00e7\u00e3o traz um panorama sobre o consumo de l\u00e1cteos no Brasil e as mudan\u00e7as causadas a partir da pandemia de Covid-19 no setor, al\u00e9m de apresentar reflex\u00f5es do mercado consumidor em rela\u00e7\u00e3o \u00e0s redes sociais. \"O livro \u00e9 de extrema import\u00e2ncia para o setor l\u00e1cteo uma vez que re\u00fane informa\u00e7\u00f5es extremamente importantes para o seu desenvolvimento\", afirmou Darlan Palharini, secret\u00e1rio-executivo do Sindicato da Ind\u00fastria de Latic\u00ednios do RS (Sindilat). A obra conta com editoria t\u00e9cnica da pesquisadora da Embrapa Kennya Beatriz Siqueira.&nbsp;<br><br>Os artigos foram publicados originalmente no portal Milkpoint e nas revistas Ind\u00fastria de Latic\u00ednios, Leite Integral e Balde Branco entre 2019 e 2021.&nbsp;A<a href=\"https:\/\/bit.ly\/37DkvMn\" data-cke-saved-href=\"https:\/\/bit.ly\/37DkvMn\">cesse o livro clicando aqui.<\/a>&nbsp;(Assessoria de imprensa Sindilat\/RS)<\/div>\r\n<div>&nbsp;<\/div>\r\n<\/div>\r\n<div>&nbsp;<\/div>\r\n<\/div>\r\n<\/div>\r\n<div style=\"text-align: justify;\">\r\n<div><hr><\/div>\r\n<\/div>\r\n<div style=\"text-align: justify;\">\r\n<div><b>Pi\u00e1 \u00e9 a Marca Mais Lembrada no Top Of Mind RS&nbsp;<br><br><\/b>Recentemente, a Pi\u00e1 celebrou um importante feito: a conquista do t\u00edtulo de \u201cMarca Mais Lembrada do Rio Grande do Sul\u201d, na categoria Leite, no pr\u00eamio Top Of Mind \u2013 As Marcas do Rio Grande, edi\u00e7\u00e3o 2021. O an\u00fancio foi feito durante evento virtual realizado pelo Grupo Amanh\u00e3, que promove a premia\u00e7\u00e3o h\u00e1 31 anos.&nbsp;&nbsp;<br><br>Com um percentual de 25,8% dos votos dos entrevistados na pesquisa de lembran\u00e7a espont\u00e2nea de marcas, a Pi\u00e1 liderou o topo do ranking. Tamb\u00e9m apareceu bem colocada na categoria \u201cDoce de Leite\u201d, com 15,1%, figurando em segundo lugar.&nbsp;&nbsp;<br><br>De acordo com o presidente da Cooperativa, Jeferson Smanioto, a conquista tem rela\u00e7\u00e3o direta com o varejo, que aproxima os produtos da marca aos consumidores. \u201cTrabalhamos continuamente estudando o mercado e o perfil dos consumidores, o que eles querem e precisam. Por isso, temos um amplo mix, que \u00e9 capaz de atender a diferentes demandas e estilos de vida. O que se reflete nos inovadores lan\u00e7amentos que apresentamos constantemente\u201d, destaca o executivo.&nbsp; &nbsp;<br><br>Criado em 1991, o Top of Mind \u2013 As Marcas do Rio Grande tem o objetivo de apresentar e premiar as empresas e marcas que est\u00e3o presentes na mem\u00f3ria dos ga\u00fachos. Este ano, participaram da pesquisa 1.200 pessoas de todas as mesorregi\u00f5es do Estado, entre os dias 29 de mar\u00e7o e 19 de abril, pela internet.&nbsp; (Cooperativa PI\u00c1)<br><br><br><br><br><b>Conseleite\/MT<br><\/b><br>A diretoria do Conseleite \u2013 Mato Grosso atendendo os dispositivos do seu Estatuto, aprova e divulga os valores de refer\u00eancia para a mat\u00e9ria-prima, referente ao leite entregue no m\u00eas de Junho a ser pago em Julho de 2021 e para o leite entregue no m\u00eas de Julho a ser pago em Agosto de 2021.<br><br>Os valores divulgados compreendem os pre\u00e7os de refer\u00eancia para o leite padr\u00e3o levando em conta o volume m\u00e9dio mensal de leite entregue pelo produtor.&nbsp;<br><br><img decoding=\"async\" src=\"https:\/\/dl.dnzdns.com\/v\/YvUy6dABF0416\" alt=\"\" data-cke-saved-src=\"https:\/\/dl.dnzdns.com\/v\/YvUy6dABF0416\"><br><br><\/div>\r\n<div>&nbsp;<\/div>\r\n<div>OBS: (1) Os valores de refer\u00eancia da tabela s\u00e3o para a mat\u00e9ria-prima leite \u201cposto propriedade\u201d, o que significa que o frete n\u00e3o deve ser descontado do produtor rural. Nos valores de refer\u00eancia est\u00e1 incluso Funrural de 1,5% a ser descontado do produtor rural. (Conseleite\/MT)<\/div>\r\n<\/div>\r\n<div><hr><\/div>\r\n<!-- \/wp:paragraph -->\r\n\r\n<!-- wp:paragraph -->\r\n<p style=\"text-align: center;\"><strong>Jogo R\u00e1pido <\/strong>&nbsp;<\/p>\r\n<p style=\"text-align: center;\"><i><b>Previs\u00e3o de temperaturas amenas na pr\u00f3xima semana, segundo Boletim Integrado Agrometeorol\u00f3gico da SEAPDR<br><\/b>A pr\u00f3xima semana ter\u00e1 temperaturas amenas e pouca chuva no Rio Grande do Sul, de acordo com o Boletim Integrado Agrometeorol\u00f3gico n\u00ba 32\/2021, publicado pela Secretaria da Agricultura, Pecu\u00e1ria e Desenvolvimento Rural (SEAPDR) em parceria com o Irga e Emater-RS. Nesta sexta-feira (13), o tempo seco e frio vai predominar, com temperaturas m\u00ednimas pr\u00f3ximas de 0\u00b0C e forma\u00e7\u00e3o de geadas em diversas regi\u00f5es. No s\u00e1bado (14) e domingo (15), o ingresso de ar \u00famido favorecer\u00e1 o aumento da nebulosidade e h\u00e1 possibilidade de pancadas isoladas de chuva na Metade Norte.&nbsp; Na segunda (16) e ter\u00e7a-feira (17), o ingresso de ar quente e \u00famido provocar\u00e1 a eleva\u00e7\u00e3o da temperatura, com valores pr\u00f3ximos de 25\u00b0C na maioria das regi\u00f5es. Na quarta-feira (18), o tempo firme, com temperaturas amenas seguir\u00e1 predominando na maior parte do Estado, por\u00e9m a aproxima\u00e7\u00e3o de uma frente fria dever\u00e1 provocar pancadas de chuva na Fronteira Oeste, Campanha e Zona Sul. Os totais de precipita\u00e7\u00e3o esperados dever\u00e3o ser inferiores a 10 mm na maioria das regi\u00f5es. Apenas, no Extremo Sul, Serra do Nordeste e no Litoral Norte os volumes oscilar\u00e3o entre 10 e 20 mm.&nbsp;<a href=\"https:\/\/www.agricultura.rs.gov.br\/previsao-de-temperaturas-amenas-na-proxima-semana-segundo-boletim-integrado-agrometeorologico-da-seapdr\" data-cke-saved-href=\"https:\/\/www.agricultura.rs.gov.br\/previsao-de-temperaturas-amenas-na-proxima-semana-segundo-boletim-integrado-agrometeorologico-da-seapdr\">Acesse o Boletim Integrado Agrometeorol\u00f3gico n\u00ba 32\/2021 completo clicando aqui<\/a>. (SEAPDR)<\/i><\/p>\r\n<hr>\r\n<p>&nbsp;<\/p>","protected":false},"excerpt":{"rendered":"<p>&nbsp; Porto Alegre,&nbsp; 13 de agosto de 2021&nbsp; &nbsp; &nbsp; &nbsp; &nbsp; &nbsp; &nbsp; &nbsp; &nbsp; &nbsp; &nbsp; &nbsp; &nbsp; &nbsp; &nbsp; &nbsp; &nbsp; &nbsp; &nbsp; &nbsp; &nbsp; &nbsp; &nbsp; &nbsp; &nbsp; &nbsp; &nbsp; &nbsp;Ano 15 - N\u00b0 3.479 Embrapa lan\u00e7a livro sobre setor l\u00e1cteoA Embrapa Gado de Leite lan\u00e7ou nesta sexta-feira (13\/8) o livro <a href=\"https:\/\/www.sindilat.com.br\/site\/2021\/08\/13\/13-08-2021\/\" class=\"more-link\">...continuar lendo<span class=\"screen-reader-text\"> \"13\/08\/2021\"<\/span><\/a><\/p>\n","protected":false},"author":2,"featured_media":0,"comment_status":"open","ping_status":"open","sticky":false,"template":"","format":"standard","meta":{"ngg_post_thumbnail":0,"footnotes":""},"categories":[28],"tags":[],"class_list":{"0":"post-7670","1":"post","2":"type-post","3":"status-publish","4":"format-standard","6":"category-newsletter","7":"h-entry","8":"hentry","9":"h-as-article"},"_links":{"self":[{"href":"https:\/\/www.sindilat.com.br\/site\/wp-json\/wp\/v2\/posts\/7670","targetHints":{"allow":["GET"]}}],"collection":[{"href":"https:\/\/www.sindilat.com.br\/site\/wp-json\/wp\/v2\/posts"}],"about":[{"href":"https:\/\/www.sindilat.com.br\/site\/wp-json\/wp\/v2\/types\/post"}],"author":[{"embeddable":true,"href":"https:\/\/www.sindilat.com.br\/site\/wp-json\/wp\/v2\/users\/2"}],"replies":[{"embeddable":true,"href":"https:\/\/www.sindilat.com.br\/site\/wp-json\/wp\/v2\/comments?post=7670"}],"version-history":[{"count":5,"href":"https:\/\/www.sindilat.com.br\/site\/wp-json\/wp\/v2\/posts\/7670\/revisions"}],"predecessor-version":[{"id":7677,"href":"https:\/\/www.sindilat.com.br\/site\/wp-json\/wp\/v2\/posts\/7670\/revisions\/7677"}],"wp:attachment":[{"href":"https:\/\/www.sindilat.com.br\/site\/wp-json\/wp\/v2\/media?parent=7670"}],"wp:term":[{"taxonomy":"category","embeddable":true,"href":"https:\/\/www.sindilat.com.br\/site\/wp-json\/wp\/v2\/categories?post=7670"},{"taxonomy":"post_tag","embeddable":true,"href":"https:\/\/www.sindilat.com.br\/site\/wp-json\/wp\/v2\/tags?post=7670"}],"curies":[{"name":"wp","href":"https:\/\/api.w.org\/{rel}","templated":true}]}}