{"id":7242,"date":"2021-06-08T18:51:50","date_gmt":"2021-06-08T18:51:50","guid":{"rendered":"http:\/\/www.sindilat.com.br\/site\/?p=7242"},"modified":"2021-06-08T18:51:50","modified_gmt":"2021-06-08T18:51:50","slug":"alianca-lactea-sul-brasileira-programa-que-incentiva-exportacao-de-lacteos-ganha-forca-no-su","status":"publish","type":"post","link":"https:\/\/www.sindilat.com.br\/site\/2021\/06\/08\/alianca-lactea-sul-brasileira-programa-que-incentiva-exportacao-de-lacteos-ganha-forca-no-su\/","title":{"rendered":"Alian\u00e7a L\u00e1ctea Sul Brasileira: Programa que incentiva exporta\u00e7\u00e3o de l\u00e1cteos ganha for\u00e7a no Su"},"content":{"rendered":"<p>Uma das grandes pautas do setor l\u00e1cteo brasileiro, as exporta\u00e7\u00f5es v\u00e3o ganhar novo est\u00edmulo com o desenvolvimento do Peiex (Programa de Qualifica\u00e7\u00e3o para Exporta\u00e7\u00e3o) oferecido pela Apex-Brasil para que as empresas do setor iniciem a sua prepara\u00e7\u00e3o para ingressar no mercado internacional com seus produtos. Em reuni\u00e3o da Alian\u00e7a L\u00e1ctea Sul Brasileira na manh\u00e3 desta ter\u00e7a-feira (8\/06), o analista de qualifica\u00e7\u00e3o e competitividade da Apex Brasil, Laudemir M\u00fcller, explicou que a iniciativa que busca despertar a ideia da exporta\u00e7\u00e3o, qualificar e preparar as empresas para que elas possam olhar para o mercado internacional existe h\u00e1 mais de 10 anos e, no ano passado, foi criado um n\u00facleo voltado exclusivamente ao setor l\u00e1cteo. O encontro virtual contou com a participa\u00e7\u00e3o de Alexandre Guerra, 1\u00b0 vice-presidente do Sindicato da Ind\u00fastria de Latic\u00ednios do Rio Grande do Sul (Sindilat\/RS) e de Darlan Palharini, secret\u00e1rio-executivo do Sindilat\/RS.<\/p>\n<p>De acordo com o dirigente, j\u00e1 foi lan\u00e7ado um edital para a Regi\u00e3o Sul e, em Porto Alegre, a Unisinos ficar\u00e1 respons\u00e1vel pelo programa Peiex voltado ao setor. \u201cA pr\u00f3xima fase ser\u00e1 buscar equipe especializada em latic\u00ednios e, ap\u00f3s, vem a parte do treinamento, o repasse de conte\u00fados e de an\u00e1lises de mercado para que possamos prestar esse atendimento que \u00e9 totalmente gratuito\u201d, destacou. M\u00fcller informou que a expectativa \u00e9 atender individualmente a 25 latic\u00ednios que queiram ingressar no mercado internacional, pontuando que o tempo de atendimento prestado \u00e0s empresas pode variar de 4 a 6 meses, dependendo do perfil do estabelecimento. Antes de lan\u00e7ar o edital para o Sul, a Apex consultou os tr\u00eas sindicatos que representam as ind\u00fastrias l\u00e1cteas do Rio Grande do Sul, Santa Catarina e Paran\u00e1, a fim de saber se havia p\u00fablico interessado na iniciativa. \u201cProntamente tivemos 20 empresas interessadas, o que nos encorajou a lan\u00e7ar o projeto\u201d, afirmou.<\/p>\n<p>Na mesma linha de incentivo \u00e0 cultura exportadora na cadeia produtiva, a Comiss\u00e3o Nacional da Pecu\u00e1ria de Leite da Confedera\u00e7\u00e3o da Agricultura e Pecu\u00e1ria do Brasil (CNA) mant\u00e9m o programa Agro BR, que prioriza a internacionaliza\u00e7\u00e3o de pequenos e m\u00e9dios produtores. \u201cNeste programa, o leite \u00e9 um dos setores priorit\u00e1rios ao mesmo tempo em que se mostra desafiador do ponto de vista da mobiliza\u00e7\u00e3o para que os neg\u00f3cios aconte\u00e7am, apesar das in\u00fameras oportunidades existentes\u201d, pontuou Camila Sande, coordenadora de Promo\u00e7\u00e3o Comercial da CNA. Segundo ela, s\u00e3o v\u00e1rias as iniciativas que rodam atualmente visando \u00e0 exporta\u00e7\u00e3o, no entanto, ela alerta que \u00e9 preciso sistematizar os interessados em participar, visando foco no objetivo no mercado externo. Para municiar as entidades sobre o que o programa oferece, Camila pontuou ser importante que as entidades do setor se envolvam ainda mais nesta quest\u00e3o como forma de contribuir com o engajamento das empresas no programa. \u201cPodemos oferecer a elas consultoria, semin\u00e1rios virtuais, treinamento, assist\u00eancia t\u00e9cnica, capacita\u00e7\u00e3o voltada aos mercadores exportadores, rodadas virtuais de neg\u00f3cios, al\u00e9m de informar sobre as especificidades de cada mercado, modelos de entrega, escopo territorial, custos e outras informa\u00e7\u00f5es que fazem parte de todo esse processo\", elencou.<\/p>\n<p>Na reuni\u00e3o desta ter\u00e7a-feira, a Alian\u00e7a L\u00e1ctea tamb\u00e9m abordou o cen\u00e1rio atual das importa\u00e7\u00f5es de produtos l\u00e1cteos, com informa\u00e7\u00f5es trazidas por Fernando Pinheiro, analista econ\u00f4mico da Organiza\u00e7\u00e3o das Cooperativas do Brasil (OCB). De acordo com dados do Minist\u00e9rio da Economia atualizados at\u00e9 maio, ingressaram no Brasil no m\u00eas passado 8.400 toneladas de produtos, um aumento de 15% em volume sobre abril \u00faltimo, mas bem abaixo dos patamares verificados no primeiro trimestre do ano.\u201cApesar disso, os volumes verificados at\u00e9 agora est\u00e3o 60% abaixo da m\u00e9dia hist\u00f3rica para os meses de maio\u201d, informou Pinheiro. A Argentina responde por 51,5% da origem dos produtos importados, enquanto o Uruguai, em segundo lugar, por 37,6%. Segundo ele, os valores pela cesta de l\u00e1cteos come\u00e7am a subir, estando em uma m\u00e9dia de US$ 3.240 por tonelada. Por outro lado, destacou, que as exporta\u00e7\u00f5es acumuladas em 2021 est\u00e3o 38% acima das registradas em 2020.<\/p>\n<p>Outro tema abordado na reuni\u00e3o setorial foi o fatiamento da Reforma Tribut\u00e1ria em curso, o que pode atingir em cheio o setor l\u00e1cteo, segundo alertou o deputado federal ga\u00facho Alceu Moreira, presidente da Subcomiss\u00e3o do Leite da C\u00e2mara Federal. O tema foi explanado pelo consultor da C\u00e2mara Setorial do Leite, Marcelo Martins. De acordo com ele, a unifica\u00e7\u00e3o de impostos em uma \u00fanica contribui\u00e7\u00e3o \u2013 a Contribui\u00e7\u00e3o Sobre Bens e Servi\u00e7os (CBS) far\u00e1 com que retorne a tributa\u00e7\u00e3o sobre insumos utilizados na pecu\u00e1ria de leite que atualmente t\u00eam al\u00edquota zero, tais como adubos, corretivos, defensivos, sementes, vacinas, s\u00eamens e embri\u00f5es e farelo de soja. \u201cAcreditamos que a Reforma Tribut\u00e1ria \u00e9 importante sob o ponto de vista da simplifica\u00e7\u00e3o, da transpar\u00eancia e da justi\u00e7a tribut\u00e1ria, mas, pelo o que est\u00e1 sendo proposto, e analisando o setor agro, a medida em que avan\u00e7ar o fatiamento da reforma, esse pilares n\u00e3o atingir\u00e3o \u00eaxito junto ao setor prim\u00e1rio\u201d, afirmou. Segundo o consultor, a cria\u00e7\u00e3o da CBS, que traz junto o estorno do cr\u00e9dito presumido, implicar\u00e1 em perda de competitividade ao setor e incentivar\u00e1 as importa\u00e7\u00f5es, sobretudo dentro do Mercosul, onde se mant\u00e9m a al\u00edquota zero para itens da cesta b\u00e1sica. \u201cTeremos aumento da carga tribut\u00e1ria no pa\u00eds que se reverter\u00e1 em eleva\u00e7\u00e3o de custos da ordem de 12,5%. Esse impacto n\u00e3o atingir\u00e1 o produtor de fora e dar\u00e1 maior competitividade a eles se tivermos que estornar cr\u00e9ditos\u201d, destacou Martins.<\/p>\n<p>O dirigente enfatizou que o momento \u00e9 oportuno para que os sindicatos e entidades que representam o setor se articulem e agendem reuni\u00f5es com formadores de opini\u00e3o em Bras\u00edlia para que pontos importantes para o setor l\u00e1cteo sejam analisados e inclu\u00eddos na pauta da reforma, sob pena de colocar em risco a competitividade da cadeia. A luta passa por manter o produtor rural como n\u00e3o contribuinte do IBS\/CBS, manuten\u00e7\u00e3o dos itens da cesta b\u00e1sica sujeitos \u00e0 al\u00edquota zero e n\u00e3o isentos, n\u00e3o incid\u00eancia de imposto seletivo sobre alimentos, cr\u00e9dito presumido com al\u00edquota que garanta a n\u00e3o cumulatividade na cadeia produtiva, garantia de uso de todos os cr\u00e9ditos na aquisi\u00e7\u00e3o de insumos e servi\u00e7os e r\u00e1pida restitui\u00e7\u00e3o dos cr\u00e9ditos (exporta\u00e7\u00e3o, ordin\u00e1rios, investimento e na transi\u00e7\u00e3o).<\/p>\n<p>Foto em destaque: Carolina Jardine&nbsp;<\/p>\n","protected":false},"excerpt":{"rendered":"<p>Uma das grandes pautas do setor l\u00e1cteo brasileiro, as exporta\u00e7\u00f5es v\u00e3o ganhar novo est\u00edmulo com o desenvolvimento do Peiex (Programa de Qualifica\u00e7\u00e3o para Exporta\u00e7\u00e3o) oferecido pela Apex-Brasil para que as empresas do setor iniciem a sua prepara\u00e7\u00e3o para ingressar no mercado internacional com seus produtos. Em reuni\u00e3o da Alian\u00e7a L\u00e1ctea Sul Brasileira na manh\u00e3 desta <a href=\"https:\/\/www.sindilat.com.br\/site\/2021\/06\/08\/alianca-lactea-sul-brasileira-programa-que-incentiva-exportacao-de-lacteos-ganha-forca-no-su\/\" class=\"more-link\">...continuar lendo<span class=\"screen-reader-text\"> \"Alian\u00e7a L\u00e1ctea Sul Brasileira: Programa que incentiva exporta\u00e7\u00e3o de l\u00e1cteos ganha for\u00e7a no Su\"<\/span><\/a><\/p>\n","protected":false},"author":3,"featured_media":7243,"comment_status":"open","ping_status":"open","sticky":false,"template":"","format":"standard","meta":{"ngg_post_thumbnail":0,"footnotes":""},"categories":[18],"tags":[112,41,47,42],"class_list":{"0":"post-7242","1":"post","2":"type-post","3":"status-publish","4":"format-standard","5":"has-post-thumbnail","7":"category-noticias","8":"tag-alianca-lactea","9":"tag-leite","10":"tag-setor-lacteo","11":"tag-sindilat","12":"h-entry","13":"hentry","14":"h-as-article"},"_links":{"self":[{"href":"https:\/\/www.sindilat.com.br\/site\/wp-json\/wp\/v2\/posts\/7242","targetHints":{"allow":["GET"]}}],"collection":[{"href":"https:\/\/www.sindilat.com.br\/site\/wp-json\/wp\/v2\/posts"}],"about":[{"href":"https:\/\/www.sindilat.com.br\/site\/wp-json\/wp\/v2\/types\/post"}],"author":[{"embeddable":true,"href":"https:\/\/www.sindilat.com.br\/site\/wp-json\/wp\/v2\/users\/3"}],"replies":[{"embeddable":true,"href":"https:\/\/www.sindilat.com.br\/site\/wp-json\/wp\/v2\/comments?post=7242"}],"version-history":[{"count":1,"href":"https:\/\/www.sindilat.com.br\/site\/wp-json\/wp\/v2\/posts\/7242\/revisions"}],"predecessor-version":[{"id":7244,"href":"https:\/\/www.sindilat.com.br\/site\/wp-json\/wp\/v2\/posts\/7242\/revisions\/7244"}],"wp:featuredmedia":[{"embeddable":true,"href":"https:\/\/www.sindilat.com.br\/site\/wp-json\/wp\/v2\/media\/7243"}],"wp:attachment":[{"href":"https:\/\/www.sindilat.com.br\/site\/wp-json\/wp\/v2\/media?parent=7242"}],"wp:term":[{"taxonomy":"category","embeddable":true,"href":"https:\/\/www.sindilat.com.br\/site\/wp-json\/wp\/v2\/categories?post=7242"},{"taxonomy":"post_tag","embeddable":true,"href":"https:\/\/www.sindilat.com.br\/site\/wp-json\/wp\/v2\/tags?post=7242"}],"curies":[{"name":"wp","href":"https:\/\/api.w.org\/{rel}","templated":true}]}}