{"id":6680,"date":"2021-04-13T19:46:21","date_gmt":"2021-04-13T19:46:21","guid":{"rendered":"http:\/\/www.sindilat.com.br\/site\/?p=6680"},"modified":"2021-04-13T20:02:27","modified_gmt":"2021-04-13T20:02:27","slug":"13-04-2021","status":"publish","type":"post","link":"https:\/\/www.sindilat.com.br\/site\/2021\/04\/13\/13-04-2021\/","title":{"rendered":"13\/04\/2021"},"content":{"rendered":"<p style=\"text-align: justify;\"><a class=\"imgGl\"><span style=\"color: #000000;\"><img loading=\"lazy\" decoding=\"async\" class=\"\" src=\"https:\/\/dl.dnzdns.com\/v\/uuURf8ABF0257\" alt=\"Newsletter Sindilat_RS\" width=\"694\" height=\"124\"><\/span><\/a><\/p>\n<p style=\"text-align: justify;\"><span style=\"color: #000000;\">Porto Alegre, 13 de abril de 2021&nbsp; &nbsp; &nbsp; &nbsp; &nbsp; &nbsp; &nbsp; &nbsp; &nbsp; &nbsp; &nbsp; &nbsp; &nbsp; &nbsp; &nbsp; &nbsp; &nbsp; &nbsp; &nbsp; &nbsp; &nbsp; &nbsp; &nbsp; &nbsp; &nbsp; &nbsp; &nbsp; &nbsp; &nbsp;Ano 15&nbsp;- N\u00b0 3.442<\/span><\/p>\n<hr>\n<p style=\"text-align: justify;\"><strong>1 \u00b0 Semin\u00e1rio Conseleites pretende difundir e incentivar implanta\u00e7\u00e3o do colegiado em outras regi\u00f5es do pa\u00eds<\/strong><\/p>\n<p style=\"text-align: justify;\"><em>Encontro online acontece nesta quarta-feira (14), \u00e1s 8h30, com acesso pelo canal do YouTube<\/em><\/p>\n<p style=\"text-align: justify;\">Municiar representantes da cadeia produtiva de l\u00e1cteos de diversas partes do Brasil sobre o trabalho que vem sendo realizado pelos Conselhos Parit\u00e1rios Produtores\/Ind\u00fastrias de Leite dos Estados (Conseleites) e incentivar a forma\u00e7\u00e3o de novos colegiados em outras regi\u00f5es do pa\u00eds. Com essa proposta, acontece nesta quarta-feira (14), a partir das 8h30, em formato online, o 1\u00b0 Semin\u00e1rio Conseleites, uma iniciativa do Minist\u00e9rio da Agricultura, Pecu\u00e1ria e Abastecimento (Mapa), por meio da Secretaria de Pol\u00edtica Agr\u00edcola (SPA), C\u00e2mara Setorial da Cadeia Produtiva de Leite e Derivados e Embrapa Gado de Leite. O encontro poder\u00e1 ser acompanhado em tempo real<a href=\"https:\/\/www.youtube.com\/watch?v=ixYkZXzARIg\"> clicando aqui.&nbsp;<\/a><\/p>\n<p style=\"text-align: justify;\">De acordo com o coordenador geral de Planos e Cen\u00e1rios da SPA\/Mapa, Eduardo Mazzoleni, o encontro tem a pretens\u00e3o de ampliar a harmoniza\u00e7\u00e3o entre produtores e ind\u00fastrias, algo que tem avan\u00e7ado nos \u00faltimos anos com a instala\u00e7\u00e3o dos conselhos, especialmente nas regi\u00f5es Sul e Sudeste do pa\u00eds. \u201cCostumo dizer que a cadeia l\u00e1ctea \u00e9 como um trem. Quando um vag\u00e3o apresenta problemas compromete todos os demais\u2019, sintetiza para mostrar a import\u00e2ncia da intera\u00e7\u00e3o e redu\u00e7\u00e3o dos conflitos de interesses entre todos os elos da cadeia.<\/p>\n<p style=\"text-align: justify;\">Segundo Mazzoleni, os conseleites em atua\u00e7\u00e3o hoje no Brasil t\u00eam desempenhado um papel importante na consolida\u00e7\u00e3o da cadeia l\u00e1ctea e, por isso, devem servir de exemplo positivo para outras representa\u00e7\u00f5es estaduais para que tamb\u00e9m possam iniciar processo de implanta\u00e7\u00e3o do colegiado. \u201cQueremos fortalecer e ampliar a proposta do Conseleite, um f\u00f3rum permanente de discuss\u00f5es sobre assuntos de interesse tanto do produtor como da ind\u00fastria\u2019, afirmou.<\/p>\n<p style=\"text-align: justify;\">Para o presidente do Conseleite RS, Alexandre Guerra, o encontro vai oportunizar a cada um dos conselhos presentes relatar suas experi\u00eancias, dificuldades e conquistas ao longo dos anos, espelhando a atua\u00e7\u00e3o para os demais representantes que pretendem implantar o mesmo f\u00f3rum de entidades em seus estados. \u2018O Conseleite fornece ferramentas para que se entenda melhor a quest\u00e3o do mercado atual e tra\u00e7ar cen\u00e1rios dentro das expectativas colocadas por todos os agentes da cadeia l\u00e1ctea\u2019, destacou, ao salientar que o colegiado est\u00e1 consolidado como uma refer\u00eancia estrat\u00e9gica nas discuss\u00f5es e a\u00e7\u00f5es do segmento nos estados onde j\u00e1 existe.<\/p>\n<p style=\"text-align: justify;\"><em><strong>Programa\u00e7\u00e3o<\/strong><\/em><br \/>\n<em>08h30 \u00e0s 08h40<\/em> - Abertura<br \/>\n<em>08h40 \u00e0s 09h20<\/em> - M\u00e9todo dos Conseleites - Vania Di Addario Guimar\u00e3es e Jos\u00e9 Roberto Canziani - Professores \u2013 Universidade Federal do Paran\u00e1 (UFPr)<br \/>\n<em>09h20 \u00e0s 09h30<\/em> - M\u00e9todo dos Conseleites - Marco Antonio Montoya - Professor - Universidade de Passo Fundo (UPF)<br \/>\n<em>09h30 \u00e0s 10h00<\/em> - M\u00e9todo de forma\u00e7\u00e3o dos indicadores Cepea - Nat\u00e1lia Salaro Grigol - Pesquisadora - Centro de Estudos Avan\u00e7ados em Economia Aplicada (Cepea-Esalq\/USP)<br \/>\n<em>10h00 \u00e0s 10h15<\/em> - Perguntas<br \/>\n<em>10h15 \u00e0s 10h25<\/em>- Experi\u00eancias do Conseleite PR - Wilson Thiesen e Ronei Volpi - Presidente e Vice-Presidente - Conseleite Paran\u00e1<br \/>\n<em>10h25 \u00e0s 10h35<\/em> - Experi\u00eancias do Conseleite MG - Yago Silveira Sartori, Eduardo Pena e Ronaldo Scucato - Presidente e Vice-Presidentes \u2013 Conseleite Minas Gerais<br \/>\n<em>10h35 \u00e0s 10h45<\/em> - Experi\u00eancias do Conseleite RS - Alexandre Guerra e Rodrigo Rizzo - Presidente e Vice-Presidente \u2013 Conseleite Rio Grande do Sul<br \/>\n<em>10h45 \u00e0s 10h55<\/em> - Experi\u00eancias do Conseleite MS - Eliamar Oliveira e Paulo Fernando Pereira Barbosa - Analista T\u00e9cnica da Federa\u00e7\u00e3o Agricultura Pecu\u00e1ria Mato Grosso do Sul (Famasul) e Vice-Presidente do Sindicato das Ind\u00fastrias de Latic\u00ednios do Estado de Mato Grosso do Sul (Silems)<br \/>\n<em>10h55 \u00e0s 11h10<\/em> - Experi\u00eancias da C\u00e2mara T\u00e9cnica e de Concilia\u00e7\u00e3o da Cadeia L\u00e1ctea de Goi\u00e1s - Ant\u00f4nio Carlos de Souza Lima Neto, Edson Alves Novaes e Alcides Augusto de Fonseca - Secret\u00e1rio de Estado de Agricultura, Pecu\u00e1ria e Abastecimento de Goi\u00e1s, Federa\u00e7\u00e3o da Agricultura e Pecu\u00e1ria de Goi\u00e1s (Faeg) e Presidente do Sindicato da Ind\u00fastria de Latic\u00ednios do Estado de Goi\u00e1s (Sindileite-GO)<br \/>\n<em>11h10 \u00e0s 11h20<\/em> - Experi\u00eancias do Conseleite SC - Valter Antonio Brandalise e Jos\u00e9 Carlos Araujo - Presidente e Vice-Presidente \u2013 Conseleite Santa Catarina<br \/>\n<em>11h20 \u00e0s 11h30<\/em> - Conseleite: coordena\u00e7\u00e3o e gest\u00e3o de risco na cadeia do leite - Glauco Carvalho - Pesquisador \u2013 Embrapa Gado de Leite<br \/>\n<em>11h30 \u00e0s 12h05<\/em> \u2013 Encaminhamento<br \/>\n<em>12h05 \u00e0s 12h15<\/em> \u2013 Encerramento<\/p>\n<p style=\"text-align: justify;\">Assessoria de imprensa Sindilat\/RS<\/p>\n<hr>\n<div style=\"text-align: justify;\">\n<p><strong>Boletim do Inmet traz progn\u00f3stico de chuvas e temperaturas para os pr\u00f3ximos tr\u00eas meses<\/strong><\/p>\n<p><em>Estudo tamb\u00e9m apresenta a an\u00e1lise das condi\u00e7\u00f5es clim\u00e1ticas no m\u00eas de mar\u00e7o de e as condi\u00e7\u00f5es oce\u00e2nicas<\/em><\/p>\n<p>As tend\u00eancias de chuvas e temperaturas para os meses de abril, maio e junho em todo o pa\u00eds foram divulgadas pelo Instituto Nacional de Meteorologia (Inmet) na 16\u00aa edi\u00e7\u00e3o do Boletim <a href=\"https:\/\/www.gov.br\/agricultura\/pt-br\/assuntos\/noticias\/boletim-do-inmet-traz-prognostico-de-chuvas-e-temperaturas-para-os-proximos-tres-meses\/BoletimAgro_abril_2021.pdf\">Agroclimatol\u00f3gico Mensal - Abril de 2021.<\/a> O estudo tamb\u00e9m apresenta a an\u00e1lise das condi\u00e7\u00f5es clim\u00e1ticas observadas no Brasil no m\u00eas de mar\u00e7o e as condi\u00e7\u00f5es oce\u00e2nicas observadas e suas tend\u00eancias.<\/p>\n<p>Na regi\u00e3o Norte, as chuvas dever\u00e3o ocorrer acima ou pr\u00f3ximas \u00e0 m\u00e9dia climatol\u00f3gica. A temperatura do ar pr\u00f3xima \u00e0 superf\u00edcie dever\u00e1 prevalecer acima da m\u00e9dia em grande parte da regi\u00e3o. Em abril, a previs\u00e3o do balan\u00e7o h\u00eddrico no solo para indica predom\u00ednio de excedentes h\u00eddricos em grande parte da regi\u00e3o. Em maio e junho, os valores mais significativos de excedentes h\u00eddricos est\u00e3o previstos para a parte norte da Regi\u00e3o Norte, enquanto nos estados de Rond\u00f4nia e Tocantins, sul do Par\u00e1 e do Amazonas s\u00e3o previstos d\u00e9ficits h\u00eddricos.<\/p>\n<p>No Nordeste, a previs\u00e3o indica chuvas acima da m\u00e9dia sobre a parte norte desde o Maranh\u00e3o at\u00e9 o Rio Grande do Norte, principalmente em abril. Nas demais \u00e1reas, a previs\u00e3o \u00e9 de irregularidade das chuvas. As temperaturas do ar devem predominar pr\u00f3ximas e acima da climatologia, principalmente na regi\u00e3o do Matopiba (regi\u00e3o entre os estados de Maranh\u00e3o, Tocantins Piau\u00ed e Bahia). Em abril, a previs\u00e3o do balan\u00e7o h\u00eddrico no solo indica predom\u00ednio de excedente h\u00eddrico sobre o norte do Maranh\u00e3o, Piau\u00ed e Cear\u00e1, enquanto sobre o norte da Bahia, oeste de Pernambuco, de Sergipe, de Alagoas e sudeste do Piau\u00ed, as condi\u00e7\u00f5es s\u00e3o favor\u00e1veis a ocorr\u00eancia de d\u00e9ficits de \u00e1gua no solo.<\/p>\n<p>A previs\u00e3o do Inmet para a Regi\u00e3o Centro-Oeste indica que as chuvas dever\u00e3o ocorrer pr\u00f3ximas e ligeiramente abaixo da m\u00e9dia sobre a maior parte da regi\u00e3o, com in\u00edcio do per\u00edodo seco a partir de maio. As temperaturas dever\u00e3o predominar em valores pr\u00f3ximos e acima da m\u00e9dia durante o trimestre. O balan\u00e7o h\u00eddrico indica \u00e1reas com baixos valores de excedente h\u00eddrico sobre o norte e oeste de Mato Grosso, norte de Goi\u00e1s e Distrito Federal para o m\u00eas de abril. Nos meses de maio e junho, a previs\u00e3o \u00e9 de defici\u00eancia h\u00eddrica em grande parte da Regi\u00e3o Centro-Oeste.<\/p>\n<p>No Sudeste, a previs\u00e3o \u00e9 de predom\u00ednio de acumulados de chuvas abaixo da m\u00e9dia em grande parte da Regi\u00e3o. A temperatura do ar dever\u00e1 prevalecer pr\u00f3xima e acima da m\u00e9dia em grande parte da regi\u00e3o. Para os meses de abril a junho, haver\u00e1 o predom\u00ednio de excedente de \u00e1gua no solo somente sobre o sudeste de S\u00e3o Paulo, nas demais \u00e1reas s\u00e3o previstos d\u00e9ficits h\u00eddricos, principalmente no norte de Minas Gerais.<\/p>\n<p>Para a Regi\u00e3o Sul, o trimestre deve ficar com chuvas abaixo da m\u00e9dia climatol\u00f3gica em praticamente toda a regi\u00e3o, exceto no sudeste do Rio Grande do Sul, onde h\u00e1 probabilidade de ocorr\u00eancia de chuvas pr\u00f3ximas e acima da climatologia. A temperatura do ar dever\u00e1 prevalecer acima da m\u00e9dia sobre o meio norte do Rio Grande do Sul, parte central e oeste do Paran\u00e1, al\u00e9m do oeste de Santa Catarina. Nos meses de maio e junho, a previs\u00e3o indica o predom\u00ednio de excedente h\u00eddrico para o solo em praticamente toda Regi\u00e3o Sul. (MAPA)<\/p>\n<\/div>\n<p style=\"text-align: justify;\">&nbsp;<\/p>\n<p style=\"text-align: justify;\">&nbsp;<\/p>\n<p style=\"text-align: justify;\"><strong>Santa Clara lan\u00e7a Fondue de Chocolate Branco e Queijo Coalho com or\u00e9gano 500g<\/strong><\/p>\n<p style=\"text-align: justify;\"><em>A Cooperativa Santa Clara est\u00e1 com novidades no mix de seus produtos. Neste m\u00eas lan\u00e7ou dois itens: Fondue de Chocolate Branco e Queijo Coalho com or\u00e9gano 500g.<\/em><\/p>\n<p style=\"text-align: justify;\">A Fondue de Chocolate Branco pode ser encontrada em embalagens de 400g, e \u00e9 ideal para sobremesas ou degustar acompanhado por cubos de p\u00e3o, morangos, uvas, kiwi, bergamota, pera e outras frutas ou queijos de sabor suave, como Caccio Cavallo, Colonial, Gouda e It\u00e1lico. A linha conta ainda com os sabores de Chocolate, Doce de Leite, Queijo e Quatro Queijos e bisnagas de 1,8kg de Chocolate e Queijo ideal para restaurantes, pizzarias, lancherias, padarias, entre outros servi\u00e7os de alimenta\u00e7\u00e3o.<\/p>\n<p style=\"text-align: justify;\">Outra novidade que chega ao mercado \u00e9 o Queijo Coalho com or\u00e9gano. O produto est\u00e1 dispon\u00edvel em pe\u00e7a de 500 gramas. Os consumidores tamb\u00e9m podem conferir o Queijo Coalho com e sem or\u00e9gano no palito, Queijo Coalho 500g e na vers\u00e3o forma.<\/p>\n<p style=\"text-align: justify;\">A Cooperativa Santa Clara conta com um mix de 325 produtos, entre Latic\u00ednios e Frigor\u00edfico. (Santa Clara)<\/p>\n<div style=\"text-align: justify;\">\n<p style=\"text-align: justify;\"><img loading=\"lazy\" decoding=\"async\" class=\"alignnone  wp-image-6687\" src=\"http:\/\/www.sindilat.com.br\/site\/wp-content\/uploads\/2021\/04\/lkjhgfdfghj.png\" alt=\"\" width=\"648\" height=\"345\" srcset=\"https:\/\/www.sindilat.com.br\/site\/wp-content\/uploads\/2021\/04\/lkjhgfdfghj.png 353w, https:\/\/www.sindilat.com.br\/site\/wp-content\/uploads\/2021\/04\/lkjhgfdfghj-300x160.png 300w\" sizes=\"auto, (max-width: 648px) 100vw, 648px\" \/><\/p>\n<\/div>\n<hr>\n<p style=\"text-align: center;\"><i><b><span style=\"color: #000000;\">Jogo R\u00e1pido<\/span><\/b><\/i><\/p>\n<p style=\"text-align: center;\"><b><i>F\u00f3rum Milkpoint<br \/>\n<\/i><\/b><i>O complexo cen\u00e1rio futuro da economia brasileira e seus impactos no consumo de l\u00e1cteos e derivados, e muitas outras quest\u00f5es, s\u00e3o d\u00favidas que permeiam qualquer um que tenha rela\u00e7\u00e3o com o setor l\u00e1cteo. As incertezas fazem parte da atividade e conhecimento e boas informa\u00e7\u00f5es s\u00e3o um divisor de \u00e1guas na hora de tomada de decis\u00f5es. Pensando nisso, realizaremos o F\u00f3rum MilkPoint Mercado 2021, nos dias 27 e 28 de abril. Um evento sobre o cen\u00e1rio l\u00e1cteo e suas tend\u00eancias, que conta com um time de palestrantes excelente, trazendo informa\u00e7\u00f5es importantes sobre o setor.&nbsp;<a href=\"https:\/\/www.forummilkpointmercado.com.br\/?coupon=DescontoSindilat\" data-cke-saved-href=\"https:\/\/www.forummilkpointmercado.com.br\/?coupon=DescontoSindilat\">&nbsp;Entre no site, confira a programa\u00e7\u00e3o completa e se inscreva!<\/a>&nbsp;(Milkpoint)<\/i><\/p>\n","protected":false},"excerpt":{"rendered":"<p>Porto Alegre, 13 de abril de 2021&nbsp; &nbsp; &nbsp; &nbsp; &nbsp; &nbsp; &nbsp; &nbsp; &nbsp; &nbsp; &nbsp; &nbsp; &nbsp; &nbsp; &nbsp; &nbsp; &nbsp; &nbsp; &nbsp; &nbsp; &nbsp; &nbsp; &nbsp; &nbsp; &nbsp; &nbsp; &nbsp; &nbsp; &nbsp;Ano 15&nbsp;- N\u00b0 3.442 1 \u00b0 Semin\u00e1rio Conseleites pretende difundir e incentivar implanta\u00e7\u00e3o do colegiado em outras regi\u00f5es do pa\u00eds Encontro <a href=\"https:\/\/www.sindilat.com.br\/site\/2021\/04\/13\/13-04-2021\/\" class=\"more-link\">...continuar lendo<span class=\"screen-reader-text\"> \"13\/04\/2021\"<\/span><\/a><\/p>\n","protected":false},"author":2,"featured_media":0,"comment_status":"open","ping_status":"open","sticky":false,"template":"","format":"standard","meta":{"ngg_post_thumbnail":0,"footnotes":""},"categories":[28],"tags":[],"class_list":{"0":"post-6680","1":"post","2":"type-post","3":"status-publish","4":"format-standard","6":"category-newsletter","7":"h-entry","8":"hentry","9":"h-as-article"},"_links":{"self":[{"href":"https:\/\/www.sindilat.com.br\/site\/wp-json\/wp\/v2\/posts\/6680","targetHints":{"allow":["GET"]}}],"collection":[{"href":"https:\/\/www.sindilat.com.br\/site\/wp-json\/wp\/v2\/posts"}],"about":[{"href":"https:\/\/www.sindilat.com.br\/site\/wp-json\/wp\/v2\/types\/post"}],"author":[{"embeddable":true,"href":"https:\/\/www.sindilat.com.br\/site\/wp-json\/wp\/v2\/users\/2"}],"replies":[{"embeddable":true,"href":"https:\/\/www.sindilat.com.br\/site\/wp-json\/wp\/v2\/comments?post=6680"}],"version-history":[{"count":6,"href":"https:\/\/www.sindilat.com.br\/site\/wp-json\/wp\/v2\/posts\/6680\/revisions"}],"predecessor-version":[{"id":6684,"href":"https:\/\/www.sindilat.com.br\/site\/wp-json\/wp\/v2\/posts\/6680\/revisions\/6684"}],"wp:attachment":[{"href":"https:\/\/www.sindilat.com.br\/site\/wp-json\/wp\/v2\/media?parent=6680"}],"wp:term":[{"taxonomy":"category","embeddable":true,"href":"https:\/\/www.sindilat.com.br\/site\/wp-json\/wp\/v2\/categories?post=6680"},{"taxonomy":"post_tag","embeddable":true,"href":"https:\/\/www.sindilat.com.br\/site\/wp-json\/wp\/v2\/tags?post=6680"}],"curies":[{"name":"wp","href":"https:\/\/api.w.org\/{rel}","templated":true}]}}