{"id":6677,"date":"2021-04-13T18:36:10","date_gmt":"2021-04-13T18:36:10","guid":{"rendered":"http:\/\/www.sindilat.com.br\/site\/?p=6677"},"modified":"2021-04-13T18:36:10","modified_gmt":"2021-04-13T18:36:10","slug":"1-seminario-conseleites-pretende-difundir-e-incentivar-implantacao-do-colegiado-em-outras-regioes-do-pais","status":"publish","type":"post","link":"https:\/\/www.sindilat.com.br\/site\/2021\/04\/13\/1-seminario-conseleites-pretende-difundir-e-incentivar-implantacao-do-colegiado-em-outras-regioes-do-pais\/","title":{"rendered":"1 \u00b0 Semin\u00e1rio Conseleites pretende difundir e incentivar implanta\u00e7\u00e3o do colegiado em outras regi\u00f5es do pa\u00eds"},"content":{"rendered":"<p>Municiar representantes da cadeia produtiva de l\u00e1cteos de diversas partes do Brasil sobre o trabalho que vem sendo realizado pelos Conselhos Parit\u00e1rios Produtores\/Ind\u00fastrias de Leite dos Estados (Conseleites) e incentivar a forma\u00e7\u00e3o de novos colegiados em outras regi\u00f5es do pa\u00eds. Com essa proposta, acontece nesta quarta-feira (14\/4), a partir das 8h30, em formato on-line, o 1\u00b0 Semin\u00e1rio Conseleites, uma iniciativa do Minist\u00e9rio da Agricultura, Pecu\u00e1ria e Abastecimento (Mapa), por meio da Secretaria de Pol\u00edtica Agr\u00edcola (SPA), C\u00e2mara Setorial da Cadeia Produtiva de Leite e Derivados e Embrapa Gado de Leite. O encontro poder\u00e1 ser acompanhado em tempo real pelo link <a href=\"https:\/\/www.youtube.com\/watch?v=ixYkZXzARIg\">https:\/\/www.youtube.com\/watch?v=ixYkZXzARIg<\/a>.<\/p>\n<p>De acordo com o coordenador geral de Planos e Cen\u00e1rios da SPA\/Mapa, Eduardo Mazzoleni, o encontro tem a pretens\u00e3o de ampliar a harmoniza\u00e7\u00e3o entre produtores e ind\u00fastrias, algo que tem avan\u00e7ado nos \u00faltimos anos com a instala\u00e7\u00e3o dos conselhos, especialmente nas regi\u00f5es Sul e Sudeste do pa\u00eds. \u201cCostumo dizer que a cadeia l\u00e1ctea \u00e9 como um trem. Quando um vag\u00e3o apresenta problemas compromete todos os demais\u2019, sintetiza para mostrar a import\u00e2ncia da intera\u00e7\u00e3o e redu\u00e7\u00e3o dos conflitos de interesses entre todos os elos da cadeia.<\/p>\n<p>Segundo Mazzoleni, os conseleites em atua\u00e7\u00e3o hoje no Brasil t\u00eam desempenhado um papel importante na consolida\u00e7\u00e3o da cadeia l\u00e1ctea e, por isso, devem servir de exemplo positivo para outras representa\u00e7\u00f5es estaduais para que tamb\u00e9m possam iniciar processo de implanta\u00e7\u00e3o do colegiado. \u201cQueremos fortalecer e ampliar a proposta do Conseleite, um f\u00f3rum permanente de discuss\u00f5es sobre assuntos de interesse tanto do produtor como da ind\u00fastria\", afirmou.<\/p>\n<p>Para o coordenador do Conseleite RS, Alexandre Guerra, o encontro vai oportunizar a cada um dos conselhos presentes relatar suas experi\u00eancias, dificuldades e conquistas ao longo dos anos, espelhando a atua\u00e7\u00e3o para os demais representantes que pretendem implantar o mesmo f\u00f3rum de entidades em seus estados. \"O Conseleite fornece ferramentas para que se entenda melhor a quest\u00e3o do mercado atual e tra\u00e7ar cen\u00e1rios dentro das expectativas colocadas por todos os agentes da cadeia l\u00e1ctea\", destacou, ao salientar que o colegiado est\u00e1 consolidado como uma refer\u00eancia estrat\u00e9gica nas discuss\u00f5es e a\u00e7\u00f5es do segmento nos estados onde j\u00e1 existe.<\/p>\n<p><strong>Programa\u00e7\u00e3o<\/strong><\/p>\n<p>08h30 \u00e0s 08h40 - Abertura<\/p>\n<p>08h40 \u00e0s 09h20 - M\u00e9todo dos Conseleites - Vania Di Addario Guimar\u00e3es e Jos\u00e9 Roberto Canziani - Professores \u2013 Universidade Federal do Paran\u00e1 (UFPr)<\/p>\n<p>09h20 \u00e0s 09h30 - M\u00e9todo dos Conseleites - Marco Antonio Montoya - Professor - Universidade de Passo Fundo (UPF)<\/p>\n<p>09h30 \u00e0s 10h00 - M\u00e9todo de forma\u00e7\u00e3o dos indicadores Cepea - Nat\u00e1lia Salaro Grigol - Pesquisadora - Centro de Estudos Avan\u00e7ados em Economia Aplicada (Cepea-Esalq\/USP)<\/p>\n<p>10h00 \u00e0s 10h15 - Perguntas<\/p>\n<p>10h15 \u00e0s 10h25- Experi\u00eancias do Conseleite PR - Wilson Thiesen e Ronei Volpi - Presidente e Vice-Presidente - Conseleite Paran\u00e1<\/p>\n<p>10h25 \u00e0s 10h35 - Experi\u00eancias do Conseleite MG - Yago Silveira Sartori, Eduardo Pena e Ronaldo Scucato - Presidente e Vice-Presidentes \u2013 Conseleite Minas Gerais<\/p>\n<p>10h35 \u00e0s 10h45 - Experi\u00eancias do Conseleite RS - Alexandre Guerra e Rodrigo Rizzo - Presidente e Vice-Presidente \u2013 Conseleite Rio Grande do Sul<\/p>\n<p>10h45 \u00e0s 10h55 - Experi\u00eancias do Conseleite MS - Eliamar Oliveira e Paulo Fernando Pereira Barbosa - Analista T\u00e9cnica da Federa\u00e7\u00e3o Agricultura Pecu\u00e1ria Mato Grosso do Sul (Famasul) e Vice-Presidente do Sindicato das Ind\u00fastrias de Latic\u00ednios do Estado de Mato Grosso do Sul (Silems)<\/p>\n<p>10h55 \u00e0s 11h10 - Experi\u00eancias da C\u00e2mara T\u00e9cnica e de Concilia\u00e7\u00e3o da Cadeia L\u00e1ctea de Goi\u00e1s - Ant\u00f4nio Carlos de Souza Lima Neto, Edson Alves Novaes e Alcides Augusto de Fonseca - Secret\u00e1rio de Estado de Agricultura, Pecu\u00e1ria e Abastecimento de Goi\u00e1s, Federa\u00e7\u00e3o da Agricultura e Pecu\u00e1ria de Goi\u00e1s (Faeg) e Presidente do Sindicato da Ind\u00fastria de Latic\u00ednios do Estado de Goi\u00e1s (Sindileite-GO)<\/p>\n<p>11h10 \u00e0s 11h20 - Experi\u00eancias do Conseleite SC - Valter Antonio Brandalise e Jos\u00e9 Carlos Araujo - Presidente e Vice-Presidente \u2013 Conseleite Santa Catarina<\/p>\n<p>11h20 \u00e0s 11h30 - Conseleite: coordena\u00e7\u00e3o e gest\u00e3o de risco na cadeia do leite - Glauco Carvalho - Pesquisador \u2013 Embrapa Gado de Leite<\/p>\n<p>11h30 \u00e0s 12h05 \u2013 Encaminhamento<\/p>\n<p>12h05 \u00e0s 12h15 - Encerramento<\/p>\n","protected":false},"excerpt":{"rendered":"<p>Municiar representantes da cadeia produtiva de l\u00e1cteos de diversas partes do Brasil sobre o trabalho que vem sendo realizado pelos Conselhos Parit\u00e1rios Produtores\/Ind\u00fastrias de Leite dos Estados (Conseleites) e incentivar a forma\u00e7\u00e3o de novos colegiados em outras regi\u00f5es do pa\u00eds. Com essa proposta, acontece nesta quarta-feira (14\/4), a partir das 8h30, em formato on-line, o <a href=\"https:\/\/www.sindilat.com.br\/site\/2021\/04\/13\/1-seminario-conseleites-pretende-difundir-e-incentivar-implantacao-do-colegiado-em-outras-regioes-do-pais\/\" class=\"more-link\">...continuar lendo<span class=\"screen-reader-text\"> \"1 \u00b0 Semin\u00e1rio Conseleites pretende difundir e incentivar implanta\u00e7\u00e3o do colegiado em outras regi\u00f5es do pa\u00eds\"<\/span><\/a><\/p>\n","protected":false},"author":3,"featured_media":6678,"comment_status":"open","ping_status":"open","sticky":false,"template":"","format":"standard","meta":{"ngg_post_thumbnail":0,"footnotes":""},"categories":[18],"tags":[52,41,47,42],"class_list":{"0":"post-6677","1":"post","2":"type-post","3":"status-publish","4":"format-standard","5":"has-post-thumbnail","7":"category-noticias","8":"tag-conseleite","9":"tag-leite","10":"tag-setor-lacteo","11":"tag-sindilat","12":"h-entry","13":"hentry","14":"h-as-article"},"_links":{"self":[{"href":"https:\/\/www.sindilat.com.br\/site\/wp-json\/wp\/v2\/posts\/6677","targetHints":{"allow":["GET"]}}],"collection":[{"href":"https:\/\/www.sindilat.com.br\/site\/wp-json\/wp\/v2\/posts"}],"about":[{"href":"https:\/\/www.sindilat.com.br\/site\/wp-json\/wp\/v2\/types\/post"}],"author":[{"embeddable":true,"href":"https:\/\/www.sindilat.com.br\/site\/wp-json\/wp\/v2\/users\/3"}],"replies":[{"embeddable":true,"href":"https:\/\/www.sindilat.com.br\/site\/wp-json\/wp\/v2\/comments?post=6677"}],"version-history":[{"count":1,"href":"https:\/\/www.sindilat.com.br\/site\/wp-json\/wp\/v2\/posts\/6677\/revisions"}],"predecessor-version":[{"id":6679,"href":"https:\/\/www.sindilat.com.br\/site\/wp-json\/wp\/v2\/posts\/6677\/revisions\/6679"}],"wp:featuredmedia":[{"embeddable":true,"href":"https:\/\/www.sindilat.com.br\/site\/wp-json\/wp\/v2\/media\/6678"}],"wp:attachment":[{"href":"https:\/\/www.sindilat.com.br\/site\/wp-json\/wp\/v2\/media?parent=6677"}],"wp:term":[{"taxonomy":"category","embeddable":true,"href":"https:\/\/www.sindilat.com.br\/site\/wp-json\/wp\/v2\/categories?post=6677"},{"taxonomy":"post_tag","embeddable":true,"href":"https:\/\/www.sindilat.com.br\/site\/wp-json\/wp\/v2\/tags?post=6677"}],"curies":[{"name":"wp","href":"https:\/\/api.w.org\/{rel}","templated":true}]}}