{"id":6237,"date":"2021-01-20T20:46:38","date_gmt":"2021-01-20T20:46:38","guid":{"rendered":"http:\/\/www.sindilat.com.br\/site\/?p=6237"},"modified":"2021-01-20T20:48:49","modified_gmt":"2021-01-20T20:48:49","slug":"20-01-2021","status":"publish","type":"post","link":"https:\/\/www.sindilat.com.br\/site\/2021\/01\/20\/20-01-2021\/","title":{"rendered":"20\/01\/2021"},"content":{"rendered":"<p><strong><a class=\"imgGl\"><img loading=\"lazy\" decoding=\"async\" class=\"\" style=\"vertical-align: top;\" src=\"https:\/\/dl.dnzdns.com\/v\/uuURf8ABF0257\" alt=\"Newsletter Sindilat_RS\" width=\"689\" height=\"123\"><\/a><\/strong><\/p>\n<p>Porto Alegre, 20 de janeiro de 2020&nbsp; &nbsp; &nbsp; &nbsp; &nbsp; &nbsp; &nbsp; &nbsp; &nbsp; &nbsp; &nbsp; &nbsp; &nbsp; &nbsp; &nbsp; &nbsp; &nbsp; &nbsp; &nbsp; &nbsp; &nbsp; &nbsp; &nbsp; &nbsp; &nbsp; Ano 15 - N\u00b0 3.387<\/p>\n<hr>\n<p style=\"text-align: justify;\"><b>Iju\u00ed ter\u00e1 servi\u00e7o para an\u00e1lise da qualidade do leite<br \/>\n<\/b><br \/>\nProdutores de leite do Noroeste ga\u00facho ganhar\u00e3o um refor\u00e7o para qualificar a produ\u00e7\u00e3o e equilibrar a dieta das vacas. \u00c9 o projeto Suport D Leite, novo laborat\u00f3rio que atuar\u00e1 na an\u00e1lise de amostras a partir de fevereiro. A iniciativa, idealizada pela m\u00e9dica veterin\u00e1ria e professora da Uniju\u00ed, Denize Fraga, visa suprir a car\u00eancia de an\u00e1lises que, apesar de n\u00e3o precisarem ser realizadas somente em laborat\u00f3rios oficiais, podem ajudar no acompanhamento t\u00e9cnico das propriedades para a tomada de decis\u00f5es gerenciais e, principalmente, apoiar na formula\u00e7\u00e3o de uma dieta alimentar mais equilibrada e muitas vezes econ\u00f4mica com a substitui\u00e7\u00e3o do milho e do farelo de soja, que est\u00e3o valorizados e comprometem o resultado da atividade. O projeto foi tema de reuni\u00e3o entre a pesquisadora e o secret\u00e1rio-executivo do Sindicato da Ind\u00fastria de Latic\u00ednios do Rio Grande do Sul (Sindilat), Darlan Palharini, nesta segunda-feira (18\/01).&nbsp;&nbsp;<\/p>\n<p style=\"text-align: justify;\">O laborat\u00f3rio disponibilizar\u00e1 aos produtores an\u00e1lise de composi\u00e7\u00e3o (gordura, prote\u00edna, s\u00f3lidos totais, extrato seco desengordurado) e Contagem de C\u00e9lulas Som\u00e1ticas, al\u00e9m de Cultura On Farm. A m\u00e1quina utilizada para o processamento das amostras \u00e9 port\u00e1til e poder\u00e1 ser levada at\u00e9 as propriedades leiteiras ou operada na sede para an\u00e1lise das amostras enviadas. Com capacidade para realizar a an\u00e1lise de at\u00e9 2 mil amostras por dia, a iniciativa come\u00e7ar\u00e1 por Iju\u00ed, mas pretende, em seguida, ser implementada em outros munic\u00edpios ga\u00fachos. Inicialmente, o projeto conta com 50 parceiros.<\/p>\n<p style=\"text-align: justify;\">Segundo o executivo, a\u00e7\u00f5es como essa contribuem diretamente para o desenvolvimento da competitividade no setor l\u00e1cteo do Rio Grande do Sul, porque mostram onde o produtor precisa corrigir a dieta. \u201cEle contribuir\u00e1 no sentido de melhoria cont\u00ednua da qualidade do leite. Permitir\u00e1 que a propriedade se torne mais vi\u00e1vel economicamente e bem mais competitiva\u201d, destacou. O Sindicato ir\u00e1 apresentar na pr\u00f3xima reuni\u00e3o de associados, no dia 26 de janeiro, o escopo do projeto, para uma futura videoconfer\u00eancia entre ind\u00fastrias e a Denize.&nbsp;<\/p>\n<p style=\"text-align: justify;\">Os servi\u00e7os do novo laborat\u00f3rio poder\u00e3o ser demandados atrav\u00e9s do telefone (55) 99215-7667. As amostras poder\u00e3o ser enviadas para a sede da empresa (Rua Alagoas, n\u00ba 592 \u2013 Bairro Assis Brasil \u2013 Iju\u00ed), por transportadora, ou serem entregues em postos de recebimento de amostras.&nbsp; \u201cO lema do projeto \u00e9 conhecer para crescer. \u00c9 conhecer seus animais, sua realidade\u201d, afirmou Denize. (Assessoria de imprensa Sindilat\/RS)<\/p>\n<hr>\n<p style=\"text-align: justify;\"><b>Concentrados s\u00e3o o principal fator de aumento dos custos na em 2020<\/b><\/p>\n<p style=\"text-align: justify;\">O Custo Operacional Efetivo (COE) da pecu\u00e1ria leiteira registrou aumento de 1,13% em dezembro de 2020 na \u201cm\u00e9dia Brasil\u201d (BA, GO, MG, PR, RS, SC e SP). No acumulado do ano, a alta, nos principais estados produtores foi de 23,24%.<\/p>\n<p style=\"text-align: justify;\">O fator que mais influenciou a eleva\u00e7\u00e3o dos custos foi a valoriza\u00e7\u00e3o das ra\u00e7\u00f5es e concentrados e dos suplementos minerais. No acumulado de 2020, o aumento nos pre\u00e7os deste grupo de insumos foi de 44,13% na \u201cm\u00e9dia Brasil\u201d. Os suplementos minerais, insumo indispens\u00e1vel para nutri\u00e7\u00e3o dos rebanhos, tamb\u00e9m se valorizaram em dezembro, registrando aumento de 1,19% no m\u00eas e de 13,24% no acumulado do ano.&nbsp;<\/p>\n<p style=\"text-align: justify;\">Os pre\u00e7os dos alimentos concentrados subiram 2,34% em dezembro, apesar das desvaloriza\u00e7\u00f5es das mat\u00e9rias-primas utilizadas na produ\u00e7\u00e3o. O Indicador ESALQ\/BM&amp;FBOVESPA Paranagu\u00e1 da soja recuou 7,53% de novembro para dezembro, e o Indicador ESALQ\/BM&amp;FBOVESPA do milho, 6,2% no mesmo per\u00edodo. Os estados que registraram os maiores aumentos nos custos do concentrado em dezembro foram Minas Gerais (5,09%) e Goi\u00e1s (1,71%).<\/p>\n<p style=\"text-align: justify;\">A suplementa\u00e7\u00e3o mineral teve alta de 1,19% em dezembro na \u201cm\u00e9dia Brasil\u201d, com destaque para S\u00e3o Paulo e Paran\u00e1, onde as eleva\u00e7\u00f5es foram de 2,22% e de 1,93%, respectivamente. Diante do aumento de 4,05% no pre\u00e7o do leite na \u201cm\u00e9dia Brasil\u201d e da desvaloriza\u00e7\u00e3o do milho em dezembro, a rela\u00e7\u00e3o de troca entre esses produtos se tornou mais favor\u00e1vel ao produtor no \u00faltimo m\u00eas do ano, ap\u00f3s dois meses seguidos de perda no poder de compra.<\/p>\n<p style=\"text-align: justify;\">Em dezembro, uma saca de 60 kg de milho valia 35,43 litros de leite, contra 39,30 litros por saca em novembro. No ano de 2020 a m\u00e9dia dos doze meses para a rela\u00e7\u00e3o de troca foi de 34,34 litros de leite para a aquisi\u00e7\u00e3o de uma saca de milho de 60kg, 21,82% maior que em rela\u00e7\u00e3o ao ano de 2019 demonstrando a perda do poder de compra do produtor frente ao milho durante esse per\u00edodo.<\/p>\n<p style=\"text-align: justify;\">Essa redu\u00e7\u00e3o do poder aquisitivo por parte dos pecuaristas se deu diante do aumento do pre\u00e7o, do milho em 48,79% na m\u00e9dia de 2020 em rela\u00e7\u00e3o \u00e0 m\u00e9dia de 2019 (Indicador ESALQ\/BM&amp;FBOVESPA do milho) apesar da eleva\u00e7\u00e3o de 22,60% no pre\u00e7o do leite l\u00edquido pago ao produtor (CEPEA\/ESALQ (R$\/l) no mesmo per\u00edodo.<\/p>\n<p style=\"text-align: justify;\">Ap\u00f3s um 1\u00ba semestre de pouca varia\u00e7\u00e3o nos pre\u00e7os de sementes forrageiras em 2020 (+2,61%), as cota\u00e7\u00f5es tiveram aumento significativo na segunda metade do ano, de 32,54%. Al\u00e9m das sementes, os valores dos fertilizantes utilizados na implementa\u00e7\u00e3o e no cultivo das pastagens e das lavouras de milho para silagem subiram 12,62% no segundo semestre de 2020.<\/p>\n<p style=\"text-align: justify;\">Com a eleva\u00e7\u00e3o dos custos da dieta devido ao aumento nos pre\u00e7os dos concentrados e na produ\u00e7\u00e3o do volumoso, \u00e9 indispens\u00e1vel que os produtores continuem primando pela efici\u00eancia t\u00e9cnica de suas propriedades para garantir margens positivas na atividade leiteira em 2021. (As informa\u00e7\u00f5es s\u00e3o do Cepea-Esalq\/USP)<\/p>\n<p style=\"text-align: justify;\">&nbsp;<\/p>\n<p style=\"text-align: justify;\"><strong>Certifica\u00e7\u00e3o de entidade beneficente da Emater\/RS-Ascar renovada at\u00e9 2023<\/strong><\/p>\n<p>A renova\u00e7\u00e3o da Certifica\u00e7\u00e3o de Entidade Beneficente de Assist\u00eancia Social (Cebas) da Emater\/RS-Ascar foi publicada nesta ter\u00e7a-feira (19) no Di\u00e1rio Oficial da Uni\u00e3o, com prazo de tr\u00eas anos, a contar de mar\u00e7o de 2020. A certifica\u00e7\u00e3o \u00e9 concedida \u00e0s organiza\u00e7\u00f5es da assist\u00eancia social, possibilitando-as de usufruir da isen\u00e7\u00e3o das contribui\u00e7\u00f5es sociais, tais como a parte patronal da contribui\u00e7\u00e3o previdenci\u00e1ria sobre a folha de pagamento, CSLL, COFINS e PIS\/PASEP.&nbsp;<\/p>\n<p style=\"text-align: justify;\">Permite, ainda, a prioriza\u00e7\u00e3o na celebra\u00e7\u00e3o de contratos ou conv\u00eanios com o poder p\u00fablico, entre outros benef\u00edcios. \u201c\u00c9 uma demanda antiga e hist\u00f3rica, protocolada em novembro de 2019, que finalmente conseguimos acelerar. Esta certifica\u00e7\u00e3o viabiliza a opera\u00e7\u00e3o da Emater\/RS-Ascar, garantindo a continuidade de suas a\u00e7\u00f5es\u201d, destaca o secret\u00e1rio da Agricultura, Pecu\u00e1ria e Desenvolvimento Rural, Covatti Filho.&nbsp;<\/p>\n<p style=\"text-align: justify;\">Em reuni\u00e3o realizada na semana passada com o secret\u00e1rio, o ministro da Cidadania, Onyx Lorenzoni, havia sinalizado que a renova\u00e7\u00e3o sairia nesta semana. A certifica\u00e7\u00e3o est\u00e1 vinculada \u00e0 Ascar, que \u00e9 a entidade oficial de Assist\u00eancia T\u00e9cnica e Extens\u00e3o Rural e Social (Aters), constitu\u00edda com o objetivo de contribuir de forma planejada, continuada e gratuita para o desenvolvimento do Rio Grande do Sul, e a renova\u00e7\u00e3o deste certificado \u00e9 primordial para a continuidade dos servi\u00e7os prestados, particularmente junto \u00e0s comunidades rurais mais vulner\u00e1veis.&nbsp;&nbsp;<\/p>\n<p style=\"text-align: justify;\">Para o presidente da Emater\/RS em exerc\u00edcio, Alencar Rugeri, essa \u00e9 uma fundamental conquista que significa o reconhecimento pelo esfor\u00e7o de todos os trabalhadores da Institui\u00e7\u00e3o, que contou com o apoio da Diretoria e do secret\u00e1rio Covatti, junto ao Minist\u00e9rio da Cidadania, para viabilizar a renova\u00e7\u00e3o do Cebas.&nbsp;<\/p>\n<p style=\"text-align: justify;\">\u201cEssa renova\u00e7\u00e3o mais o contrato que a Institui\u00e7\u00e3o assinou, em julho de 2020, por cinco anos com a SEAPDR, nos d\u00e1 garantia dos servi\u00e7os gratuitos e de qualidade da Aters ao p\u00fablico assessorado. Hoje \u00e9 um dia de celebra\u00e7\u00e3o por esta conquista\u201d. (SEAPDR)<\/p>\n<hr>\n<p style=\"text-align: center;\"><i><b>Jogo R\u00e1pido<br \/>\nExporta\u00e7\u00e3o de milho deve dobrar no m\u00eas<br \/>\n<\/b>A Anec elevou de 2,1 milh\u00f5es 2,39 milh\u00f5es de toneladas sua estimativa para as exporta\u00e7\u00f5es de milho do pa\u00eds em janeiro. O volume \u00e9 duas vezes maior que o do mesmo m\u00eas do ano passado (1,17 milh\u00e3o). (Valor Econ\u00f4mico)<\/i><\/p>\n<hr>\n<p>&nbsp;<\/p>\n","protected":false},"excerpt":{"rendered":"<p>Porto Alegre, 20 de janeiro de 2020&nbsp; &nbsp; &nbsp; &nbsp; &nbsp; &nbsp; &nbsp; &nbsp; &nbsp; &nbsp; &nbsp; &nbsp; &nbsp; &nbsp; &nbsp; &nbsp; &nbsp; &nbsp; &nbsp; &nbsp; &nbsp; &nbsp; &nbsp; &nbsp; &nbsp; Ano 15 - N\u00b0 3.387 Iju\u00ed ter\u00e1 servi\u00e7o para an\u00e1lise da qualidade do leite Produtores de leite do Noroeste ga\u00facho ganhar\u00e3o um refor\u00e7o para <a href=\"https:\/\/www.sindilat.com.br\/site\/2021\/01\/20\/20-01-2021\/\" class=\"more-link\">...continuar lendo<span class=\"screen-reader-text\"> \"20\/01\/2021\"<\/span><\/a><\/p>\n","protected":false},"author":3,"featured_media":0,"comment_status":"open","ping_status":"open","sticky":false,"template":"","format":"standard","meta":{"ngg_post_thumbnail":0,"footnotes":""},"categories":[28],"tags":[],"class_list":{"0":"post-6237","1":"post","2":"type-post","3":"status-publish","4":"format-standard","6":"category-newsletter","7":"h-entry","8":"hentry","9":"h-as-article"},"_links":{"self":[{"href":"https:\/\/www.sindilat.com.br\/site\/wp-json\/wp\/v2\/posts\/6237","targetHints":{"allow":["GET"]}}],"collection":[{"href":"https:\/\/www.sindilat.com.br\/site\/wp-json\/wp\/v2\/posts"}],"about":[{"href":"https:\/\/www.sindilat.com.br\/site\/wp-json\/wp\/v2\/types\/post"}],"author":[{"embeddable":true,"href":"https:\/\/www.sindilat.com.br\/site\/wp-json\/wp\/v2\/users\/3"}],"replies":[{"embeddable":true,"href":"https:\/\/www.sindilat.com.br\/site\/wp-json\/wp\/v2\/comments?post=6237"}],"version-history":[{"count":3,"href":"https:\/\/www.sindilat.com.br\/site\/wp-json\/wp\/v2\/posts\/6237\/revisions"}],"predecessor-version":[{"id":6242,"href":"https:\/\/www.sindilat.com.br\/site\/wp-json\/wp\/v2\/posts\/6237\/revisions\/6242"}],"wp:attachment":[{"href":"https:\/\/www.sindilat.com.br\/site\/wp-json\/wp\/v2\/media?parent=6237"}],"wp:term":[{"taxonomy":"category","embeddable":true,"href":"https:\/\/www.sindilat.com.br\/site\/wp-json\/wp\/v2\/categories?post=6237"},{"taxonomy":"post_tag","embeddable":true,"href":"https:\/\/www.sindilat.com.br\/site\/wp-json\/wp\/v2\/tags?post=6237"}],"curies":[{"name":"wp","href":"https:\/\/api.w.org\/{rel}","templated":true}]}}