{"id":6202,"date":"2021-01-13T20:18:08","date_gmt":"2021-01-13T20:18:08","guid":{"rendered":"http:\/\/www.sindilat.com.br\/site\/?p=6202"},"modified":"2021-01-13T20:18:53","modified_gmt":"2021-01-13T20:18:53","slug":"13-01-2021","status":"publish","type":"post","link":"https:\/\/www.sindilat.com.br\/site\/2021\/01\/13\/13-01-2021\/","title":{"rendered":"13\/01\/2021"},"content":{"rendered":"<p><strong><a class=\"imgGl\"><img loading=\"lazy\" decoding=\"async\" class=\"\" style=\"vertical-align: top;\" src=\"https:\/\/dl.dnzdns.com\/v\/uuURf8ABF0257\" alt=\"Newsletter Sindilat_RS\" width=\"689\" height=\"123\"><\/a><\/strong><\/p>\n<p>Porto Alegre, 13 de janeiro de 2020&nbsp; &nbsp; &nbsp; &nbsp; &nbsp; &nbsp; &nbsp; &nbsp; &nbsp; &nbsp; &nbsp; &nbsp; &nbsp; &nbsp; &nbsp; &nbsp; &nbsp; &nbsp; &nbsp; &nbsp; &nbsp; &nbsp; &nbsp; &nbsp; &nbsp; Ano 15 - N\u00b0 3.382<\/p>\n<hr>\n<p style=\"text-align: justify;\"><b>In\u00edcio da colheita confirma perdas na safra do milho<\/b><\/p>\n<p style=\"text-align: justify;\"><i>Expectativa de produ\u00e7\u00e3o era de 5,9 milh\u00f5es de toneladas, mas resultado tende a ficar abaixo de 3,5 milh\u00f5es de toneladas por causa da estiagem<\/i><br \/>\n&nbsp;<br \/>\nCom a colheita do milho em andamento, o produtor ga\u00facho&nbsp; come\u00e7a a verificar o quanto a falta de chuvas na primavera de 2020 comprometeu o resultado das lavouras. A&nbsp; percep\u00e7\u00e3o inicial, com 8% da \u00e1rea cultivada j\u00e1 colhida, indica preju\u00edzos tanto na quantidade como na qualidade do gr\u00e3o. Para a Associa\u00e7\u00e3o dos Produtores de Milho (Apromilho\/RS), a produ\u00e7\u00e3o estadual n\u00e3o ir\u00e1 chegar a 3,5 milh\u00f5es de toneladas, volume muito inferior aos 5,9 milh\u00f5es de toneladas (milho-gr\u00e3o) inicialmente estimados pela Emater.<\/p>\n<p style=\"text-align: justify;\">O presidente da Apromilho, Ricardo Meneghetti, acredita que as empresas compradoras n\u00e3o far\u00e3o distin\u00e7\u00e3o entre o produto de qualidade boa ou ruim em fun\u00e7\u00e3o da escassez dessa mat\u00e9ria-prima no Estado. Mas considera que o produtor sentir\u00e1 os impactos de ter menos gr\u00e3o dispon\u00edvel, justamente em um ano que tende a manter pre\u00e7os remuneradores. Nos \u00faltimos dias, a cota\u00e7\u00e3o da saca estava pr\u00f3xima de R$ 82,00, segundo o Cepea\/Esalq\/USP.<\/p>\n<p style=\"text-align: justify;\">Os n\u00fameros de uma safra mais enxuta j\u00e1 s\u00e3o vis\u00edveis na regional da Emater de Frederico Westphalen, uma das primeiras a colher as lavouras. Naquela regi\u00e3o, diversos munic\u00edpios decretaram situa\u00e7\u00e3o de emerg\u00eancia entre outubro e dezembro de 2020 por causa da seca. No momento, cerca de 10% dos 82 mil hectares plantados com milho gr\u00e3o j\u00e1 est\u00e3o colhidos&nbsp; e t\u00eam apresentado produtividade m\u00e9dia de 50 sacos por hectare \u2013 a proje\u00e7\u00e3o inicial indicava 140 sacos por hectare. Em rela\u00e7\u00e3o ao milho para silagem, cerca de 60% dos 20 mil hectares plantados na primeira safra j\u00e1 foram colhidos, com rendimento entre 12 a 15 toneladas por hectare, quando se esperava a m\u00e9dia de 35 toneladas por hectare.<\/p>\n<p style=\"text-align: justify;\">Segundo o gerente regional da Emater de Frederico Westphalen, Luciano Schwerz, o milho para silagem tem apresentado qualidade baixa e, por isso, se prev\u00ea amplia\u00e7\u00e3o da \u00e1rea destinada \u00e0 cultura na safrinha para que os produtores consigam maior oferta de alimento para os animais.<\/p>\n<p style=\"text-align: justify;\">Schwerz confirma que o milho gr\u00e3o tamb\u00e9m tem apresentado avarias e, assim como Meneghetti,&nbsp; n\u00e3o acredita em descontos. \u201cA demanda \u00e9 muito grande e as empresas n\u00e3o v\u00e3o abrir m\u00e3o deste milho por este fator\u201d. (Correio do Povo)<\/p>\n<hr>\n<div style=\"text-align: justify;\">\n<p><b>Compra de produtos l\u00e1cteos difere em domic\u00edlios com e sem filhos nos EUA<\/b><\/p>\n<p>Os consumidores de latic\u00ednios americanos s\u00e3o frequentemente influenciados por uma variedade de fatores que podem afetar seus h\u00e1bitos de compra. Esses fatores incluem gosto, prefer\u00eancia, informa\u00e7\u00e3o governamental, hist\u00f3rico cultural, m\u00eddias sociais e not\u00edcias.<\/p>\n<p>Em um artigo que aparece na JDS Communications, pesquisadores descobriram que as fam\u00edlias que frequentemente compravam alimentos para crian\u00e7as est\u00e3o interessadas em latic\u00ednios como parte de sua dieta e compraram quantidades maiores de leite fluido e com maior teor de gordura.<\/p>\n<p>Para avaliar os h\u00e1bitos de compra de fam\u00edlias que compram alimentos para crian\u00e7as versus aquelas que n\u00e3o compram, pesquisadores da Purdue University e da Oklahoma State University coletaram dados atrav\u00e9s de uma ferramenta de pesquisa online, a Qualtrics.<\/p>\n<p>Os entrevistados, que tinham 18 anos ou mais, foram questionados sobre uma variedade de perguntas para coletar informa\u00e7\u00f5es demogr\u00e1ficas e o comportamento de compra de produtos l\u00e1cteos de residentes nos EUA.<\/p>\n<p>A Kantar, um banco de dados de pain\u00e9is online, foi usada para obter participantes atrav\u00e9s de seu banco de dados de pain\u00e9is opt-in. \"A amostra foi direcionada para ser representativa da popula\u00e7\u00e3o dos EUA em termos de sexo, idade, renda, educa\u00e7\u00e3o e regi\u00e3o geogr\u00e1fica de resid\u00eancia, conforme definido pelo US Census Bureau (2016)\", disse o autor Mario Ortez, doutorando na Universidade Purdue em West Lafayette, NOS, EUA.<\/p>\n<p>A pesquisa recebeu um total de 1.440 respostas a serem avaliadas. Pelos resultados, 511 entrevistados indicaram que frequentemente compravam alimentos especificamente para crian\u00e7as, enquanto 929 indicavam que n\u00e3o. Dos 1.440 entrevistados, 521 indicaram ter pelo menos uma crian\u00e7a no domic\u00edlio e 912 indicaram n\u00e3o ter filhos em casa.<\/p>\n<p>O estudo constatou que os domic\u00edlios que frequentemente compravam alimentos para crian\u00e7as geralmente compravam maiores quantidades de leite fluido, juntamente com o leite fluido com maior teor de gordura. Fam\u00edlias com crian\u00e7as tamb\u00e9m compravam iogurte com mais frequ\u00eancia do que outras fam\u00edlias.<\/p>\n<p>Outros achados da pesquisa indicaram que queijo e leite s\u00e3o mais frequentemente comprados para parte de uma refei\u00e7\u00e3o, e o iogurte \u00e9 comprado com mais frequ\u00eancia como lanche. A pesquisa tamb\u00e9m constatou que as fam\u00edlias relataram em grande parte a revis\u00e3o dos atributos do produto de pre\u00e7o, data de validade e informa\u00e7\u00f5es nutricionais (nessa ordem) sobre r\u00f3tulos de ovos, leite e carne.<\/p>\n<p>\"Este estudo demonstra a cren\u00e7a cont\u00ednua entre os consumidores americanos de que os produtos l\u00e1cteos s\u00e3o uma parte importante de uma dieta saud\u00e1vel das crian\u00e7as. A popularidade do leite integral, do queijo e do iogurte dentro dessas casas sugere que as crian\u00e7as desfrutam do sabor dos produtos l\u00e1cteos e ficam felizes em consumi-los durante as refei\u00e7\u00f5es regulares e na hora do lanche\", disse<\/p>\n<p>Matthew Lucy, PhD, editor-chefe da JDS Communications, University of Missouri, Columbia, MO, USA. Esses achados podem influenciar os esfor\u00e7os de marketing de produtos e as decis\u00f5es das partes interessadas na ind\u00fastria de latic\u00ednios.<\/p>\n<p>\"Estudos futuros podem se basear neste trabalho avaliando se h\u00e1 um efeito de repercuss\u00e3o da compra especificamente para crian\u00e7as e os h\u00e1bitos gerais de compra de produtos l\u00e1cteos e proteicos dessas fam\u00edlias\", disse a Dra Courtney Bir, PhD, coautora do estudo e professora assistente da Oklahoma State University, Stillwater, OK, EUA.<\/p>\n<p>Os formuladores de pol\u00edticas e empresas podem usar essas informa\u00e7\u00f5es para ajudar a informar a rotulagem de produtos e melhor direcionar os segmentos necess\u00e1rios para aumentar a conscientiza\u00e7\u00e3o dos produtos e melhorar a ind\u00fastria de latic\u00ednios como um todo. (As informa\u00e7\u00f5es s\u00e3o do Dairy Industries International, traduzidas pela Equipe MilkPoint)<\/p>\n<p><b>Lojista consegue na Justi\u00e7a alterar \u00edndice de corre\u00e7\u00e3o de aluguel&nbsp;<\/b><\/p>\n<p>Lojistas decidiram ir ao Judici\u00e1rio para questionar a corre\u00e7\u00e3o de alugu\u00e9is pelo IGP-M ou IGP-DI, \u00edndices divulgados pela Funda\u00e7\u00e3o Getulio Vargas (FGV) e que em 2020 variaram muito acima de outros que medem a infla\u00e7\u00e3o. A primeira decis\u00e3o que se tem not\u00edcia beneficia uma loja no Shopping Morumbi, em S\u00e3o Paulo. Obteve o direito de reajuste pelo IPC, medido pela Funda\u00e7\u00e3o Instituto de Pesquisas Econ\u00f4micas (Fipe).&nbsp;<\/p>\n<p>A diferen\u00e7a \u00e9 grande e compensa a ida do lojista ao Judici\u00e1rio em caso de fracassarem as negocia\u00e7\u00f5es com o locador, segundo advogados. Em 2020, o IGP-M e o IGP-DI variaram, respectivamente, 23,14% e 23,08, enquanto o IPC registrou 5,62%. O IGP-M e o IGP-DI s\u00e3o calculados da mesma forma pela FGV, s\u00f3 muda o per\u00edodo em que os pre\u00e7os s\u00e3o consultados.&nbsp;<\/p>\n<p>A decis\u00e3o favor\u00e1vel ao lojista do Shopping Morumbi foi dada pela 12\u00aa Vara C\u00edvel de S\u00e3o Paulo. A ju\u00edza Celina Dietrich e Trigueiros Teixeira Pinto determinou em tutela antecipada (esp\u00e9cie de liminar) a aplica\u00e7\u00e3o do IPC por constar no contrato como \u00edndice alternativo ao IGP-DI.&nbsp;<\/p>\n<p>Antes de a a\u00e7\u00e3o ser ajuizada, foi tentado um acordo com o shopping, segundo o advogado da empresa, Jos\u00e9 Nantala B\u00e1due Freire, do escrit\u00f3rio Peixoto e Cury Advogados. A tutela antecipada foi solicitada em a\u00e7\u00e3o revisional de aluguel.&nbsp;<\/p>\n<p>A loja pediu a mudan\u00e7a de \u00edndice com base nas dificuldades enfrentadas pelo com\u00e9rcio na pandemia, com fechamento de lojas e redu\u00e7\u00e3o do atendimento presencial. Inicialmente, o pedido foi negado. Para a ju\u00edza, apesar de ter raz\u00e3o no m\u00e9rito, a loja n\u00e3o comprovou estar em dia com o pagamento dos alugu\u00e9is e nem havia especificado o \u00edndice a ser aplicado.&nbsp;<\/p>\n<p>Com a apresenta\u00e7\u00e3o das informa\u00e7\u00f5es, a liminar foi concedida. Na decis\u00e3o, a magistrada afirma que a crise deflagrada pela pandemia demanda medidas urgentes e excepcionais para o reequil\u00edbrio das rela\u00e7\u00f5es contratuais atingidas.&nbsp;<\/p>\n<p>Ainda segundo ela, diante da altera\u00e7\u00e3o \u201cinesperada e inevit\u00e1vel\u201d da situa\u00e7\u00e3o em que foi estabelecido o contrato, gerando despropor\u00e7\u00e3o por motivo imprevis\u00edvel entre o valor da presta\u00e7\u00e3o originalmente contratada e o momento de sua execu\u00e7\u00e3o, o C\u00f3digo Civil autoriza a readequa\u00e7\u00e3o pelo juiz (artigo 317).&nbsp;<\/p>\n<p>Ela tamb\u00e9m citou entre os argumentos o artigo 393 do C\u00f3digo Civil. O dispositivo determina que o devedor n\u00e3o responde pelo preju\u00edzo decorrente de caso fortuito ou for\u00e7a maior, se expressamente n\u00e3o se obrigou. De acordo com o advogado Jos\u00e9 Nantala B\u00e1due Freire, o reajuste de 23% seria desproporcional e descolado da realidade.&nbsp;<\/p>\n<p>\u201cO IGP-DI n\u00e3o tem a finalidade de remunerar, mas de recompor o valor do dinheiro no tempo, o poder de compra\u201d, afirma. Por isso, acrescenta, n\u00e3o seria adequada a corre\u00e7\u00e3o pelo \u00edndice, que rendeu mais do que alguns investimentos em 2020. No caso, diz o advogado, n\u00e3o se trata de pedido para pagar parte do aluguel ou adiar os vencimentos, como algumas empresas tentaram fazer. \u201cPedimos um reajuste baseado na realidade\u201d, afirma ele, que considera a decis\u00e3o um bom precedente para lojistas que n\u00e3o conseguiram renegociar seus alugu\u00e9is.&nbsp;<\/p>\n<p>Em nota, a Multiplan Empreendimentos Imobili\u00e1rios, que administra o Shopping Morumbi, informa que mant\u00e9m medidas de apoio aos lojistas, com redu\u00e7\u00f5es e isen\u00e7\u00f5es desde os primeiros sinais da pandemia e que a decis\u00e3o foi proferida por juiz integrante do Plant\u00e3o Judici\u00e1rio, possui car\u00e1ter liminar e que ir\u00e1 recorrer.&nbsp;<\/p>\n<p>\u201cDe acordo com o C\u00f3digo Civil, nas rela\u00e7\u00f5es contratuais privadas deve haver interven\u00e7\u00e3o m\u00ednima do Judici\u00e1rio, sendo a mesma ilegal\u201d, afirma. No Superior Tribunal de Justi\u00e7a (STJ), h\u00e1 precedente desfavor\u00e1vel \u00e0 troca de \u00edndices.&nbsp;<\/p>\n<p>Em 2003, a 4\u00aa Turma decidiu a favor da corre\u00e7\u00e3o pelo IGP-M em caso que uma empresa alegou ilegalidade no reajuste de presta\u00e7\u00f5es de um im\u00f3vel (REsp 403.028). O argumento era o de que o \u00edndice era abusivo e com varia\u00e7\u00e3o muito superior a do INPC (IBGE) e, por isso, tornou-se inadimplente. Na \u00e9poca, o IGP-M variou 20,10% e o INPC, 8,43%. O Tribunal de Justi\u00e7a do Distrito Federal (TJ-DF) havia aceitado o pedido. (Valor Econ\u00f4mico)<\/p>\n<\/div>\n<div>&nbsp;<\/div>\n<hr>\n<p style=\"text-align: center;\"><i><b>Jogo R\u00e1pido<\/b><\/i><\/p>\n<p style=\"text-align: center;\"><i><b>US$ 100,81 bilh\u00f5es<\/b><br \/>\nfoi a receita das exporta\u00e7\u00f5es do agroneg\u00f3cio brasileiro em 2020. A quantia representa alta de 4,1% sobre 2019. \u00c9 o segundo melhor resultado da hist\u00f3ria. Fica atr\u00e1s de 2018 porque, vale lembrar, em d\u00f3lares, os pre\u00e7os m\u00e9dios tiveram recuo. Em reais, no entanto, o valor que fica para a economia \u00e9 maior em raz\u00e3o da varia\u00e7\u00e3o cambial. (Zero Hora)<\/i><\/p>\n<hr>\n<p>&nbsp;<\/p>\n","protected":false},"excerpt":{"rendered":"<p>Porto Alegre, 13 de janeiro de 2020&nbsp; &nbsp; &nbsp; &nbsp; &nbsp; &nbsp; &nbsp; &nbsp; &nbsp; &nbsp; &nbsp; &nbsp; &nbsp; &nbsp; &nbsp; &nbsp; &nbsp; &nbsp; &nbsp; &nbsp; &nbsp; &nbsp; &nbsp; &nbsp; &nbsp; Ano 15 - N\u00b0 3.382 In\u00edcio da colheita confirma perdas na safra do milho Expectativa de produ\u00e7\u00e3o era de 5,9 milh\u00f5es de toneladas, mas <a href=\"https:\/\/www.sindilat.com.br\/site\/2021\/01\/13\/13-01-2021\/\" class=\"more-link\">...continuar lendo<span class=\"screen-reader-text\"> \"13\/01\/2021\"<\/span><\/a><\/p>\n","protected":false},"author":2,"featured_media":0,"comment_status":"open","ping_status":"open","sticky":false,"template":"","format":"standard","meta":{"ngg_post_thumbnail":0,"footnotes":""},"categories":[28],"tags":[],"class_list":{"0":"post-6202","1":"post","2":"type-post","3":"status-publish","4":"format-standard","6":"category-newsletter","7":"h-entry","8":"hentry","9":"h-as-article"},"_links":{"self":[{"href":"https:\/\/www.sindilat.com.br\/site\/wp-json\/wp\/v2\/posts\/6202","targetHints":{"allow":["GET"]}}],"collection":[{"href":"https:\/\/www.sindilat.com.br\/site\/wp-json\/wp\/v2\/posts"}],"about":[{"href":"https:\/\/www.sindilat.com.br\/site\/wp-json\/wp\/v2\/types\/post"}],"author":[{"embeddable":true,"href":"https:\/\/www.sindilat.com.br\/site\/wp-json\/wp\/v2\/users\/2"}],"replies":[{"embeddable":true,"href":"https:\/\/www.sindilat.com.br\/site\/wp-json\/wp\/v2\/comments?post=6202"}],"version-history":[{"count":2,"href":"https:\/\/www.sindilat.com.br\/site\/wp-json\/wp\/v2\/posts\/6202\/revisions"}],"predecessor-version":[{"id":6204,"href":"https:\/\/www.sindilat.com.br\/site\/wp-json\/wp\/v2\/posts\/6202\/revisions\/6204"}],"wp:attachment":[{"href":"https:\/\/www.sindilat.com.br\/site\/wp-json\/wp\/v2\/media?parent=6202"}],"wp:term":[{"taxonomy":"category","embeddable":true,"href":"https:\/\/www.sindilat.com.br\/site\/wp-json\/wp\/v2\/categories?post=6202"},{"taxonomy":"post_tag","embeddable":true,"href":"https:\/\/www.sindilat.com.br\/site\/wp-json\/wp\/v2\/tags?post=6202"}],"curies":[{"name":"wp","href":"https:\/\/api.w.org\/{rel}","templated":true}]}}