{"id":6195,"date":"2021-01-12T20:12:31","date_gmt":"2021-01-12T20:12:31","guid":{"rendered":"http:\/\/www.sindilat.com.br\/site\/?p=6195"},"modified":"2021-01-12T20:12:51","modified_gmt":"2021-01-12T20:12:51","slug":"12-01-2021","status":"publish","type":"post","link":"https:\/\/www.sindilat.com.br\/site\/2021\/01\/12\/12-01-2021\/","title":{"rendered":"12\/01\/2021"},"content":{"rendered":"<p><strong><a class=\"imgGl\"><img loading=\"lazy\" decoding=\"async\" class=\"\" style=\"vertical-align: top;\" src=\"https:\/\/dl.dnzdns.com\/v\/uuURf8ABF0257\" alt=\"Newsletter Sindilat_RS\" width=\"689\" height=\"123\"><\/a><\/strong><\/p>\n<p>Porto Alegre, 12 de janeiro de 2020&nbsp; &nbsp; &nbsp; &nbsp; &nbsp; &nbsp; &nbsp; &nbsp; &nbsp; &nbsp; &nbsp; &nbsp; &nbsp; &nbsp; &nbsp; &nbsp; &nbsp; &nbsp; &nbsp; &nbsp; &nbsp; &nbsp; &nbsp; &nbsp; &nbsp; Ano 15 - N\u00b0 3.381<\/p>\n<hr>\n<p style=\"text-align: justify;\"><b>Cooperativa Santa Clara realiza sucess\u00e3o na presid\u00eancia<\/b><\/p>\n<p style=\"text-align: justify;\">A partir de 1\u00ba de fevereiro de 2021, Gelsi Belmiro Thums, atual vice-presidente, assume a presid\u00eancia da Cooperativa Santa Clara. A transi\u00e7\u00e3o durante o atual mandato havia sido anunciada pelo presidente Rogerio Bruno Sauthier em reuni\u00f5es anteriores com os associados e teve aprova\u00e7\u00e3o do Conselho de Administra\u00e7\u00e3o, registrado em ata no dia 4 de janeiro deste ano. Sauthier seguir\u00e1 no Conselho como vice-presidente e Itamar Tang continua como secret\u00e1rio.<\/p>\n<p style=\"text-align: justify;\">Depois de 27 anos \u00e0 frente da dire\u00e7\u00e3o da Cooperativa, Sauthier explica que a transi\u00e7\u00e3o j\u00e1 se desenhou h\u00e1 alguns anos e est\u00e1 andando de forma harmoniosa.&nbsp; \u201cDesde que assumimos sempre foram transi\u00e7\u00f5es muito tranquilas no Conselho, sempre houve di\u00e1logo e quando chegou o momento de fazer a sucess\u00e3o da presid\u00eancia, ela foi planejada com todo cuidado que entendemos ser necess\u00e1rio para que seja harm\u00f4nica. Pela aceita\u00e7\u00e3o dos associados, funcion\u00e1rios e lideran\u00e7as da regi\u00e3o tenho certeza que o Gelsi s\u00f3 tem a somar pela Cooperativa.\u201d<\/p>\n<p style=\"text-align: justify;\">De acordo com o Estatuto Social, o Conselho de Administra\u00e7\u00e3o \u00e9 eleito a cada tr\u00eas anos, em Assembleia Ordin\u00e1ria da Cooperativa. A chapa conta com 11 conselheiros, que uma vez eleitos, entre o grupo, escolhem a diretoria, que \u00e9 composta por presidente, vice-presidente e secret\u00e1rio, podendo ser alterada a qualquer momento desde que com a concord\u00e2ncia dos demais membros.<\/p>\n<p style=\"text-align: justify;\">Gelsi Belmiro Thums tem 59 anos e uma longa trajet\u00f3ria no Cooperativismo. Desde pequeno trabalhou com leite e assumiu a propriedade dos av\u00f3s ainda na adolesc\u00eancia. Foi sempre incentivador de a\u00e7\u00f5es em prol dos associados, tendo participado de cursos de qualifica\u00e7\u00e3o oferecidos pela Cooperativa e tamb\u00e9m realizando o melhoramento gen\u00e9tico de seu rebanho, partindo do zero at\u00e9 o PO. \u00c9 associado \u00e0 Santa Clara desde 1976 e desde 2000 faz parte do Conselho de Administra\u00e7\u00e3o, tendo assumido como vice-presidente em 2009. (Assessoria de imprensa Santa Clara)<\/p>\n<hr>\n<p style=\"text-align: justify;\"><b>Leite\/Am\u00e9rica do Sul<\/b><\/p>\n<p style=\"text-align: justify;\">Junto com o novo ano vieram as chuvas para as principais \u00e1reas agr\u00edcolas e bacias leiteiras da Am\u00e9rica do Sul, depois de semanas de seca. Em geral, as condi\u00e7\u00f5es de umidade est\u00e3o proporcionando o desenvolvimento da soja e milho no Mercosul.<\/p>\n<p style=\"text-align: justify;\">Algumas fazendas est\u00e3o tendo problemas sanit\u00e1rios em decorr\u00eancia da lama provocada pelas chuvas, embora n\u00e3o tenham sido relatados problemas com transporte. As altas temperaturas do ver\u00e3o continuam, apesar das chuvas, causando desconforto para as vacas e prejudicando a produ\u00e7\u00e3o de leite.<\/p>\n<p style=\"text-align: justify;\">A oferta de leite\/creme est\u00e1 abaixo das necessidades da ind\u00fastria para produ\u00e7\u00e3o de queijo, manteiga, iogurte, leite condensado e leite em p\u00f3. O empacotamento de leite, inclusive o UHT, \u00e9 priorit\u00e1rio dentro da conjuntura do Covid-19, e as vendas no varejo continuam firmes, enquanto o setor de servi\u00e7os permanece com compras fracas.<\/p>\n<p style=\"text-align: justify;\">O mercado de manteiga de leite est\u00e1 firme \u00e0 medida que a demanda dos fabricantes de sorvetes e sobremesas congeladas aumenta e h\u00e1 o crescimento sazonal do mercado da manteiga. (Fonte: Usda \u2013 Tradu\u00e7\u00e3o Livre: Terra Viva)<\/p>\n<p style=\"text-align: justify;\"><img loading=\"lazy\" decoding=\"async\" class=\"alignnone size-full wp-image-6196\" src=\"http:\/\/www.sindilat.com.br\/site\/wp-content\/uploads\/2021\/01\/545.gif\" alt=\"\" width=\"727\" height=\"310\"><\/p>\n<p style=\"text-align: justify;\"><img loading=\"lazy\" decoding=\"async\" class=\"alignnone size-full wp-image-6198\" src=\"http:\/\/www.sindilat.com.br\/site\/wp-content\/uploads\/2021\/01\/sdsd.gif\" alt=\"\" width=\"741\" height=\"325\"><\/p>\n<p style=\"text-align: justify;\">&nbsp;<\/p>\n<p style=\"text-align: justify;\">&nbsp;<\/p>\n<p style=\"text-align: justify;\"><b>Argentina retoma o embarque de milho<\/b><\/p>\n<p style=\"text-align: justify;\"><i>Produtores garantiram que h\u00e1 oferta suficiente para o mercado dom\u00e9stico<\/i><\/p>\n<p style=\"text-align: justify;\"><img loading=\"lazy\" decoding=\"async\" class=\"alignnone size-full wp-image-6197\" src=\"http:\/\/www.sindilat.com.br\/site\/wp-content\/uploads\/2021\/01\/666.jpg\" alt=\"\" width=\"600\" height=\"777\" srcset=\"https:\/\/www.sindilat.com.br\/site\/wp-content\/uploads\/2021\/01\/666.jpg 600w, https:\/\/www.sindilat.com.br\/site\/wp-content\/uploads\/2021\/01\/666-232x300.jpg 232w\" sizes=\"auto, (max-width: 600px) 100vw, 600px\" \/><\/p>\n<p style=\"text-align: justify;\">O governo argentino anunciou ontem a retomada parcial das exporta\u00e7\u00f5es de milho do pa\u00eds. A decis\u00e3o foi tomada ap\u00f3s negocia\u00e7\u00f5es com representantes do Conselho Agroindustrial Argentino.<\/p>\n<p style=\"text-align: justify;\">Conforme comunicado divulgado pelo Minist\u00e9rio da Agricultura do pa\u00eds, a retomada vai acontecer por haver garantia de oferta de milho para abastecer o mercado interno. Os embarques ficar\u00e3o restritos a 30 mil toneladas di\u00e1rias, valendo tanto para novos acordos de venda ao exterior quanto para neg\u00f3cios fechados antes da suspens\u00e3o.<\/p>\n<p style=\"text-align: justify;\">Anunciada no dia 30 de dezembro, a suspens\u00e3o das exporta\u00e7\u00f5es estava prevista para se estender at\u00e9 o in\u00edcio de mar\u00e7o. Em protesto, entidades como a Sociedade Rural Argentina e a Federa\u00e7\u00e3o Agr\u00e1ria Argentina anunciaram na semana passada a interrup\u00e7\u00e3o completa das vendas do gr\u00e3o por um per\u00edodo de 72 horas.<\/p>\n<p style=\"text-align: justify;\">A paralisa\u00e7\u00e3o come\u00e7ou ontem, mas at\u00e9 o fechamento desta edi\u00e7\u00e3o os l\u00edderes do protesto n\u00e3o haviam informado se ela seguir\u00e1 de fato at\u00e9 esta quarta-feira.<\/p>\n<p style=\"text-align: justify;\">A Argentina \u00e9 um dos tr\u00eas maiores exportadores de milho do mundo. Segundo estimativas do Departamento de Agricultura dos Estados Unidos (USDA), nesta safra 2020\/21 o pa\u00eds dever\u00e1 embarcar 34 milh\u00f5es de toneladas, atr\u00e1s apenas dos EUA (67,3 milh\u00f5es) e do Brasil (39 milh\u00f5es). (Valor Econ\u00f4mico)<\/p>\n<hr>\n<p style=\"text-align: center;\"><i><b>Jogo R\u00e1pido<br \/>\n<\/b><\/i><\/p>\n<div style=\"text-align: center;\"><i><b>ICLT divulga processo seletivo para 2021<\/b><br \/>\nO Instituto de Latic\u00ednios C\u00e2ndido Tostes (ILCT) torna p\u00fablico que selecionar\u00e1 candidatos para o curso T\u00e9cnico em Leite e Derivados (Latic\u00ednios) para ingresso no 1\u00ba semestre de 2021. No Processo de Sele\u00e7\u00e3o ILCT\/2021, o(a) candidato(a) poder\u00e1 concorrer as vagas oferecidas por duas modalidades: Sele\u00e7\u00e3o para participantes do ENEM \u2013 Exame Nacional do Ensino M\u00e9dio ou vagas oferecidas para os candidatos participantes da Sele\u00e7\u00e3o por Curr\u00edculo. Ser\u00e3o 20 (vinte) vagas para a primeira modalidade e 10 (dez) vagas para a segunda modalidade. Para maiores informa\u00e7\u00f5es acesse o site do ILCT,&nbsp;<a href=\"http:\/\/www.epamig.br\/ilct\/\" data-cke-saved-href=\"http:\/\/www.epamig.br\/ilct\/\">clique aqui.<\/a>&nbsp;(As informa\u00e7\u00f5es s\u00e3o do ILCT)<\/i><\/div>\n<div>\n<hr>\n<\/div>\n<div>&nbsp;<\/div>\n","protected":false},"excerpt":{"rendered":"<p>Porto Alegre, 12 de janeiro de 2020&nbsp; &nbsp; &nbsp; &nbsp; &nbsp; &nbsp; &nbsp; &nbsp; &nbsp; &nbsp; &nbsp; &nbsp; &nbsp; &nbsp; &nbsp; &nbsp; &nbsp; &nbsp; &nbsp; &nbsp; &nbsp; &nbsp; &nbsp; &nbsp; &nbsp; Ano 15 - N\u00b0 3.381 Cooperativa Santa Clara realiza sucess\u00e3o na presid\u00eancia A partir de 1\u00ba de fevereiro de 2021, Gelsi Belmiro Thums, atual <a href=\"https:\/\/www.sindilat.com.br\/site\/2021\/01\/12\/12-01-2021\/\" class=\"more-link\">...continuar lendo<span class=\"screen-reader-text\"> \"12\/01\/2021\"<\/span><\/a><\/p>\n","protected":false},"author":2,"featured_media":0,"comment_status":"open","ping_status":"open","sticky":false,"template":"","format":"standard","meta":{"ngg_post_thumbnail":0,"footnotes":""},"categories":[28],"tags":[],"class_list":{"0":"post-6195","1":"post","2":"type-post","3":"status-publish","4":"format-standard","6":"category-newsletter","7":"h-entry","8":"hentry","9":"h-as-article"},"_links":{"self":[{"href":"https:\/\/www.sindilat.com.br\/site\/wp-json\/wp\/v2\/posts\/6195","targetHints":{"allow":["GET"]}}],"collection":[{"href":"https:\/\/www.sindilat.com.br\/site\/wp-json\/wp\/v2\/posts"}],"about":[{"href":"https:\/\/www.sindilat.com.br\/site\/wp-json\/wp\/v2\/types\/post"}],"author":[{"embeddable":true,"href":"https:\/\/www.sindilat.com.br\/site\/wp-json\/wp\/v2\/users\/2"}],"replies":[{"embeddable":true,"href":"https:\/\/www.sindilat.com.br\/site\/wp-json\/wp\/v2\/comments?post=6195"}],"version-history":[{"count":2,"href":"https:\/\/www.sindilat.com.br\/site\/wp-json\/wp\/v2\/posts\/6195\/revisions"}],"predecessor-version":[{"id":6200,"href":"https:\/\/www.sindilat.com.br\/site\/wp-json\/wp\/v2\/posts\/6195\/revisions\/6200"}],"wp:attachment":[{"href":"https:\/\/www.sindilat.com.br\/site\/wp-json\/wp\/v2\/media?parent=6195"}],"wp:term":[{"taxonomy":"category","embeddable":true,"href":"https:\/\/www.sindilat.com.br\/site\/wp-json\/wp\/v2\/categories?post=6195"},{"taxonomy":"post_tag","embeddable":true,"href":"https:\/\/www.sindilat.com.br\/site\/wp-json\/wp\/v2\/tags?post=6195"}],"curies":[{"name":"wp","href":"https:\/\/api.w.org\/{rel}","templated":true}]}}