{"id":6106,"date":"2020-12-18T19:53:11","date_gmt":"2020-12-18T19:53:11","guid":{"rendered":"http:\/\/www.sindilat.com.br\/site\/?p=6106"},"modified":"2020-12-18T19:54:14","modified_gmt":"2020-12-18T19:54:14","slug":"18-12-2020","status":"publish","type":"post","link":"https:\/\/www.sindilat.com.br\/site\/2020\/12\/18\/18-12-2020\/","title":{"rendered":"18\/12\/2020"},"content":{"rendered":"<p><a class=\"imgGl\"><img loading=\"lazy\" decoding=\"async\" class=\"\" style=\"vertical-align: top;\" src=\"https:\/\/dl.dnzdns.com\/v\/uuURf8ABF0257\" alt=\"Newsletter Sindilat_RS\" width=\"689\" height=\"123\"><\/a><\/p>\n<p>Porto Alegre, 18 de dezembro de 2020&nbsp; &nbsp; &nbsp; &nbsp; &nbsp; &nbsp; &nbsp; &nbsp; &nbsp; &nbsp; &nbsp; &nbsp; &nbsp; &nbsp; &nbsp; &nbsp; &nbsp; &nbsp; &nbsp; &nbsp; &nbsp; &nbsp; &nbsp; &nbsp; &nbsp; Ano 14 - N\u00b0 3.371<\/p>\n<hr>\n<p style=\"text-align: justify;\"><b>ICMS: governo pagar\u00e1 para ver na \u00faltima sess\u00e3o do ano<\/b><\/p>\n<p style=\"text-align: justify;\">Como esperado, nem mesmo as flexibiliza\u00e7\u00f5es do Executivo em rela\u00e7\u00e3o projeto que, entre outros pontos, mant\u00e9m a majora\u00e7\u00e3o das al\u00edquotas do ICMS por mais tr\u00eas anos, foi suficiente para garantir os votos necess\u00e1rios na Assembleia. Uma sess\u00e3o extraordin\u00e1ria foi marcada para a pr\u00f3xima ter\u00e7a-feira, \u00e0s 9h. At\u00e9 l\u00e1, o governo continuar\u00e1 as articula\u00e7\u00f5es em busca de apoio, que est\u00e1 escasso. Desde o an\u00fancio das modifica\u00e7\u00f5es no texto, ocorreram duas sess\u00f5es plen\u00e1rias, na quarta e hoje. Em ambas o qu\u00f3rum foi retirado para evitar o in\u00edcio da an\u00e1lise da proposta e a consequente derrota.<\/p>\n<p style=\"text-align: justify;\">Na desta quinta-feria, no entanto, o l\u00edder do governo, Frederico Antunes (PP), deixou iniciarem as discuss\u00f5es sobre o projeto. Com isto, ele ser\u00e1 o primeiro da pauta e nada mais ser\u00e1 votado at\u00e9 a aprova\u00e7\u00e3o ou a rejei\u00e7\u00e3o. O governo pagar\u00e1 para ver, independentemente dos resultado, j\u00e1 que ser\u00e1 o \u00faltimo dia de trabalhos legislativos. No dia seguinte, 23, a Assembleia entra em recesso.<\/p>\n<p style=\"text-align: justify;\">As duas \u00faltimas manifesta\u00e7\u00f5es em favor do texto foram protagonizadas pelo Fiergs, que sugeriu novas adequa\u00e7\u00f5es, mas defendeu a posi\u00e7\u00e3o do Executivo \u201cque busca com a aprova\u00e7\u00e3o n\u00e3o comprometer os servi\u00e7os prestados \u00e0 popula\u00e7\u00e3o\u201d e da Uni\u00e3o Ga\u00facha em Defesa da Previd\u00eancia Social e P\u00fablica. Em nota, a entidade sustentou que diante da profunda crise econ\u00f4mica e sanit\u00e1ria que o pa\u00eds atravessa, a rejei\u00e7\u00e3o da proposta agravar\u00e1 o cen\u00e1rio. \u201cApelamos \u00e0 responsabilidade dos parlamentares ga\u00fachos para que aprovem o referido projeto de lei\u201d, diz trecho do texto.<\/p>\n<p style=\"text-align: justify;\">Sindicatos de servidores, preocupados com o impacto da reprova\u00e7\u00e3o do texto nos sal\u00e1rios, que foram pagos em dia em novembro, ap\u00f3s quase cinco anos de atrasos e parcelamentos, tamb\u00e9m entrar\u00e3o em campo nas articula\u00e7\u00f5es. \u201cN\u00e3o podemos ser a\u00e7odados. Deputados tamb\u00e9m s\u00e3o demandadores e lutam por investimentos para suas regi\u00f5es e o Estado. Eles ter\u00e3o de votar algo para preservar servi\u00e7os essenciais. Precisamos enxergar a realidade do futuro\u201d, disse Frederico Antunes \u00e0 coluna. (Correio do Povo)<\/p>\n<hr>\n<p style=\"text-align: justify;\"><b>Recursos para atenuar efeitos da estiagem no RS desidrataram<\/b><\/p>\n<p style=\"text-align: justify;\">Tal qual a estiagem que voltou a desidratar a produ\u00e7\u00e3o do Rio Grande do Sul, o pacote de R$ 55,1 milh\u00f5es anunciado para medidas de enfrentamento ao problema minguou. A maior fatia, R$ 29,1 milh\u00f5es obtidos via bancada parlamentar ga\u00facha, sucumbiu ao contingenciamento de recursos federais. N\u00e3o mais ser\u00e1 aplicada na instala\u00e7\u00e3o e po\u00e7os artesianos em 211 munic\u00edpios que tiveram situa\u00e7\u00e3o de emerg\u00eancia homologada no ver\u00e3o passado.<\/p>\n<p style=\"text-align: justify;\">Sobra pouco menos da metade do total sinalizado em julho, a partir da soma de verbas de diferentes origens. S\u00e3o R$ 26 milh\u00f5es: R$ 10 milh\u00f5es da Assembleia Legislativa, igual quantia do Estado e R$ 6 milh\u00f5es via Minist\u00e9rio do Desenvolvimento Regional (MDR).<\/p>\n<p style=\"text-align: justify;\">Desse montante apenas R$ 6,5 milh\u00f5es est\u00e3o sendo aplicados na constru\u00e7\u00e3o de 1.020 a\u00e7udes, 260 deles j\u00e1 conclu\u00eddos. Essa opera\u00e7\u00e3o est\u00e1 a cargo da Secretaria Estadual da Agricultura. A pasta ficar\u00e1 respons\u00e1vel ainda por 85 po\u00e7os a serem constru\u00eddos com o dinheiro empenhado pelo MDR, que depende de licita\u00e7\u00e3o.<\/p>\n<p style=\"text-align: justify;\">O conv\u00eanio com a Caxa Econ\u00f4mica Federal foi assinado no m\u00eas passado. O titular da Agricultura, Covatti Filho, explica que a institui\u00e7\u00e3o pediu a realiza\u00e7\u00e3o de adequa\u00e7\u00e3o no projeto, a ser conclu\u00edda ate o final da semana. Feito isso, ser\u00e1 devolvida ao banco, que d\u00e1 o aval final para a licita\u00e7\u00e3o.<\/p>\n<p style=\"text-align: justify;\">A libera\u00e7\u00e3o de recursos para a constru\u00e7\u00e3o de outros 105 po\u00e7os \u00e9 conduzida pela Secretaria Estadual de Obras. Hoje, termina o prazo para que os munic\u00edpios encaminhem a documenta\u00e7\u00e3o - como o valor a ser liberado, R$ 70 mil, dispensa licita\u00e7\u00e3o, o acesso depende apenas dessa entrega. At\u00e9 ontem, ainda faltavam 32 cidades. S\u00f3 ser\u00e3o atendidos os pedidos que tiverem o material remetido at\u00e9 o prazo final.<\/p>\n<p style=\"text-align: justify;\">O secret\u00e1rio Jos\u00e9 Luiz St\u00e9dile diz que foi feito contato com todas as prefeituras aptas ao benef\u00edcio. As raz\u00f5es apontadas, explica, v\u00e3o desde a falta de interesse at\u00e9 a inviabilidade t\u00e9cnica de execu\u00e7\u00e3o da obra.<\/p>\n<p style=\"text-align: justify;\">Outros 65 munic\u00edpios foram selecionados para receber R$ 100 mil, cada, para o pagamento de horas-m\u00e1quinas - usualmente destinados ao conserto de estradas e recupera\u00e7\u00e3o de val\u00f5es, entre outros. Nove cidades ainda n\u00e3o enviaram a documenta\u00e7\u00e3o.<\/p>\n<p style=\"text-align: justify;\">Dispensada de cumprir qualquer rito, a estiagem voltou a trazer preju\u00edzos ao Estado. (Zero Hora)<\/p>\n<p>&nbsp;<\/p>\n<p>&nbsp;<\/p>\n<p style=\"text-align: justify;\"><b>Estado ter\u00e1 tempo chuvoso e quente nos pr\u00f3ximos sete dias<\/b><\/p>\n<p style=\"text-align: justify;\">Nos pr\u00f3ximos sete dias, o tempo chuvoso e quente dever\u00e1 predominar no Estado, com chuvas mais expressivas na regi\u00e3o Norte. \u00c9 o que prev\u00ea o Boletim Integrado Agrometeorol\u00f3gico n\u00ba 22\/2020, divulgado pela Secretaria de Agricultura, Pecu\u00e1ria e Desenvolvimento Rural (SEAPDR), em parceria com a Emater-RS e Irga. Na sexta-feira (18), poder\u00e3o ocorrer pancadas de chuva, t\u00edpicas de ver\u00e3o, principalmente no per\u00edodo da tarde na metade Norte do Rio Grande do Sul, e as temperaturas m\u00e1ximas devem oscilar entre 36\u00b0 e 38\u00b0C na Campanha e nas Miss\u00f5es. No s\u00e1bado (19), a presen\u00e7a de um cavado (\u00e1rea de baixa press\u00e3o alongada) e a forma\u00e7\u00e3o de uma frente fria provocar\u00e3o pancadas de chuva no decorrer do dia em todas as regi\u00f5es.&nbsp;<\/p>\n<p style=\"text-align: justify;\">Os maiores acumulados dever\u00e3o ocorrer no Oeste e Norte. No domingo (20), ainda h\u00e1 possibilidade de ocorr\u00eancia de pancadas de chuvas no Alto Uruguai, no Planalto M\u00e9dio, nos Campos de Cima da Serra e na Serra do Nordeste, principalmente no per\u00edodo da tarde. Entre segunda-feira (21) e ter\u00e7a-feira (22), a presen\u00e7a do ar seco garantir\u00e1 o tempo firme, com temperaturas amenas no per\u00edodo noturno e elevadas durante o dia, pr\u00f3ximas dos 30\u00b0C no Oeste do Estado.&nbsp;<\/p>\n<p style=\"text-align: justify;\">Na quarta-feira (23), as chuvas retornam na faixa Leste e nas regi\u00f5es de divisa com Santa Catarina, principalmente \u00e0 tarde. Os totais de chuva mais significativos dever\u00e3o oscilar entre 60 e 80 mm nas Miss\u00f5es, no Planalto e nos Campos de Cima da Serra; no Alto Uruguai poder\u00e3o superar 90 mm. Os totais mais baixos devem oscilar entre 5 e 35 mm na regi\u00e3o Sul do Estado. O boletim tamb\u00e9m avalia as condi\u00e7\u00f5es atuais das culturas de soja, milho e feij\u00e3o primeira safra. O documento completo pode ser&nbsp;<a href=\"http:\/\/www.agricultura.rs.gov.br\/agrometeorologia\" data-cke-saved-href=\"http:\/\/www.agricultura.rs.gov.br\/agrometeorologia\">consultado clicando aqui.<\/a><\/p>\n<hr>\n<p style=\"text-align: center;\"><strong><em>Jogo R\u00e1pido<\/em><\/strong><\/p>\n<p style=\"text-align: center;\"><i><b>&nbsp;Plantio da safra avan\u00e7a no Estado<\/b><br \/>\nMesmo persistindo a preocupa\u00e7\u00e3o com progn\u00f3stico de novo per\u00edodo de tempo seco no Estado, a umidade trazida pelas precipita\u00e7\u00f5es da \u00faltima semana permitiu avan\u00e7o do plantio e desenvolvimento das lavouras. Conforme levantamento da Emater, a semeadura da soja alcan\u00e7ou 88% da \u00e1rea total estimada, ainda levemente abaixo do percentual m\u00e9dio para esse per\u00edodo (93%), mas oito pontos percentuais \u00e0 frente da semana anterior. A maior parte do que foi cultivado, 98%, est\u00e1 na fase de germina\u00e7\u00e3o e desenvolvimento vegetativo, com 2% j\u00e1 em flora\u00e7\u00e3o. A janela de plantio do gr\u00e3o segue at\u00e9 o final deste m\u00eas. As condi\u00e7\u00f5es tamb\u00e9m favoreceram o plantio do milho, que chegou a 89% da \u00e1rea prevista. Do que foi semeado, 35% est\u00e1 na fase de enchimento de gr\u00e3o, em que a chuva \u00e9 essencial, n\u00e3o podendo faltar. (Zero Hora)<\/i><\/p>\n<hr>\n<p>&nbsp;<\/p>\n","protected":false},"excerpt":{"rendered":"<p>Porto Alegre, 18 de dezembro de 2020&nbsp; &nbsp; &nbsp; &nbsp; &nbsp; &nbsp; &nbsp; &nbsp; &nbsp; &nbsp; &nbsp; &nbsp; &nbsp; &nbsp; &nbsp; &nbsp; &nbsp; &nbsp; &nbsp; &nbsp; &nbsp; &nbsp; &nbsp; &nbsp; &nbsp; Ano 14 - N\u00b0 3.371 ICMS: governo pagar\u00e1 para ver na \u00faltima sess\u00e3o do ano Como esperado, nem mesmo as flexibiliza\u00e7\u00f5es do Executivo em <a href=\"https:\/\/www.sindilat.com.br\/site\/2020\/12\/18\/18-12-2020\/\" class=\"more-link\">...continuar lendo<span class=\"screen-reader-text\"> \"18\/12\/2020\"<\/span><\/a><\/p>\n","protected":false},"author":2,"featured_media":0,"comment_status":"open","ping_status":"open","sticky":false,"template":"","format":"standard","meta":{"ngg_post_thumbnail":0,"footnotes":""},"categories":[28],"tags":[],"class_list":{"0":"post-6106","1":"post","2":"type-post","3":"status-publish","4":"format-standard","6":"category-newsletter","7":"h-entry","8":"hentry","9":"h-as-article"},"_links":{"self":[{"href":"https:\/\/www.sindilat.com.br\/site\/wp-json\/wp\/v2\/posts\/6106","targetHints":{"allow":["GET"]}}],"collection":[{"href":"https:\/\/www.sindilat.com.br\/site\/wp-json\/wp\/v2\/posts"}],"about":[{"href":"https:\/\/www.sindilat.com.br\/site\/wp-json\/wp\/v2\/types\/post"}],"author":[{"embeddable":true,"href":"https:\/\/www.sindilat.com.br\/site\/wp-json\/wp\/v2\/users\/2"}],"replies":[{"embeddable":true,"href":"https:\/\/www.sindilat.com.br\/site\/wp-json\/wp\/v2\/comments?post=6106"}],"version-history":[{"count":4,"href":"https:\/\/www.sindilat.com.br\/site\/wp-json\/wp\/v2\/posts\/6106\/revisions"}],"predecessor-version":[{"id":6112,"href":"https:\/\/www.sindilat.com.br\/site\/wp-json\/wp\/v2\/posts\/6106\/revisions\/6112"}],"wp:attachment":[{"href":"https:\/\/www.sindilat.com.br\/site\/wp-json\/wp\/v2\/media?parent=6106"}],"wp:term":[{"taxonomy":"category","embeddable":true,"href":"https:\/\/www.sindilat.com.br\/site\/wp-json\/wp\/v2\/categories?post=6106"},{"taxonomy":"post_tag","embeddable":true,"href":"https:\/\/www.sindilat.com.br\/site\/wp-json\/wp\/v2\/tags?post=6106"}],"curies":[{"name":"wp","href":"https:\/\/api.w.org\/{rel}","templated":true}]}}