{"id":5863,"date":"2020-11-16T19:56:56","date_gmt":"2020-11-16T19:56:56","guid":{"rendered":"http:\/\/www.sindilat.com.br\/site\/?p=5863"},"modified":"2020-11-16T19:56:56","modified_gmt":"2020-11-16T19:56:56","slug":"16-11-2020","status":"publish","type":"post","link":"https:\/\/www.sindilat.com.br\/site\/2020\/11\/16\/16-11-2020\/","title":{"rendered":"16\/11\/2020"},"content":{"rendered":"<p><a class=\"imgGl\"><img loading=\"lazy\" decoding=\"async\" class=\"\" style=\"vertical-align: top;\" src=\"https:\/\/dl.dnzdns.com\/v\/uuURf8ABF0257\" alt=\"Newsletter Sindilat_RS\" width=\"654\" height=\"116\"><\/a><\/p>\n<p>Porto Alegre, 16 de novembro de 2020&nbsp; &nbsp; &nbsp; &nbsp; &nbsp; &nbsp; &nbsp; &nbsp; &nbsp; &nbsp; &nbsp; &nbsp; &nbsp; &nbsp; &nbsp; &nbsp; &nbsp; &nbsp; &nbsp; &nbsp; &nbsp; &nbsp; &nbsp; &nbsp; &nbsp; Ano 14 - N\u00b0 3.347<\/p>\n<hr>\n<p style=\"text-align: justify;\"><strong>Associados do Sindilat t\u00eam desconto no Dairy Vision<\/strong><\/p>\n<p style=\"text-align: justify;\">Os associados do Sindicato da Ind\u00fastria de Latic\u00ednios do RS (Sindilat) t\u00eam direito a 10% de desconto para o Dairy Vision 2020, evento global organizado pelo Agripoint desde 2015. O semin\u00e1rio, que neste ano ocorre em formato virtual, reunir\u00e1 mais de 30 palestrantes das mais diversas nacionalidades para expor o cen\u00e1rio do setor l\u00e1cteo em \u00e2mbito mundial, tendo como pano de fundo as experi\u00eancias e desafios impostos pela pandemia da Covid-19. O evento acontece de 01 a 04 de dezembro. Al\u00e9m disso, os usu\u00e1rios que se cadastrarem para receber a newsletter do sindicato via whatsapp at\u00e9 o dia 23 de novembro estar\u00e3o concorrendo a um ingresso gratuito para participar das palestras.<\/p>\n<p style=\"text-align: justify;\">Temas atuais, de um futuro pr\u00f3ximo e outras pautas que v\u00e3o al\u00e9m da rotina do setor nos dias de hoje v\u00e3o fazer parte da programa\u00e7\u00e3o, entre eles, a disrup\u00e7\u00e3o nos neg\u00f3cios, blockchain e inova\u00e7\u00e3o aberta ser\u00e3o abordados por especialistas e por empresas que, na pr\u00e1tica, est\u00e3o mudando seus neg\u00f3cios a partir dessas tecnologias.<\/p>\n<p style=\"text-align: justify;\">Desafios di\u00e1rios com essas novas tecnologia que chegam rapidamente se juntam a temas recorrentes que precisam sempre da aten\u00e7\u00e3o de especialistas da \u00e1rea: novos canais de venda, sustentabilidade e demandas do consumidor estar\u00e3o na pauta de debates do Dairy Vision, considerado um dos principais f\u00f3runs globais de tend\u00eancia para o mercado de l\u00e1cteos. Desde a sua primeira edi\u00e7\u00e3o, o evento busca levar entendimento sobre o cen\u00e1rio de neg\u00f3cios para auxiliar gestores e empresas na tomada de decis\u00f5es.<\/p>\n<p style=\"text-align: justify;\">As palestras em ingl\u00eas ser\u00e3o legendadas para portugu\u00eas; as palestras em portugu\u00eas e espanhol ser\u00e3o legendadas para ingl\u00eas. Al\u00e9m disso, as sess\u00f5es de perguntas e respostas receber\u00e3o legendas autom\u00e1ticas em tempo real. Os participantes poder\u00e3o acompanhar discuss\u00f5es ao vivo ou assistir as palestras e seus conte\u00fados em um outro momento.<\/p>\n<p style=\"text-align: justify;\">Associado: <a href=\"http:\/\/www.dairyvision.com.br?coupon=DescontoSindilat\">Clique aqui<\/a> e inscreva-se com desconto.<\/p>\n<p style=\"text-align: justify;\">Cadastre-se na Newsletter via whatsapp,<a href=\"http:\/\/forms.gle\/7256ZB7Q5twVrAgGA\"> clicando aqui<\/a> e concorra a uma inscri\u00e7\u00e3o.<\/p>\n<p style=\"text-align: justify;\">Assessoria de imprensa Sindilat\/RS<\/p>\n<p><img loading=\"lazy\" decoding=\"async\" class=\"alignnone size-full wp-image-5866\" src=\"http:\/\/www.sindilat.com.br\/site\/wp-content\/uploads\/2020\/11\/feed-sindilat.png\" alt=\"\" width=\"500\" height=\"500\" srcset=\"https:\/\/www.sindilat.com.br\/site\/wp-content\/uploads\/2020\/11\/feed-sindilat.png 500w, https:\/\/www.sindilat.com.br\/site\/wp-content\/uploads\/2020\/11\/feed-sindilat-150x150.png 150w, https:\/\/www.sindilat.com.br\/site\/wp-content\/uploads\/2020\/11\/feed-sindilat-300x300.png 300w\" sizes=\"auto, (max-width: 500px) 100vw, 500px\" \/><\/p>\n<hr>\n<p style=\"text-align: justify;\"><strong>Governo estuda novos mecanismos para baratear importa\u00e7\u00e3o de milho<\/strong><\/p>\n<p style=\"text-align: justify;\"><em>Diretor da Conab diz que a redu\u00e7\u00e3o de impostos como PIS, Confins e ainda tarifas mar\u00edtimas podem ser adotadas na importa\u00e7\u00e3o de milho<\/em><\/p>\n<p>Entidades agropecu\u00e1rias do Rio Grande do Sul est\u00e3o solicitando apoio do governo para redu\u00e7\u00e3o de custos na pecu\u00e1ria leiteira. Entre as reivindica\u00e7\u00f5es, est\u00e1 a realiza\u00e7\u00e3o de leil\u00f5es Pep e Pepro, como alternativa para aumentar a oferta de milho e assim diminuir o custo com a ra\u00e7\u00e3o utilizada na atividade.<\/p>\n<p style=\"text-align: justify;\">S\u00e9rgio de Zen, diretor de pol\u00edtica agr\u00edcola e informa\u00e7\u00f5es da Companhia Nacional de Abastecimento (Conab), afirma que a ministra da Agricultura Tereza Cristina j\u00e1 solicitou a ado\u00e7\u00e3o de medidas que beneficiem os produtores. Entre as alternativas, estaria a redu\u00e7\u00e3o de impostos como PIS, Confins e ainda tarifas mar\u00edtimas.<\/p>\n<p style=\"text-align: justify;\">\u201cNesse primeiro momento temos que avaliar quais tarifas tornam o produto importado mais caro, e o que elas representam no pre\u00e7o final do produto, para ent\u00e3o definir como ficaria a isen\u00e7\u00e3o e o que ela significa em termos de redu\u00e7\u00e3o de custos. J\u00e1 estamos atuando em uma linha de estudos sobre isso\u201d, afirma de Zen.<\/p>\n<p style=\"text-align: justify;\">Ainda segundo o diretor da Conab, o estudo ainda n\u00e3o foi encaminhado para aprova\u00e7\u00e3o do minist\u00e9rio da Economia, pois, segundo ele, ainda \u00e9 preciso muito embasamento t\u00e9cnico para justificar a isen\u00e7\u00e3o de impostos diante do quadro fiscal complicado que o Brasil apresenta.<\/p>\n<p style=\"text-align: justify;\">S\u00e9rgio de Zen acrescenta que os estoques p\u00fablicos n\u00e3o s\u00e3o capazes de atender a demanda do mercado interno e que todo esse cen\u00e1rio de escassez do milho tem rela\u00e7\u00e3o com a desvaloriza\u00e7\u00e3o do real perante o d\u00f3lar. \u201cA falta do gr\u00e3o no mercado tamb\u00e9m \u00e9 levada pela boa oportunidade que o produtor viu diante do c\u00e2mbio mais valorizado. Isso levou a um desequil\u00edbrio na oferta que foi vista em todo o mundo e n\u00e3o h\u00e1 como o Estado intervir\u201d, pontua. (Canal Rural)<\/p>\n<p style=\"text-align: justify;\">\n<strong>Leite pede manuten\u00e7\u00e3o das al\u00edquotas de ICMS \u00e0 ALRS<\/strong><\/p>\n<p style=\"text-align: justify;\"><em>Governador encaminhou os projetos em regime de urg\u00eancia<\/em><\/p>\n<p style=\"text-align: justify;\">Na sexta-feira passada, o governo do Estado encaminhou \u00e0 Assembleia Legislativa (ALRS) 11 projetos de lei, sendo um deles com o prop\u00f3sito de as atuais al\u00edquotas do ICMS majoradas desde o governo de Jos\u00e9 Ivo Sartori (MDB, 2015-2018).<\/p>\n<p style=\"text-align: justify;\">Em 2016, passaram a valer as al\u00edquotas de elevadas de 17% para 18% (geral) e de 25% para 30% em setores que mais geram arrecada\u00e7\u00e3o, de combust\u00edveis, energia a telecomunica\u00e7\u00f5es, cumprindo aprova\u00e7\u00e3o da AL feita em fim de 2015, a pedido do governador na \u00e9poca. O objetivo \u00e9 evitar uma perda estimada de R$ 2,85 bilh\u00f5es em arrecada\u00e7\u00e3o, sendo R$ 850 milh\u00f5es destinados \u00e0s prefeituras.<\/p>\n<p style=\"text-align: justify;\">Os percentuais vigorariam at\u00e9 dezembro de 2018, quando foram renovados para os dois primeiros anos do governo Leite (2019 e 2020). Este ano, portanto, o prazo se encerra e a cobran\u00e7a voltar\u00e1 ao patamar normal no pr\u00f3ximo ano, a menos que os parlamentares aprovem mais uma vez a prorroga\u00e7\u00e3o.<\/p>\n<p style=\"text-align: justify;\">Na justificativa do pacote de medidas, em nota divulgada no site no come\u00e7o da noite, o governo alega que as propostas buscam equil\u00edbrio fiscal e moderniza\u00e7\u00e3o da gest\u00e3o p\u00fablica. Em setembro passado, o governador Eduardo Leite retirou projetos que mexiam na estrutura tribut\u00e1ria, incluindo aumentos e revis\u00e3o de isen\u00e7\u00f5es.<br \/>\nDos projetos, 11 t\u00eam pedido de regime de urg\u00eancia e ter\u00e3o 30 dias para aprecia\u00e7\u00e3o e vota\u00e7\u00e3o em plen\u00e1rio, j\u00e1 que as sess\u00f5es ordin\u00e1rias do parlamento encerram em 22 de dezembro. Entre as medidas est\u00e3o propostas de mudan\u00e7a do ICMS, reestrutura\u00e7\u00e3o de secretarias e revis\u00e3o de taxas.<\/p>\n<p style=\"text-align: justify;\">Segundo o Piratini, o pacote \u201cavan\u00e7a nas reformas que v\u00eam sendo feitas desde o in\u00edcio de 2019\u201d. De acordo com o Executivo, as propostas visam a manuten\u00e7\u00e3o da receita do Estado para 2021, a limita\u00e7\u00e3o de gastos p\u00fablicos e a atualiza\u00e7\u00e3o da administra\u00e7\u00e3o estadual. (Jornal do Com\u00e9rcio)<\/p>\n<hr>\n<p style=\"text-align: center;\"><em><span style=\"color: #222222; font-family: Open Sans, Verdana, Geneva, DejaVu Sans, sans-serif;\"><span style=\"font-size: 16px;\"><span style=\"color: #000000; font-family: Arial; font-size: 14px; text-align: center;\"><span style=\"font-size: 28px; font-family: Arial; color: #000000; text-align: center;\"><span style=\"font-size: 16px; font-family: Arial; color: #000000; text-align: center;\"><span style=\"font-size: 18px; font-family: Arial; color: #000000; text-align: center;\"><span style=\"font-family: 'times new roman', times, serif; font-size: 18px; color: #000000; text-align: center;\">Jogo R\u00e1pido<br \/>\n<\/span><\/span><\/span><\/span><\/span><\/span><\/span><\/em><strong><em>Revista aborda tecnologias no setor l\u00e1cteo<\/em><\/strong><br \/>\n<em>Em 2020, a tecnologia se mostrou extremamente importante para a popula\u00e7\u00e3o que teve que se adaptar e driblar os efeitos causados pela pandemia. E no setor l\u00e1cteo isso n\u00e3o foi diferente. Para revelar como os latic\u00ednios est\u00e3o se adequando \u00e0s novas tecnologias, a edi\u00e7\u00e3o de setembro\/outubro da revista Ind\u00fastria de Latic\u00ednios exibe mat\u00e9rias e entrevistas com empresas focadas em sistemas de gest\u00e3o e especialistas na \u00e1rea. S\u00e3o 88 p\u00e1ginas de conte\u00fado e informa\u00e7\u00e3o sobre o segmento. A revista aborda, na mat\u00e9ria de capa, tecnologias em m\u00e1quinas, equipamentos, embalagens e refrigera\u00e7\u00e3o para as ind\u00fastrias de latic\u00ednios e exibe, ainda, conte\u00fados sobre oportunidades no mercado de latic\u00ednios, leite A2A2, aspectos tecnol\u00f3gicos e sensoriais dos prebi\u00f3ticos em produtos l\u00e1cteos e outros assuntos nas demais p\u00e1ginas. Al\u00e9m disso, a publica\u00e7\u00e3o traz entrevista com diversos especialistas. Entre eles, S\u00e1vio Cruz, universit\u00e1rio rec\u00e9m-formado em Veterin\u00e1ria, que desenvolve iniciativas de promo\u00e7\u00e3o a tecnologia e inova\u00e7\u00e3o no campo, e David Garcia Penof, coordenador do curso de Engenharia de Produ\u00e7\u00e3o do Instituto Mau\u00e1 de Tecnologia, que discorre sobre como as empresas brasileiras est\u00e3o trabalhando na implanta\u00e7\u00e3o da Ind\u00fastria 4.0. <a href=\"http:\/\/www.sindilat.com.br\/site\/wp-content\/uploads\/2020\/11\/IL-146-celular-2.pdf\">Para ficar por dentro de todo o conte\u00fado acesse o PDF.<\/a> (Assessoria de imprensa Sindilat\/RS)<\/em><\/p>\n<hr>\n<p>&nbsp;<\/p>\n","protected":false},"excerpt":{"rendered":"<p>Porto Alegre, 16 de novembro de 2020&nbsp; &nbsp; &nbsp; &nbsp; &nbsp; &nbsp; &nbsp; &nbsp; &nbsp; &nbsp; &nbsp; &nbsp; &nbsp; &nbsp; &nbsp; &nbsp; &nbsp; &nbsp; &nbsp; &nbsp; &nbsp; &nbsp; &nbsp; &nbsp; &nbsp; Ano 14 - N\u00b0 3.347 Associados do Sindilat t\u00eam desconto no Dairy Vision Os associados do Sindicato da Ind\u00fastria de Latic\u00ednios do RS (Sindilat) <a href=\"https:\/\/www.sindilat.com.br\/site\/2020\/11\/16\/16-11-2020\/\" class=\"more-link\">...continuar lendo<span class=\"screen-reader-text\"> \"16\/11\/2020\"<\/span><\/a><\/p>\n","protected":false},"author":2,"featured_media":0,"comment_status":"open","ping_status":"open","sticky":false,"template":"","format":"standard","meta":{"ngg_post_thumbnail":0,"footnotes":""},"categories":[28],"tags":[],"class_list":{"0":"post-5863","1":"post","2":"type-post","3":"status-publish","4":"format-standard","6":"category-newsletter","7":"h-entry","8":"hentry","9":"h-as-article"},"_links":{"self":[{"href":"https:\/\/www.sindilat.com.br\/site\/wp-json\/wp\/v2\/posts\/5863","targetHints":{"allow":["GET"]}}],"collection":[{"href":"https:\/\/www.sindilat.com.br\/site\/wp-json\/wp\/v2\/posts"}],"about":[{"href":"https:\/\/www.sindilat.com.br\/site\/wp-json\/wp\/v2\/types\/post"}],"author":[{"embeddable":true,"href":"https:\/\/www.sindilat.com.br\/site\/wp-json\/wp\/v2\/users\/2"}],"replies":[{"embeddable":true,"href":"https:\/\/www.sindilat.com.br\/site\/wp-json\/wp\/v2\/comments?post=5863"}],"version-history":[{"count":1,"href":"https:\/\/www.sindilat.com.br\/site\/wp-json\/wp\/v2\/posts\/5863\/revisions"}],"predecessor-version":[{"id":5867,"href":"https:\/\/www.sindilat.com.br\/site\/wp-json\/wp\/v2\/posts\/5863\/revisions\/5867"}],"wp:attachment":[{"href":"https:\/\/www.sindilat.com.br\/site\/wp-json\/wp\/v2\/media?parent=5863"}],"wp:term":[{"taxonomy":"category","embeddable":true,"href":"https:\/\/www.sindilat.com.br\/site\/wp-json\/wp\/v2\/categories?post=5863"},{"taxonomy":"post_tag","embeddable":true,"href":"https:\/\/www.sindilat.com.br\/site\/wp-json\/wp\/v2\/tags?post=5863"}],"curies":[{"name":"wp","href":"https:\/\/api.w.org\/{rel}","templated":true}]}}