{"id":5589,"date":"2020-09-29T20:25:50","date_gmt":"2020-09-29T20:25:50","guid":{"rendered":"http:\/\/www.sindilat.com.br\/site\/?p=5589"},"modified":"2020-09-29T20:25:50","modified_gmt":"2020-09-29T20:25:50","slug":"29-09-2020","status":"publish","type":"post","link":"https:\/\/www.sindilat.com.br\/site\/2020\/09\/29\/29-09-2020\/","title":{"rendered":"29\/09\/2020"},"content":{"rendered":"<p><strong><em>&nbsp;<img decoding=\"async\" style=\"width: 643px; height: 89px;\" src=\"http:\/\/cache.mail2easy.com.br\/i\/6186\/3074\" alt=\"\"><\/em><\/strong><\/p>\n<div style=\"text-align: center;\">\n<p><strong><em>Porto Alegre, 29 de setembro de 2020<\/em><\/strong><strong><em>&nbsp; &nbsp; &nbsp; &nbsp; &nbsp; &nbsp; &nbsp; &nbsp; &nbsp; &nbsp; &nbsp; &nbsp; &nbsp; &nbsp; &nbsp; &nbsp; &nbsp; &nbsp; &nbsp; &nbsp; &nbsp; &nbsp; &nbsp; Ano 14 - N\u00b0 3.315<\/em><\/strong><img decoding=\"async\" style=\"width: 673px; height: 22px;\" src=\"http:\/\/cache.mail2easy.com.br\/i\/6186\/3078\" alt=\"\"><\/p>\n<p><img decoding=\"async\" src=\"http:\/\/cache.mail2easy.com.br\/i\/6186\/3075\" border=\"0\"><\/p>\n<p style=\"text-align: justify;\"><img decoding=\"async\" style=\"text-align: justify; border-width: 0px; border-style: solid; float: left;\" src=\"http:\/\/cache.mail2easy.com.br\/i\/6186\/3079\"><\/p>\n<div style=\"text-align: justify;\">\n<div>\n<p style=\"text-align: center;\"><strong>F\u00f3rum MilkPoint Mercado Online debater\u00e1 o futuro do setor l\u00e1cteo<\/strong><\/p>\n<p style=\"text-align: center;\"><img loading=\"lazy\" decoding=\"async\" class=\"alignnone size-full wp-image-5590\" src=\"http:\/\/www.sindilat.com.br\/site\/wp-content\/uploads\/2020\/09\/kjhgfghjk.png\" alt=\"\" width=\"1182\" height=\"484\" srcset=\"https:\/\/www.sindilat.com.br\/site\/wp-content\/uploads\/2020\/09\/kjhgfghjk.png 1182w, https:\/\/www.sindilat.com.br\/site\/wp-content\/uploads\/2020\/09\/kjhgfghjk-300x123.png 300w, https:\/\/www.sindilat.com.br\/site\/wp-content\/uploads\/2020\/09\/kjhgfghjk-768x314.png 768w, https:\/\/www.sindilat.com.br\/site\/wp-content\/uploads\/2020\/09\/kjhgfghjk-1024x419.png 1024w, https:\/\/www.sindilat.com.br\/site\/wp-content\/uploads\/2020\/09\/kjhgfghjk-960x393.png 960w\" sizes=\"auto, (max-width: 1182px) 100vw, 1182px\" \/><\/p>\n<p style=\"text-align: center;\">Com foco em debater as perspectivas para o setor de l\u00e1cteos de 2021, a MilkPoint reunir\u00e1 profissionais e analistas do segmento no F\u00f3rum MilkPoint Mercado Online nos dias 13 e 14 de outubro. O objetivo do evento \u00e9 discutir os rumos em curto e m\u00e9dio prazo do mercado de leite e derivados, abordando ainda os efeitos da pandemia no setor e as mudan\u00e7as estruturais e o comportamento do consumidor. Em ambos os dias, a programa\u00e7\u00e3o inicia-se \u00e0s 13h50, com encerramento previsto para \u00e0s 17h10.<br \/>\nRealizado de forma virtual, em fun\u00e7\u00e3o da pandemia, o f\u00f3rum contar\u00e1 com a intera\u00e7\u00e3o entre os participantes e palestrantes, networking e informa\u00e7\u00e3o sobre diversos assuntos relacionados ao setor. Durante as duas tardes, os convidados falar\u00e3o sobre os poss\u00edveis cen\u00e1rios para 2021, a evolu\u00e7\u00e3o do consumo de l\u00e1cteos em 2020, mercado internacional e nacional, a import\u00e2ncia da rastreabilidade na cadeia de latic\u00ednios no mundo p\u00f3s-pandemia, entre outros.<br \/>\nNeste ano, o Sindicato da Ind\u00fastria de Latic\u00ednios do RS (Sindilat) disponibilizar\u00e1 a seus associados, por meio de parceria com a MilkPoint, desconto na inscri\u00e7\u00e3o (pre\u00e7os de 1\u00ba lote) e divulga\u00e7\u00e3o semanal da programa\u00e7\u00e3o. Saiba mais sobre o evento em http:\/\/www.interleite.com.br\/forum\/ (Assessoria de Imprensa Sindilat\/RS)<\/p>\n<\/div>\n<div style=\"text-align: justify;\"><strong style=\"text-align: center;\">&nbsp; &nbsp; &nbsp; &nbsp; &nbsp; &nbsp; &nbsp; &nbsp; &nbsp; &nbsp; &nbsp;<img decoding=\"async\" src=\"http:\/\/cache.mail2easy.com.br\/i\/6186\/3078\" border=\"0\"><\/strong><\/div>\n<\/div>\n<p><strong>Governo trava reforma tribut\u00e1ria at\u00e9 fim da elei\u00e7\u00e3o<\/strong><\/p>\n<p>Governo suspende debate sobre nova CPMF at\u00e9 fim da elei\u00e7\u00e3o<\/p>\n<p>A proposta de reforma tribut\u00e1ria do governo, de desonerar a folha de sal\u00e1rios com a cria\u00e7\u00e3o de um imposto sobre movimenta\u00e7\u00f5es financeiras, nos moldes da extinta CPMF, s\u00f3 deve ser divulgada oficialmente ap\u00f3s as elei\u00e7\u00f5es municipais, afirmaram<br \/>\ntr\u00eas deputados e um ministro ao Valor. O primeiro turno ser\u00e1 em 15 de novembro, daqui a 45 dias.<\/p>\n<p>A decis\u00e3o levou o presidente da comiss\u00e3o da reforma no Congresso, senador Roberto Rocha (PSDB-MA), a adiar audi\u00eancia p\u00fablica que ocorreria com os formuladores t\u00e9cnicos das propostas em discuss\u00e3o. Seria um debate final antes da<br \/>\napresenta\u00e7\u00e3o do parecer do relator, o deputado Aguinaldo Ribeiro (PP-PB). O texto n\u00e3o ser\u00e1 mais divulgado nesta semana, avisou ele aos integrantes da comiss\u00e3o, e n\u00e3o h\u00e1 data prevista.<\/p>\n<p>O entendimento entre os governistas para adiar a proposta ocorreu ao longo de reuni\u00f5es no fim de semana e na manh\u00e3 de ontem. Deputados sugeriram ao governo que o momento era inoportuno, bem no in\u00edcio da elei\u00e7\u00e3o, o que faria com<br \/>\nque parte dos parlamentares se comprometesse contra o projeto para n\u00e3o haver desgaste na elei\u00e7\u00e3o. \u201cTem muito deputado candidato ou com esposa ou filho candidato. Isso tiraria votos\u201d, disse um l\u00edder.<br \/>\nO tema nem entrou em debate no encontro mais ampliado com o presidente Jai Bolsonaro. Esse l\u00edder, que falou sob anonimato para evitar ser tachado como defensor da CPMF em plena elei\u00e7\u00e3o, justificou que o governo tem um discurso<br \/>\ncoerente, de substitui\u00e7\u00e3o dos encargos sobre a folha por outro imposto para criar mais empregos, mas que a oposi\u00e7\u00e3o distorcer\u00e1 isso durante as elei\u00e7\u00f5es. O pr\u00f3prio<br \/>\nBolsonaro teria sinalizado que o desgaste seria grande para seus aliados.<\/p>\n<p>Deputados dizem que a maioria dos partidos governistas est\u00e1 a favor do projeto, mas que ainda n\u00e3o haveria os 308 votos necess\u00e1rios na C\u00e2mara para aprovar o novo imposto. Partidos que costumam votar com o governo, como o DEM, por<br \/>\nexemplo, dizem que a derrubada da CPMF no governo Lula \u00e9 uma vit\u00f3ria da legenda e que n\u00e3o h\u00e1 disposi\u00e7\u00e3o interna em apoiar a volta do imposto neste momento.<\/p>\n<p>O l\u00edder do PSC na C\u00e2mara, deputado Andr\u00e9 Ferreira (PSC-PE), disse que a proposta do governo tem muitas coisas boas, mas que \u00e9 contra a volta da CPMF - que seria de 0,2% para quem transfere e 0,2% para quem recebe, \u201cdando uma al\u00edquota de 0,4%\u201d.<br \/>\n\u201cQuerendo ou n\u00e3o, cria um imposto. Muita gente n\u00e3o vai ver a desonera\u00e7\u00e3o, vai ver esse imposto novo e o momento hoje n\u00e3o \u00e9 bom\u201d, disse.<\/p>\n<p>Ainda n\u00e3o h\u00e1 estrat\u00e9gia desenhada pelo governo sobre como ser\u00e1 a atua\u00e7\u00e3o da base aliada em rela\u00e7\u00e3o \u00e0 PEC 45, que unifica PIS, Cofins, IPI, ICMS e ISS em um Imposto sobre Bens e Servi\u00e7os (IBS). Mas a tend\u00eancia \u00e9 travar a discuss\u00e3o at\u00e9 a<br \/>\nformaliza\u00e7\u00e3o da CPMF.<\/p>\n<p>Os governistas dizem que h\u00e1 mais consenso sobre outros pontos da PEC que ser\u00e1 apresentada, como ampliar a faixa de isen\u00e7\u00e3o do Imposto de Renda Pessoa F\u00edsica de R$ 1,9 mil para R$ 3 mil e diminuir o Imposto de Renda da Pessoa Jur\u00eddica e cobrar<br \/>\nna distribui\u00e7\u00e3o de lucros e dividendos. A imunidade tribut\u00e1ria de igrejas sobre a contribui\u00e7\u00f5es sociais, como a CSLL, tamb\u00e9m entraria a\u00ed. (Valor Econ\u00f4mico)<\/p>\n<p>&nbsp;<\/p>\n<p><strong>Agricultura de precis\u00e3o j\u00e1 movimenta US$ 7 bi no mundo<\/strong><br \/>\nA agricultura de precis\u00e3o tem se firmado como um dos pilares das estrat\u00e9gias adotadas por produtores, entre eles cooperados, para acompanhar a evolu\u00e7\u00e3o no campo com o uso de novas tecnologias. Pesquisa da consultoria MarketsandMarkets, sediada na \u00cdndia, aponta que esse mercado deve girar US$ 7 bilh\u00f5es no mundo este ano e que a tend\u00eancia \u00e9 que o valor cres\u00e7a 82,8% at\u00e9 2025, para US$ 12,8 bilh\u00f5es.<\/p>\n<p><img loading=\"lazy\" decoding=\"async\" class=\"alignnone size-full wp-image-5591\" src=\"http:\/\/www.sindilat.com.br\/site\/wp-content\/uploads\/2020\/09\/lkjhgfghjk.jpg\" alt=\"\" width=\"980\" height=\"920\" srcset=\"https:\/\/www.sindilat.com.br\/site\/wp-content\/uploads\/2020\/09\/lkjhgfghjk.jpg 980w, https:\/\/www.sindilat.com.br\/site\/wp-content\/uploads\/2020\/09\/lkjhgfghjk-300x282.jpg 300w, https:\/\/www.sindilat.com.br\/site\/wp-content\/uploads\/2020\/09\/lkjhgfghjk-768x721.jpg 768w, https:\/\/www.sindilat.com.br\/site\/wp-content\/uploads\/2020\/09\/lkjhgfghjk-960x901.jpg 960w\" sizes=\"auto, (max-width: 980px) 100vw, 980px\" \/><\/p>\n<p>Na Am\u00e9rica Latina, o Brasil \u00e9 principal expoente nessa frente, e, sozinho, gerou US$ 388,7 milh\u00f5es em receitas com produtos e servi\u00e7os no ano passado. Segundo Silvia Maria Fonseca Silveira Massruh\u00e1, chefe-geral da Embrapa Inform\u00e1tica Agropecu\u00e1ria, a tend\u00eancia \u00e9 de crescimento principalmente dos servi\u00e7os no setor \u2013 partindo de atores como as cooperativas, porque o avan\u00e7o tecnol\u00f3gico depende da capacita\u00e7\u00e3o na ponta, e n\u00e3o somente da venda de m\u00e1quinas.<br \/>\nNa agricultura 4.0, ela afirma que o valor est\u00e1 em extrair conhecimento dos dados, e n\u00e3o apenas em ger\u00e1-los. \u201cA agricultura de precis\u00e3o \u00e9 uma ferramenta da agricultura 3.0, que vem de mais de 20 anos atr\u00e1s, e que ajuda a subsidiar essa nova fase [4.0], em que informa\u00e7\u00f5es embasam tomadas de decis\u00e3o e a\u00e7\u00f5es preditivas\u201d, diz Silvia.<br \/>\nPara Gabriel Camarinha, coordenador de agricultura de precis\u00e3o da Cooperativa dos Plantadores de Cana do Estado de S\u00e3o Paulo (Coplacana), de Piracicaba (SP) - que tem 14 mil cooperados e faturou R$ 1,7 bilh\u00e3o em 2019 -, o grande valor da agricultura de precis\u00e3o est\u00e1 no acompanhamento de processos, que \u00e9 convertido em ganhos financeiros ao produtor. As melhorias v\u00e3o desde a redu\u00e7\u00e3o da sobreposi\u00e7\u00e3o do trajeto de tratores no campo e a consequente diminui\u00e7\u00e3o da compacta\u00e7\u00e3o do solo, at\u00e9 a economia de tempo, horas-m\u00e1quina, combust\u00edvel e insumos. Isso sem falar no incremento da qualidade da cultura implantada, destaca Camarinha.<br \/>\nDos 750 agricultores de cinco culturas diferentes e 11 Estados do Brasil entrevistados pela consultoria McKinsey este ano, Camarinha lembra que 47% afirmaram usar pelo menos uma ferramenta de agricultura de precis\u00e3o, ao passo que 33% disseram usar duas ou mais. A pesquisa da McKinsey tamb\u00e9m j\u00e1 apontava que os jovens s\u00e3o os grandes adeptos da aplica\u00e7\u00e3o de insumos a taxas vari\u00e1veis e do uso de mapas de solo, al\u00e9m de drones. Na Coplacana, o perfil identificado entre os cooperados foi parecido: \u201cEm geral, os agricultores de 25 a 44 anos s\u00e3o os que mais buscam inova\u00e7\u00e3o\u201d, afirma F\u00e1bio Salvaia, especialista em agricultura de precis\u00e3o da cooperativa paulista. (As informa\u00e7\u00f5es s\u00e3o do Valor Econ\u00f4mico)<\/p>\n<div style=\"text-align: center;\"><em style=\"text-align: center;\">&nbsp;<img decoding=\"async\" src=\"http:\/\/cache.mail2easy.com.br\/i\/6186\/3077\" border=\"0\"><\/em><\/div>\n<div style=\"text-align: center;\">\n<p><strong><em>China tenta reduzir depend\u00eancia de importa\u00e7\u00f5es de carnes e l\u00e1cteo<\/em><\/strong><br \/>\n<em>A China, que lidera a produ\u00e7\u00e3o e o consumo de carne su\u00edna no mundo, estabeleceu como meta de longo prazo garantir que sua oferta dom\u00e9stica do produto seja suficiente para atender a 95% da demanda. Conforme informou a ag\u00eancia Bloomberg, no caso da carne bovina o objetivo \u00e9 que o percentual alcance 85%, enquanto em l\u00e1cteos os planos oficiais s\u00e3o de que a produ\u00e7\u00e3o interna cubra mais de 70% do consumo. No processo de reconstru\u00e7\u00e3o de sua produ\u00e7\u00e3o depois da crise provocada pela dissemina\u00e7\u00e3o da peste su\u00edna africana no pa\u00eds, a partir de 2018, a China prev\u00ea o aumento do tamanho m\u00e9dio do plantel de seus criadores de porcos. Hoje, milh\u00f5es deles ainda engordam menos de 500 animais por ano, e o objetivo \u00e9 que 70% do total sejam de grande escala at\u00e9 2025 e que o percentual chegue a 85% em 2030. A China \u00e9 o principal destino das exporta\u00e7\u00f5es brasileiras de carnes bovina, su\u00edna e de frango, e a not\u00edcia pressionou as a\u00e7\u00f5es dos frigor\u00edficos JBS, Marfrig e Minerva, como informou o Valor PRO, o servi\u00e7o de informa\u00e7\u00f5es em tempo real do Valor. (As informa\u00e7\u00f5es s\u00e3o do Valor Econ\u00f4mico)<\/em><\/p>\n<\/div>\n<\/div>\n","protected":false},"excerpt":{"rendered":"<p>&nbsp; Porto Alegre, 29 de setembro de 2020&nbsp; &nbsp; &nbsp; &nbsp; &nbsp; &nbsp; &nbsp; &nbsp; &nbsp; &nbsp; &nbsp; &nbsp; &nbsp; &nbsp; &nbsp; &nbsp; &nbsp; &nbsp; &nbsp; &nbsp; &nbsp; &nbsp; &nbsp; Ano 14 - N\u00b0 3.315 F\u00f3rum MilkPoint Mercado Online debater\u00e1 o futuro do setor l\u00e1cteo Com foco em debater as perspectivas para o setor de <a href=\"https:\/\/www.sindilat.com.br\/site\/2020\/09\/29\/29-09-2020\/\" class=\"more-link\">...continuar lendo<span class=\"screen-reader-text\"> \"29\/09\/2020\"<\/span><\/a><\/p>\n","protected":false},"author":2,"featured_media":0,"comment_status":"open","ping_status":"open","sticky":false,"template":"","format":"standard","meta":{"ngg_post_thumbnail":0,"footnotes":""},"categories":[28],"tags":[],"class_list":{"0":"post-5589","1":"post","2":"type-post","3":"status-publish","4":"format-standard","6":"category-newsletter","7":"h-entry","8":"hentry","9":"h-as-article"},"_links":{"self":[{"href":"https:\/\/www.sindilat.com.br\/site\/wp-json\/wp\/v2\/posts\/5589","targetHints":{"allow":["GET"]}}],"collection":[{"href":"https:\/\/www.sindilat.com.br\/site\/wp-json\/wp\/v2\/posts"}],"about":[{"href":"https:\/\/www.sindilat.com.br\/site\/wp-json\/wp\/v2\/types\/post"}],"author":[{"embeddable":true,"href":"https:\/\/www.sindilat.com.br\/site\/wp-json\/wp\/v2\/users\/2"}],"replies":[{"embeddable":true,"href":"https:\/\/www.sindilat.com.br\/site\/wp-json\/wp\/v2\/comments?post=5589"}],"version-history":[{"count":1,"href":"https:\/\/www.sindilat.com.br\/site\/wp-json\/wp\/v2\/posts\/5589\/revisions"}],"predecessor-version":[{"id":5592,"href":"https:\/\/www.sindilat.com.br\/site\/wp-json\/wp\/v2\/posts\/5589\/revisions\/5592"}],"wp:attachment":[{"href":"https:\/\/www.sindilat.com.br\/site\/wp-json\/wp\/v2\/media?parent=5589"}],"wp:term":[{"taxonomy":"category","embeddable":true,"href":"https:\/\/www.sindilat.com.br\/site\/wp-json\/wp\/v2\/categories?post=5589"},{"taxonomy":"post_tag","embeddable":true,"href":"https:\/\/www.sindilat.com.br\/site\/wp-json\/wp\/v2\/tags?post=5589"}],"curies":[{"name":"wp","href":"https:\/\/api.w.org\/{rel}","templated":true}]}}