{"id":5531,"date":"2020-09-18T20:18:39","date_gmt":"2020-09-18T20:18:39","guid":{"rendered":"http:\/\/www.sindilat.com.br\/site\/?p=5531"},"modified":"2020-09-21T19:50:42","modified_gmt":"2020-09-21T19:50:42","slug":"18-09-2020","status":"publish","type":"post","link":"https:\/\/www.sindilat.com.br\/site\/2020\/09\/18\/18-09-2020\/","title":{"rendered":"18\/09\/2020"},"content":{"rendered":"<p><strong><em>&nbsp;<img decoding=\"async\" style=\"width: 643px; height: 89px;\" src=\"http:\/\/cache.mail2easy.com.br\/i\/6186\/3074\" alt=\"\"><\/em><\/strong><\/p>\n<div style=\"text-align: center;\">\n<p><strong><em>Porto Alegre, 18 de setembro de 2020<\/em><\/strong><strong><em>&nbsp; &nbsp; &nbsp; &nbsp; &nbsp; &nbsp; &nbsp; &nbsp; &nbsp; &nbsp; &nbsp; &nbsp; &nbsp; &nbsp; &nbsp; &nbsp; &nbsp; &nbsp; &nbsp; &nbsp; &nbsp; &nbsp; &nbsp; Ano 14 - N\u00b0 3.309<\/em><\/strong><img decoding=\"async\" style=\"width: 673px; height: 22px;\" src=\"http:\/\/cache.mail2easy.com.br\/i\/6186\/3078\" alt=\"\"><\/p>\n<p><img decoding=\"async\" src=\"http:\/\/cache.mail2easy.com.br\/i\/6186\/3075\" border=\"0\"><\/p>\n<p style=\"text-align: justify;\"><img decoding=\"async\" style=\"text-align: justify; border-width: 0px; border-style: solid; float: left;\" src=\"http:\/\/cache.mail2easy.com.br\/i\/6186\/3079\"><\/p>\n<div style=\"text-align: justify;\">\n<div>\n<p><strong>Novo prazo para entrega PQFL \u00e9 31 de dezembro e contempla pr\u00e1ticas emergenciais nos estabelecimentos<\/strong><\/p>\n<p>O Sindicato da Ind\u00fastria de Latic\u00ednios do RS (Sindilat) alerta \u00e0s empresas associadas sobre decis\u00e3o do colegiado do Departamento de Inspe\u00e7\u00e3o de Produtos de Origem Animal (DIPOA), \u00f3rg\u00e3o do Minist\u00e9rio da Agricultura, que prorrogou a entrada em vigor para entrega do Plano de Qualifica\u00e7\u00e3o de Fornecedores de Leite (PQFL), j\u00e1 na formata\u00e7\u00e3o com a \u00faltima vers\u00e3o do formul\u00e1rio padr\u00e3o. A partir de solicita\u00e7\u00e3o feita por Grupo de Trabalho da C\u00e2mara Setorial do Leite, o documento agora poder\u00e1 ser entregue ao Mapa at\u00e9 31 de dezembro de 2020. O formul\u00e1rio \u00e9 o documento que deve ser usado pelos estabelecimentos para enviar os planos ao Mapa.<\/p>\n<p>De acordo com a consultora de qualidade do Sindilat, Let\u00edcia Vieira, o novo formul\u00e1rio contempla descri\u00e7\u00f5es tamb\u00e9m sobre a\u00e7\u00f5es emergenciais a serem desenvolvidas pelos estabelecimentos, al\u00e9m das a\u00e7\u00f5es relativas \u00e0s boas pr\u00e1ticas agropecu\u00e1rias. \u201cO formul\u00e1rio do PQFL j\u00e1 existia, mas foram feitas adequa\u00e7\u00f5es para que seja introduzido o campo descritivo relativo \u00e0s a\u00e7\u00f5es emergenciais. Na pr\u00e1tica, a prorroga\u00e7\u00e3o foi feita para possibilitar a readequa\u00e7\u00e3o das respostas nos campos a serem preenchidos no formul\u00e1rio, bem como adequa\u00e7\u00f5es necess\u00e1rias no plano de autocontrole de mat\u00e9rias primas, onde este dever\u00e1 constar\u201d, explica.<\/p>\n<p>O PQFL foi institu\u00eddo pela Instru\u00e7\u00e3o Normativa n\u00ba 77 e se consolida como uma ferramenta de controle elaborada pelas empresas ou cooperativas. Nele \u00e9 definida a pol\u00edtica do latic\u00ednio em rela\u00e7\u00e3o aos seus fornecedores de leite, contemplando a assist\u00eancia t\u00e9cnica e gerencial, bem como a capacita\u00e7\u00e3o de todos os produtores, com foco em gest\u00e3o da propriedade e implementa\u00e7\u00e3o das boas pr\u00e1ticas agropecu\u00e1rias.<\/p>\n<p>O plano \u00e9 obrigat\u00f3rio para os tr\u00eas n\u00edveis de inspe\u00e7\u00f5es: Servi\u00e7o de Inspe\u00e7\u00e3o Municipal (SIM), Servi\u00e7o de Inspe\u00e7\u00e3o Federal (SIF) e Coordenadoria de Inspe\u00e7\u00e3o de Produtos de Origem Animal (CISPOA).<\/p>\n<\/div>\n<div style=\"text-align: justify;\"><strong style=\"text-align: center;\">&nbsp; &nbsp; &nbsp; &nbsp; &nbsp; &nbsp; &nbsp; &nbsp; &nbsp; &nbsp; &nbsp;<img decoding=\"async\" src=\"http:\/\/cache.mail2easy.com.br\/i\/6186\/3078\" border=\"0\"><\/strong><\/div>\n<\/div>\n<p class=\"MsoNormal\" style=\"text-align: justify;\"><strong>Sooro Renner Nutri\u00e7\u00e3o inicia as opera\u00e7\u00f5es em novo Centro de Distribui\u00e7\u00e3o<\/strong><br \/>\nNo dia 27 de agosto a Sooro Renner Nutri\u00e7\u00e3o iniciou oficialmente as opera\u00e7\u00f5es no Centro de Distribui\u00e7\u00e3o, localizado no Techno Park Campinas.<\/p>\n<p>Com capacidade para 350 toneladas de produtos acabados, podendo ser ampliada para at\u00e9 900 toneladas, o centro est\u00e1 pr\u00f3ximo ao entroncamento da Rod. Dom Pedro com a Rod. Anhanguera.<\/p>\n<p class=\"MsoNormal\" style=\"text-align: justify;\">Inicialmente as opera\u00e7\u00f5es funcionam somente com o recebimento de produtos, contudo, j\u00e1 foi iniciado o processo de estruturamento das rotas com parceiros locais para obterem as opera\u00e7\u00f5es completas at\u00e9 o final do m\u00eas de setembro.<br \/>\nMais um marco na hist\u00f3ria da Sooro Renner<\/p>\n<p class=\"MsoNormal\" style=\"text-align: justify;\">Claudio Hausen de Souza, Diretor Comercial e Marketing, resume bem o impacto que o Centro de Distribui\u00e7\u00e3o tem nas opera\u00e7\u00f5es da Sooro Renner: \u201c Este CD em Campinas traz duas grandes vantagens para as nossas opera\u00e7\u00f5es. A primeira \u00e9 garantir que teremos um ponto de estoque avan\u00e7ado e mais pr\u00f3ximo dos nossos clientes, facilitando a log\u00edstica para entregas fracionadas, aumentando a rapidez do processo. A segunda vantagem est\u00e1 no fato de que o CD Campinas tamb\u00e9m funcionar\u00e1 como um ponto de refer\u00eancia para nossa \u00e1rea de vendas.\u201d<\/p>\n<p class=\"MsoNormal\" style=\"text-align: justify;\">Este passo abre diversas possibilidades estrat\u00e9gicas para a empresa. Entre elas, habilita a entrada da Sooro Renner nas vendas online B2B, uma vez que proporciona um ponto de entrega com vantagens log\u00edsticas em rela\u00e7\u00e3o \u00e0s f\u00e1bricas, localizadas no interior do Rio Grande do Sul e Paran\u00e1, respectivamente.<\/p>\n<p class=\"MsoNormal\" style=\"text-align: justify;\">Os clientes ter\u00e3o uma entrega mais \u00e1gil e poder\u00e3o fazer seus pedidos com maior frequ\u00eancia, seja no frete FOB ou CIF. Al\u00e9m de tudo, ter\u00e3o a \u00e1rea de vendas mais pr\u00f3xima.&nbsp;(As informa\u00e7\u00f5es s\u00e3o da Assessoria de Imprensa da Sooro Renner)<\/p>\n<p>&nbsp;<\/p>\n<p style=\"text-align: left;\"><strong>CONSELEITE\/SANTA CATARINA<\/strong><\/p>\n<p style=\"text-align: left;\">A diretoria do Conseleite Santa Catarina reunida no dia 18 de Setembro de 2020 atendendo os dispositivos disciplinados no artigo 15 do seu Estatuto, inciso I, aprova e divulga os valores de refer\u00eancia da mat\u00e9ria-prima leite, realizados no m\u00eas de Agosto de 2020 e a proje\u00e7\u00e3o dos valores de refer\u00eancia para o m\u00eas de Setembro de 2020. Os valores divulgados compreendem os pre\u00e7os de refer\u00eancia para o leite padr\u00e3o, bem como o maior e menor valor de refer\u00eancia, de acordo com os par\u00e2metros de \u00e1gio e des\u00e1gio em rela\u00e7\u00e3o ao Leite Padr\u00e3o, calculados segundo metodologia definida pelo Conseleite-Santa Catarina.<\/p>\n<p style=\"text-align: left;\">VALORES DE REFER\u00caNCIA1 DA MAT\u00c9RIA-PRIMA (LEITE)<\/p>\n<p style=\"text-align: left;\"><img loading=\"lazy\" decoding=\"async\" class=\"alignnone size-full wp-image-5532\" src=\"http:\/\/www.sindilat.com.br\/site\/wp-content\/uploads\/2020\/09\/jk.png\" alt=\"\" width=\"1439\" height=\"312\" srcset=\"https:\/\/www.sindilat.com.br\/site\/wp-content\/uploads\/2020\/09\/jk.png 1439w, https:\/\/www.sindilat.com.br\/site\/wp-content\/uploads\/2020\/09\/jk-300x65.png 300w, https:\/\/www.sindilat.com.br\/site\/wp-content\/uploads\/2020\/09\/jk-768x167.png 768w, https:\/\/www.sindilat.com.br\/site\/wp-content\/uploads\/2020\/09\/jk-1024x222.png 1024w, https:\/\/www.sindilat.com.br\/site\/wp-content\/uploads\/2020\/09\/jk-960x208.png 960w, https:\/\/www.sindilat.com.br\/site\/wp-content\/uploads\/2020\/09\/jk-1320x286.png 1320w\" sizes=\"auto, (max-width: 1439px) 100vw, 1439px\" \/><\/p>\n<p style=\"text-align: left;\"><img loading=\"lazy\" decoding=\"async\" class=\"alignnone size-full wp-image-5533\" src=\"http:\/\/www.sindilat.com.br\/site\/wp-content\/uploads\/2020\/09\/kjhj.png\" alt=\"\" width=\"1391\" height=\"312\" srcset=\"https:\/\/www.sindilat.com.br\/site\/wp-content\/uploads\/2020\/09\/kjhj.png 1391w, https:\/\/www.sindilat.com.br\/site\/wp-content\/uploads\/2020\/09\/kjhj-300x67.png 300w, https:\/\/www.sindilat.com.br\/site\/wp-content\/uploads\/2020\/09\/kjhj-768x172.png 768w, https:\/\/www.sindilat.com.br\/site\/wp-content\/uploads\/2020\/09\/kjhj-1024x230.png 1024w, https:\/\/www.sindilat.com.br\/site\/wp-content\/uploads\/2020\/09\/kjhj-960x215.png 960w, https:\/\/www.sindilat.com.br\/site\/wp-content\/uploads\/2020\/09\/kjhj-1320x296.png 1320w\" sizes=\"auto, (max-width: 1391px) 100vw, 1391px\" \/><\/p>\n<p style=\"text-align: left;\">1 - Valor, em R$\/litro, para o leite posto propriedade com Funrural incluso.<\/p>\n<p style=\"text-align: left;\">Per\u00edodos de apura\u00e7\u00e3o<br \/>\nM\u00eas de Julho\/2020: De 29\/06\/2020 a 02\/08\/2020<br \/>\nM\u00eas de Agosto\/2020: De 03\/08\/2020 a 30\/08\/2020<br \/>\nDec\u00eandio de Setembro\/2020: De 31\/08\/2020 a 13\/09\/2020<\/p>\n<p style=\"text-align: left;\">O leite padr\u00e3o \u00e9 aquele que cont\u00e9m entre 3,50 e 3,59% de gordura, entre 3,11 e 3,15% de prote\u00edna, entre 450 e 499 mil c\u00e9lulas som\u00e1ticas\/ml e 251 a 300 mil ufc\/ml de contagem bacteriana e volume individual entregue de at\u00e9 50 litros\/dia. O Conseleite Santa Catarina n\u00e3o precifica leites com qualidades inferiores ao leite abaixo do padr\u00e3o.<\/p>\n<div style=\"text-align: center;\"><em style=\"text-align: center;\">&nbsp;<img decoding=\"async\" src=\"http:\/\/cache.mail2easy.com.br\/i\/6186\/3077\" border=\"0\"><\/em><\/div>\n<div style=\"text-align: center;\">\n<p><strong><em>Vencedores do agro<\/em><\/strong><br \/>\n<em>A premia\u00e7\u00e3o da 8\u00aa edi\u00e7\u00e3o do Vencedores do Agroneg\u00f3cio e da 4\u00aa edi\u00e7\u00e3o do Elas no Agro, da Federasul, ocorrer\u00e1 neste ano em formato digital. Os escolhidos receber\u00e3o o trof\u00e9u Tr\u00eas Porteiras no dia 30 de setembro no encontro virtual do T\u00e1 na Mesa. Abaixo os homenageados. Os eleitos s\u00e3o: Antes da Porteira: Simbiose, Cruz Alta, com o case \"VirControl: Especificidade, efici\u00eancia e prote\u00e7\u00e3o\". Dentro da Porteira: Languiru, Teut\u00f4nia, com o case \"Leite Languiru Origem\". Depois da Porteira: Sicredi Alto Uruguai, Rodeio Bonito, com o case \"Desenvolvimento do agroneg\u00f3cio por meio do programa Propriedade Sustent\u00e1vel\". Sustentabilidade: Afubra, Santa Cruz do Sul com o case \"Curso de Atualiza\u00e7\u00e3o a Dist\u00e2ncia - Curso de Educa\u00e7\u00e3o Socioambiental Rural\". Elas no Agro: Neiva Ebrin, Horizontina, Mulher Determinada. (Zero Hora)<\/em><\/p>\n<\/div>\n<div style=\"text-align: left;\">\n<div style=\"text-align: justify;\">\n<div style=\"text-align: center;\">&nbsp;<\/div>\n<\/div>\n<\/div>\n<\/div>\n<p>&nbsp;<\/p>\n","protected":false},"excerpt":{"rendered":"<p>&nbsp; Porto Alegre, 18 de setembro de 2020&nbsp; &nbsp; &nbsp; &nbsp; &nbsp; &nbsp; &nbsp; &nbsp; &nbsp; &nbsp; &nbsp; &nbsp; &nbsp; &nbsp; &nbsp; &nbsp; &nbsp; &nbsp; &nbsp; &nbsp; &nbsp; &nbsp; &nbsp; Ano 14 - N\u00b0 3.309 Novo prazo para entrega PQFL \u00e9 31 de dezembro e contempla pr\u00e1ticas emergenciais nos estabelecimentos O Sindicato da Ind\u00fastria de <a href=\"https:\/\/www.sindilat.com.br\/site\/2020\/09\/18\/18-09-2020\/\" class=\"more-link\">...continuar lendo<span class=\"screen-reader-text\"> \"18\/09\/2020\"<\/span><\/a><\/p>\n","protected":false},"author":2,"featured_media":0,"comment_status":"open","ping_status":"open","sticky":false,"template":"","format":"standard","meta":{"ngg_post_thumbnail":0,"footnotes":""},"categories":[28],"tags":[],"class_list":{"0":"post-5531","1":"post","2":"type-post","3":"status-publish","4":"format-standard","6":"category-newsletter","7":"h-entry","8":"hentry","9":"h-as-article"},"_links":{"self":[{"href":"https:\/\/www.sindilat.com.br\/site\/wp-json\/wp\/v2\/posts\/5531","targetHints":{"allow":["GET"]}}],"collection":[{"href":"https:\/\/www.sindilat.com.br\/site\/wp-json\/wp\/v2\/posts"}],"about":[{"href":"https:\/\/www.sindilat.com.br\/site\/wp-json\/wp\/v2\/types\/post"}],"author":[{"embeddable":true,"href":"https:\/\/www.sindilat.com.br\/site\/wp-json\/wp\/v2\/users\/2"}],"replies":[{"embeddable":true,"href":"https:\/\/www.sindilat.com.br\/site\/wp-json\/wp\/v2\/comments?post=5531"}],"version-history":[{"count":2,"href":"https:\/\/www.sindilat.com.br\/site\/wp-json\/wp\/v2\/posts\/5531\/revisions"}],"predecessor-version":[{"id":5538,"href":"https:\/\/www.sindilat.com.br\/site\/wp-json\/wp\/v2\/posts\/5531\/revisions\/5538"}],"wp:attachment":[{"href":"https:\/\/www.sindilat.com.br\/site\/wp-json\/wp\/v2\/media?parent=5531"}],"wp:term":[{"taxonomy":"category","embeddable":true,"href":"https:\/\/www.sindilat.com.br\/site\/wp-json\/wp\/v2\/categories?post=5531"},{"taxonomy":"post_tag","embeddable":true,"href":"https:\/\/www.sindilat.com.br\/site\/wp-json\/wp\/v2\/tags?post=5531"}],"curies":[{"name":"wp","href":"https:\/\/api.w.org\/{rel}","templated":true}]}}