{"id":5398,"date":"2020-08-11T20:11:42","date_gmt":"2020-08-11T20:11:42","guid":{"rendered":"http:\/\/www.sindilat.com.br\/site\/?p=5398"},"modified":"2020-08-11T20:11:42","modified_gmt":"2020-08-11T20:11:42","slug":"11-08-2020","status":"publish","type":"post","link":"https:\/\/www.sindilat.com.br\/site\/2020\/08\/11\/11-08-2020\/","title":{"rendered":"11\/08\/2020"},"content":{"rendered":"<p><strong><em>&nbsp;<img decoding=\"async\" style=\"width: 643px; height: 89px;\" src=\"http:\/\/cache.mail2easy.com.br\/i\/6186\/3074\" alt=\"\"><\/em><\/strong><\/p>\n<div style=\"text-align: center;\">\n<p><strong><em>Porto Alegre, 11 de agosto de 2020<\/em><\/strong><strong><em>&nbsp; &nbsp; &nbsp; &nbsp; &nbsp; &nbsp; &nbsp; &nbsp; &nbsp; &nbsp; &nbsp; &nbsp; &nbsp; &nbsp; &nbsp; &nbsp; &nbsp; &nbsp; &nbsp; &nbsp; &nbsp; &nbsp; &nbsp; Ano 14 - N\u00b0 3.282<\/em><\/strong><img decoding=\"async\" style=\"width: 673px; height: 22px;\" src=\"http:\/\/cache.mail2easy.com.br\/i\/6186\/3078\" alt=\"\"><\/p>\n<p><img decoding=\"async\" src=\"http:\/\/cache.mail2easy.com.br\/i\/6186\/3075\" border=\"0\"><\/p>\n<p style=\"text-align: justify;\"><img decoding=\"async\" style=\"text-align: justify; border-width: 0px; border-style: solid; float: left;\" src=\"http:\/\/cache.mail2easy.com.br\/i\/6186\/3079\"><\/p>\n<div style=\"text-align: justify;\">\n<p><strong>Se for exagerada, al\u00edquota de 12% da CBS pode ser reduzida, afirma Guedes<\/strong><\/p>\n<p><em>Segundo ele, haver\u00e1 compensa\u00e7\u00e3o para setores que forem prejudicados por tributo que pode substituir PIS\/Cofins<\/em><\/p>\n<p>O ministro da Economia, Paulo Guedes, reiterou a produtores do setor leiteiro que n\u00e3o h\u00e1 por que empres\u00e1rios se espantarem com a al\u00edquota de 12% da Contribui\u00e7\u00e3o de Bens e Servi\u00e7os (CBS), proposta na reforma tribut\u00e1ria para substituir o PIS\/Cofins, porque se ela se mostrar exagerada ser\u00e1 reduzida.&nbsp;<\/p>\n<p>Al\u00e9m disso, admitiu que alguns setores poder\u00e3o ser prejudicados com essa nova contribui\u00e7\u00e3o, mas ponderou que medidas ser\u00e3o tomadas para compensa\u00e7\u00e3o.<\/p>\n<p>\u201cN\u00e3o se espantem com a al\u00edquota [da CBS]; esses 12% permitem dedu\u00e7\u00f5es ao longo da cadeia. N\u00f3s n\u00e3o estabilizamos ainda a al\u00edquota, n\u00f3s fizemos uma primeira proposta. Se isso se revelar exagerado, a gente baixa\u201d, afirmou o ministro em f\u00f3rum virtual da Frente Parlamentar da Agropecu\u00e1ria (FPA) para debater as pol\u00edticas p\u00fablicas para o setor leiteiro.<\/p>\n<p>Sem citar o setor de servi\u00e7os, o ministro disse que \u201ch\u00e1 setores que s\u00e3o mais atingidos pela CBS\u201d, mas ser\u00e3o melhor assistidos quando houver compensa\u00e7\u00e3o com, por exemplo, a desonera\u00e7\u00e3o da folha. Ele n\u00e3o citou, no entanto, que o governo est\u00e1 atrelando a desonera\u00e7\u00e3o da folha \u00e0 aprova\u00e7\u00e3o de um novo tributo sobre as transa\u00e7\u00f5es, similar \u00e0 extinta CPMF.<\/p>\n<p>Segundo o ministro, o governo est\u00e1 mudando o modelo e uma pe\u00e7a para isso \u00e9 a simplifica\u00e7\u00e3o e reformas dos impostos. \u201cQuando se tem impostos altos e muito complexos, quem tem dinheiro usa o poder econ\u00f4mico para ir para a Justi\u00e7a\u201d, frisou, destacando que outros fazem lobby no Congresso Nacional para manter a desonera\u00e7\u00e3o tribut\u00e1ria. Ele repetiu que o sistema brasileiro \u00e9 um manic\u00f4mio tribut\u00e1rio.&nbsp;<\/p>\n<p>Guedes refor\u00e7ou o discurso de que o governo priorizou em seu primeiro ano o controle dos gastos p\u00fablicos. Com isso, tamb\u00e9m houve um ajuste na taxa de c\u00e2mbio, que subiu, funcionando como um est\u00edmulo natural para o aumento das exporta\u00e7\u00f5es do setor agropecu\u00e1rio. Segundo ele, o presidente Jair Bolsonaro reclamava que o Brasil estava importando at\u00e9 banana do Equador. \u201cCom o d\u00f3lar a R$ 5, acho que essa banana n\u00e3o vem\u201d, disse.<\/p>\n<p>O ministro frisou ainda que \u00e9 preciso manter a resili\u00eancia para que o pa\u00eds consiga sair da crise.&nbsp;<\/p>\n<p>Ele lembrou que, com a pandemia, economistas esperavam que a economia brasileira tivesse uma retra\u00e7\u00e3o de 10% neste ano, sendo pelo menos 3,5% do choque externo. Agora, no entanto, as estimativas de queda do PIB foram ajustadas e est\u00e3o em torno de 4%. \u201cEsperava-se que PIB do Brasil fosse cair 10%; sendo pelo menos 3,5% do choque externo\u201d, afirmou. \u201cO choque externo veio zero\u201d, acrescentou.&nbsp;<\/p>\n<p>Segundo ele, o setor da agricultura manteve o Brasil vivo e com os sinais vitais funcionando. Ele destacou que as exporta\u00e7\u00f5es brasileiras quase n\u00e3o sofreram durante a pandemia e est\u00e3o praticamente no mesmo n\u00edvel do mesmo per\u00edodo do ano passado.<\/p>\n<p>Segundo ele, isso aconteceu porque, enquanto houve queda nas vendas para destinos como Estados Unidos e Europa, houve aumento dos embarques para a China e o continente asi\u00e1tico como um todo.<\/p>\n<p>Para ele, a atua\u00e7\u00e3o do setor agricultura foi \u201cextraordin\u00e1ria\u201d n\u00e3o s\u00f3 para afastar a \u201cterr\u00edvel amea\u00e7a\u201d que \u00e9 a pandemia como para manter a popula\u00e7\u00e3o abastecida. (Valor Econ\u00f4mico)&nbsp;<\/p>\n<\/div>\n<div style=\"text-align: justify;\"><a href=\"http:\/\/youtu.be\/Aqjeb-xW41s\">Assista o v\u00eddeo completo clicando aqui. <\/a><\/div>\n<div style=\"text-align: justify;\"><strong><span style=\"text-align: center;\">&nbsp; &nbsp; &nbsp; &nbsp; &nbsp; &nbsp;&nbsp;<\/span><img decoding=\"async\" style=\"text-align: center;\" src=\"http:\/\/cache.mail2easy.com.br\/i\/6186\/3078\" border=\"0\"><\/strong><\/div>\n<p class=\"MsoNormal\" style=\"text-align: justify;\"><strong>Maiores exportadores de leite em 2019<\/strong><\/p>\n<p><em>As exporta\u00e7\u00f5es de l\u00e1cteos em 2019 totalizaram US$ 28,6 bilh\u00f5es, registrando aumento em valor de 12% nos \u00faltimos quatro anos a partir de 2015, quando as vendas internacionais de leite chegaram a US$ 25,6 bilh\u00f5es.<\/em><\/p>\n<p>Na compara\u00e7\u00e3o anual, as exporta\u00e7\u00f5es globais de l\u00e1cteos ca\u00edram, em valor, 0,8% de 2018 para 2019.<\/p>\n<p>De uma perspectiva continental, a Europa vendeu mais da metade dos l\u00e1cteos exportados (53,8%). Liderados pela Nova Zel\u00e2ndia os pa\u00edses da Oceania ocuparam a segunda posi\u00e7\u00e3o e foram respons\u00e1veis por 25% das exporta\u00e7\u00f5es mundiais. A \u00c1sia embarcou 9,2% dos l\u00e1cteos para o exterior, e a Am\u00e9rica do Norte 7,4%. A Am\u00e9rica Latina, excluindo o M\u00e9xico e colocando o Caribe, vem em seguida, exportando 4,1% dos l\u00e1cteos no mercado mundial e por \u00faltimo a \u00c1frica, que participou com 0,5% desse universo.<\/p>\n<p>Para efeito dessa classifica\u00e7\u00e3o, s\u00e3o usadas duas categorias. O prefixo 0401 do Sistema de Tarifas Harmonizadas (HTS), composto de leite e creme n\u00e3o concentrado e n\u00e3o adicionado de a\u00e7\u00facar ou outro edulcorante. E, o prefixo 0402 de leite e creme concentrado, contendo ou n\u00e3o, a\u00e7\u00facar ou outro edulcorante.<\/p>\n<p>As exporta\u00e7\u00f5es de leite prefixo 0401 totalizaram US$ 9 bilh\u00f5es (31,3% do total global), e os de prefixo 0402 chegaram a US$ 19,6 bilh\u00f5es (68,7%).<br \/>\n&nbsp;<br \/>\n<img decoding=\"async\" style=\"width: 500px; height: 429px;\" src=\"http:\/\/cache.mail2easy.com.br\/i\/6186\/4156\" alt=\"\"><\/p>\n<p class=\"MsoNormal\" style=\"text-align: justify;\">Em valores, os 15 pa\u00edses primeiros pa\u00edses movimentaram 80,8% de todo o leite mundial exportado em 2019.<br \/>\nTamb\u00e9m est\u00e3o em destaque os 15 pa\u00edses com os maiores super\u00e1vits nas vendas de leite em 2019.<\/p>\n<p>[Tanto a \u00cdndia como China e Brasil, que est\u00e3o entre os maiores produtores de leite do mundo, n\u00e3o participam de forma significativa no mercado exportador mundial, ocupando a 45\u00aa, 51\u00aa e 52\u00aa posi\u00e7\u00e3o nesse ranking, respectivamente] (World\u2019s Top Exports \u2013 Tradu\u00e7\u00e3o livre: Terra Viva)<\/p>\n<p class=\"MsoNormal\" style=\"text-align: justify;\"><strong>Fepale apresenta panorama geral do setor l\u00e1cteo na Am\u00e9rica Latina - Desafios<\/strong><\/p>\n<p><em>Recuperar o crescimento sustent\u00e1vel da produ\u00e7\u00e3o de leite observado nos anos anteriores a 2014. \u201cEm alguns pa\u00edses entretanto, temos espa\u00e7o para melhorar a qualidade, a infraestrutura, o manejos dos custos e a efici\u00eancia, outro tema no qual temos muito o que avan\u00e7ar\u201d.<\/em><\/p>\n<p>Outras dificuldades existentes para o com\u00e9rcio referem-se ao Codex e os sistemas de rotulagem, o meio ambiente, as emiss\u00f5es de gases de efeito estufa, as pegadas de carbono, o bem-estar animal e a informalidade. Todas exig\u00eancias que vieram com muita for\u00e7a, especialmente se olharmos para o potencial exportador da regi\u00e3o. \u201cCada um destes s\u00e3o desafios enormes: alguns mais espec\u00edficos da regi\u00e3o e outros a n\u00edvel global\u201d.<\/p>\n<p>Outro ponto mencionado pelos representantes da Fepale foi os produtos an\u00e1logos com o uso incorreto de termos, especialmente a palavra \u201cleite\u201d para produtos que n\u00e3o s\u00e3o leite, como os elaborados \u00e0 base se soja, coco ou outros vegetais, mas, que competem e compartilham os espa\u00e7os nos mercados, gerando grande confus\u00e3o entre os consumidores. \u201cEm nossa regi\u00e3o \u00e9 importante, porque a legisla\u00e7\u00e3o de alguns pa\u00edses n\u00e3o est\u00e1 atualizada\u201d, como \u00e9 o caso do Chile.<\/p>\n<p>Ariel Londinsky assegurou que esta estrat\u00e9gia atende \u00e0 an\u00e1lise de mercado sobre a percep\u00e7\u00e3o do teor nutricional segundo seu nome. \u201cAo falar \u201cleite de am\u00eandoas\u201d, a percep\u00e7\u00e3o positiva \u00e9 muito alta, e fica longe de algo chamado \u201csuco ou bebida de am\u00eandoa\u201d, que a percep\u00e7\u00e3o de teor nutricional \u00e9 baixa\u201d, exemplificou.&nbsp;&nbsp;&nbsp;<\/p>\n<p class=\"MsoNormal\" style=\"text-align: justify;\"><img decoding=\"async\" style=\"width: 440px; height: 324px;\" src=\"http:\/\/cache.mail2easy.com.br\/i\/6186\/4157\" alt=\"\">&nbsp;<\/p>\n<p class=\"MsoNormal\" style=\"text-align: justify;\"><em><strong>Situa\u00e7\u00e3o Atual:&nbsp;<\/strong><\/em>Em rela\u00e7\u00e3o ao panorama atual, Londinsky assegurou que \u201cnossa regi\u00e3o n\u00e3o escapa da situa\u00e7\u00e3o global. S\u00e3o perturba\u00e7\u00f5es simult\u00e2neas tanto na oferta como na demanda e que ocorreram muito rapidamente. Tem havido resposta governamental de apoio ao consumo e \u00e0 produ\u00e7\u00e3o. Como um setor que produz alimento indispens\u00e1vel para o consumo da popula\u00e7\u00e3o o apoio governamental \u00e9 a resposta necess\u00e1ria, porque al\u00e9m da pandemia, temos problemas clim\u00e1ticos, e as vacas precisam ser ordenhadas duas vezes por dia, de forma que o setor exige uma sensibilidade especial em tempos de cat\u00e1strofes como agora\u201d.<\/p>\n<p>Tamb\u00e9m para as ind\u00fastrias exportadoras os requisitos sanit\u00e1rios aumentaram. \u201cSeguramente os compradores v\u00e3o pedir muitas outras certifica\u00e7\u00f5es, que v\u00e3o al\u00e9m da rastreabilidade, seguran\u00e7a e inocuidade que j\u00e1 cumprimos. Agora temos as quest\u00f5es adicionais relativas ao cononav\u00edrus como vimos na ind\u00fastria frigor\u00edfica que foi fortemente impactada\u201d.<\/p>\n<p>Os processos de compras online, pagamento virtual, preocupa\u00e7\u00e3o com a origem, sanidade e rastreabilidade dos produtos foram acelerados com a pandemia, enquanto a demanda de canais como restaurantes, lanchonetes e servi\u00e7os de alimenta\u00e7\u00e3o fora de casa est\u00e3o sofrendo com o impacto do Covid-19. \u201cEntretanto n\u00e3o estamos nem perto de recuperar todos os circuitos de comidas r\u00e1pidas e servi\u00e7os de catering\u201d, explicou.<\/p>\n<p>O impacto ser\u00e1 agravado com o legado econ\u00f4mico da pandemia, que provavelmente ser\u00e1 mais duradouro. \u201cTalvez a situa\u00e7\u00e3o sanit\u00e1ria tenha uma solu\u00e7\u00e3o antes da economia encontrar caminhos para o crescimento, que j\u00e1 v\u00ednhamos procurando antes da pandemia\u201d, acrescentou Londinsky.<\/p>\n<p>Em todo caso, o Secret\u00e1rio Geral da Fepale destacou que a tend\u00eancia de crescimento do consumo de l\u00e1cteos que estava em andamento, seja interrompida este ano. A pergunta \u00e9 quem ir\u00e1 fornecer leite ao mundo, quando o consumo for recuperado? A Am\u00e9rica Latina tem grandes oportunidades tanto do lado da oferta, como da demanda (Portalechero - Tradu\u00e7\u00e3o livre: Terra Viva)<\/p>\n<p class=\"MsoNormal\" style=\"text-align: justify;\"><b>&nbsp; &nbsp; &nbsp; &nbsp; &nbsp; &nbsp; &nbsp; &nbsp;&nbsp;<\/b><img decoding=\"async\" style=\"text-align: center;\" src=\"http:\/\/cache.mail2easy.com.br\/i\/6186\/3078\" border=\"0\"><\/p>\n<div style=\"text-align: center;\"><em style=\"text-align: center;\">&nbsp;<img decoding=\"async\" src=\"http:\/\/cache.mail2easy.com.br\/i\/6186\/3077\" border=\"0\"><\/em><\/div>\n<div style=\"text-align: center;\"><em><strong>Puxado pelo agro, volume de fretes rodovi\u00e1rios cresceu mais de 30% em junho<\/strong><br \/>\nO volume de mercadorias transportadas por rodovias cresceu 31%, em junho no pa\u00eds na compara\u00e7\u00e3o com maio, segundo pesquisa realizada pela Fretebras, plataforma de online de transporte de cargas. O resultado refletiu uma retomada das atividades em diversos setores da economia depois da fase mais aguda de isolamento social por causa da pandemia. Segundo a Fretebras, no setor de agroneg\u00f3cios o movimento aumentou 23%, enquanto na \u00e1rea de constru\u00e7\u00e3o o avan\u00e7o foi de 32% e no segmento de industrailizados chegou a 35%. No bimestre maio-junho, o crescimento ante o bimestre mar\u00e7o-abril foi de 74%. Em abril, a pandemia de covid-19 afetou fortemente o mercado de log\u00edstica e transportes, provocando queda de 43% nos fretes, em rela\u00e7\u00e3o a mar\u00e7o. \u201cQuando comparamos os meses de abril a junho, temos crescimentos de 62% nos fretes do agroneg\u00f3cio, de 92% em materiais de constru\u00e7\u00e3o e de 93% em produtos industrializados, uma importante retomada que fortalece a relev\u00e2ncia do setor [de trasnportes] para a economia\u201d, diz Bruno Hacad, diretor de opera\u00e7\u00f5es da FreteBras, em nota. O agroneg\u00f3cio foi o setor que registrou o maior crescimento no volume total de fretes nos \u00faltimos tr\u00eas meses. Segundo Hacad, isso pelo fato de ser essencial para o Brasil tanto do ponto de vista da produ\u00e7\u00e3o de alimentos e insumos destinados ao mercado dom\u00e9stico quanto das exporta\u00e7\u00f5es. No segundo trimestre, o transporte de fertilizantes, por exemplo, aumentou 102% em compara\u00e7\u00e3o ao mesmo per\u00edodo de 2019. No caso da soja, o incremento foi de 124%, e no do milho, de 143%. A pesquisa da FreteBras \u00e9 feita com base nos 600 mil fretes publicados todos os meses pela plataforma, que conta com mais de 420 mil caminhoneiros cadastrados - um ter\u00e7o do total no pa\u00eds. (As informa\u00e7\u00f5es s\u00e3o do jornal Valor Econ\u00f4mico)<img decoding=\"async\" src=\"http:\/\/cache.mail2easy.com.br\/i\/6186\/3078\" border=\"0\"><\/em><\/div>\n<div style=\"text-align: left;\">\n<div style=\"text-align: justify;\">\n<div style=\"text-align: center;\">&nbsp;<\/div>\n<\/div>\n<\/div>\n<\/div>\n<p>&nbsp;<\/p>\n","protected":false},"excerpt":{"rendered":"<p>&nbsp; Porto Alegre, 11 de agosto de 2020&nbsp; &nbsp; &nbsp; &nbsp; &nbsp; &nbsp; &nbsp; &nbsp; &nbsp; &nbsp; &nbsp; &nbsp; &nbsp; &nbsp; &nbsp; &nbsp; &nbsp; &nbsp; &nbsp; &nbsp; &nbsp; &nbsp; &nbsp; Ano 14 - N\u00b0 3.282 Se for exagerada, al\u00edquota de 12% da CBS pode ser reduzida, afirma Guedes Segundo ele, haver\u00e1 compensa\u00e7\u00e3o para setores que <a href=\"https:\/\/www.sindilat.com.br\/site\/2020\/08\/11\/11-08-2020\/\" class=\"more-link\">...continuar lendo<span class=\"screen-reader-text\"> \"11\/08\/2020\"<\/span><\/a><\/p>\n","protected":false},"author":2,"featured_media":0,"comment_status":"open","ping_status":"open","sticky":false,"template":"","format":"standard","meta":{"ngg_post_thumbnail":0,"footnotes":""},"categories":[28],"tags":[],"class_list":{"0":"post-5398","1":"post","2":"type-post","3":"status-publish","4":"format-standard","6":"category-newsletter","7":"h-entry","8":"hentry","9":"h-as-article"},"_links":{"self":[{"href":"https:\/\/www.sindilat.com.br\/site\/wp-json\/wp\/v2\/posts\/5398","targetHints":{"allow":["GET"]}}],"collection":[{"href":"https:\/\/www.sindilat.com.br\/site\/wp-json\/wp\/v2\/posts"}],"about":[{"href":"https:\/\/www.sindilat.com.br\/site\/wp-json\/wp\/v2\/types\/post"}],"author":[{"embeddable":true,"href":"https:\/\/www.sindilat.com.br\/site\/wp-json\/wp\/v2\/users\/2"}],"replies":[{"embeddable":true,"href":"https:\/\/www.sindilat.com.br\/site\/wp-json\/wp\/v2\/comments?post=5398"}],"version-history":[{"count":1,"href":"https:\/\/www.sindilat.com.br\/site\/wp-json\/wp\/v2\/posts\/5398\/revisions"}],"predecessor-version":[{"id":5399,"href":"https:\/\/www.sindilat.com.br\/site\/wp-json\/wp\/v2\/posts\/5398\/revisions\/5399"}],"wp:attachment":[{"href":"https:\/\/www.sindilat.com.br\/site\/wp-json\/wp\/v2\/media?parent=5398"}],"wp:term":[{"taxonomy":"category","embeddable":true,"href":"https:\/\/www.sindilat.com.br\/site\/wp-json\/wp\/v2\/categories?post=5398"},{"taxonomy":"post_tag","embeddable":true,"href":"https:\/\/www.sindilat.com.br\/site\/wp-json\/wp\/v2\/tags?post=5398"}],"curies":[{"name":"wp","href":"https:\/\/api.w.org\/{rel}","templated":true}]}}