{"id":5394,"date":"2020-08-07T20:50:03","date_gmt":"2020-08-07T20:50:03","guid":{"rendered":"http:\/\/www.sindilat.com.br\/site\/?p=5394"},"modified":"2020-08-07T20:50:03","modified_gmt":"2020-08-07T20:50:03","slug":"07-08-2020","status":"publish","type":"post","link":"https:\/\/www.sindilat.com.br\/site\/2020\/08\/07\/07-08-2020\/","title":{"rendered":"07\/08\/2020"},"content":{"rendered":"<p><strong><em>&nbsp;<img decoding=\"async\" style=\"width: 643px; height: 89px;\" src=\"http:\/\/cache.mail2easy.com.br\/i\/6186\/3074\" alt=\"\"><\/em><\/strong><\/p>\n<div style=\"text-align: center;\">\n<p><strong><em>Porto Alegre, 07 de agosto de 2020<\/em><\/strong><strong><em>&nbsp; &nbsp; &nbsp; &nbsp; &nbsp; &nbsp; &nbsp; &nbsp; &nbsp; &nbsp; &nbsp; &nbsp; &nbsp; &nbsp; &nbsp; &nbsp; &nbsp; &nbsp; &nbsp; &nbsp; &nbsp; &nbsp; &nbsp; Ano 14 - N\u00b0 3.280<\/em><\/strong><img decoding=\"async\" style=\"width: 673px; height: 22px;\" src=\"http:\/\/cache.mail2easy.com.br\/i\/6186\/3078\" alt=\"\"><\/p>\n<p><img decoding=\"async\" src=\"http:\/\/cache.mail2easy.com.br\/i\/6186\/3075\" border=\"0\"><\/p>\n<p style=\"text-align: justify;\"><img decoding=\"async\" style=\"text-align: justify; border-width: 0px; border-style: solid; float: left;\" src=\"http:\/\/cache.mail2easy.com.br\/i\/6186\/3079\"><\/p>\n<div style=\"text-align: justify;\">\n<p><strong>Importa\u00e7\u00f5es crescem e cadeia produtiva fica de olho!<\/strong><\/p>\n<p>Segundo dados divulgados nessa quinta-feira (07\/08) pela Secretaria de Com\u00e9rcio Exterior (SECEX), as importa\u00e7\u00f5es brasileiras de derivados l\u00e1cteos cresceram bastante no m\u00eas de julho; foram cerca de 95 milh\u00f5es de litros de leite equivalente internalizados no m\u00eas, com crescimento de 63% em rela\u00e7\u00e3o ao volume do m\u00eas anterior e 26% maior que em rela\u00e7\u00e3o a julho\/2019.<\/p>\n<p>Em contrapartida, as exporta\u00e7\u00f5es brasileiras tamb\u00e9m cresceram; foram 16,7 milh\u00f5es de litros exportados no m\u00eas, 38% a mais do que em junho deste ano e 95% maior do que julho\/2019. Dados estes n\u00fameros, o saldo da balan\u00e7a comercial de l\u00e1cteos foi de -78 milh\u00f5es de litros (em equivalente leite), um aumento de 69% no d\u00e9ficit quando comparado a jun\/20 e de 17% em rela\u00e7\u00e3o a jul\/19. \u00c9 importante destacar que esse valor representa, tamb\u00e9m, o menor (mais negativo) saldo no ano. (Milkpoint)<\/p>\n<\/div>\n<div style=\"text-align: justify;\">&nbsp;<\/div>\n<div style=\"text-align: justify;\"><img decoding=\"async\" style=\"width: 400px; height: 281px;\" src=\"http:\/\/cache.mail2easy.com.br\/i\/6186\/4148\" alt=\"\">&nbsp;<img decoding=\"async\" style=\"width: 400px; height: 289px;\" src=\"http:\/\/cache.mail2easy.com.br\/i\/6186\/4149\" alt=\"\"><\/div>\n<div style=\"text-align: justify;\"><img decoding=\"async\" style=\"height: 286px; width: 400px;\" src=\"http:\/\/cache.mail2easy.com.br\/i\/6186\/4150\" alt=\"\"><\/div>\n<div style=\"text-align: justify;\">Elaborado por Sindilat com dados do mdic e Milkpoint<\/div>\n<div style=\"text-align: justify;\"><strong><span style=\"text-align: center;\">&nbsp; &nbsp; &nbsp; &nbsp; &nbsp; &nbsp;&nbsp;<\/span><img decoding=\"async\" style=\"text-align: center;\" src=\"http:\/\/cache.mail2easy.com.br\/i\/6186\/3078\" border=\"0\"><\/strong><\/div>\n<p class=\"MsoNormal\" style=\"text-align: justify;\"><strong>Secret\u00e1rio Covatti Filho encaminha repasse de R$ 102 milh\u00f5es para a EMATER\/RS-ASCAR<\/strong><br \/>\nO secret\u00e1rio da Agricultura Pecu\u00e1ria e Desenvolvimento Rural (Seapdr), Covatti Filho, ordenou na tarde desta quinta-feira (06) a solicita\u00e7\u00e3o de empenho de R$ 102 milh\u00f5es para a contrata\u00e7\u00e3o de presta\u00e7\u00e3o de servi\u00e7o com a Emater\/RS-Ascar, para o segundo semestre de 2020. Desta forma, garante a continuidade dos trabalhos de assist\u00eancia t\u00e9cnica e extens\u00e3o rural para mais de 250 mil fam\u00edlias de pequenos agricultores.<\/p>\n<p>\u201cResolvemos um imbr\u00f3glio que j\u00e1 se estendia por muitos anos e envolvia inclusive pontos sobre a natureza jur\u00eddica da Emater. Agora, estamos liberando os recursos necess\u00e1rios para dar continuidade a esse servi\u00e7o t\u00e3o essencial e importante para a agricultura familiar ga\u00facha\u201d, ressalta Covatti.<\/p>\n<p>Em julho deste ano, por recomenda\u00e7\u00e3o da Procuradoria Geral do Estado (PGE), houve altera\u00e7\u00e3o no regime de contrata\u00e7\u00e3o da Emater, que passou a ser por dispensa de licita\u00e7\u00e3o, sem a necessidade de alterar a sua natureza jur\u00eddica.<\/p>\n<p>No primeiro ano do novo v\u00ednculo, com validade at\u00e9 julho de 2021, ser\u00e3o repassados, no total, R$ 195 milh\u00f5es para viabilizar a presta\u00e7\u00e3o de servi\u00e7os.<\/p>\n<p>\u201cFizemos um esfor\u00e7o enorme para garantir a sobreviv\u00eancia da Emater. Encaminhamos a solu\u00e7\u00e3o jur\u00eddica da contrata\u00e7\u00e3o mediante parecer da Procuradoria Geral do Estado, oportunizando seguran\u00e7a para os seus funcion\u00e1rios estarem dentro das propriedades, ao lado do produtor\u201d, comemora Covatti.<\/p>\n<p>O ato de assinatura do empenho contou com a presen\u00e7a de Geraldo Sandri (presidente da Emater), Alencar Rugeri (diretor t\u00e9cnico), Erli Teixeira (presidente do Conselho da Emater) e Luiz Fernando Rodrigues (secret\u00e1rio adjunto da SEAPDR) (Seapdr)<\/p>\n<p class=\"MsoNormal\" style=\"text-align: justify;\">Fepale apresenta panorama geral do setor l\u00e1cteo na Am\u00e9rica Latina<br \/>\nOs dados do Observat\u00f3rio para a cadeia l\u00e1ctea da Am\u00e9rica Latina e Caribe mostram que nossa regi\u00e3o, com cerca de tr\u00eas milh\u00f5es de produtores de leite, produz em torno de 78,5 milh\u00f5es de litros de leite, o que representa aproximadamente 11% da produ\u00e7\u00e3o mundial.<br \/>\nAriel Londinsky, Secret\u00e1rio Geral da Federa\u00e7\u00e3o Panamericana de Leite (Fepale) disse durante o webinar \u201cCom\u00e9rcio Internacional de l\u00e1cteos \u2013 Oportunidades e Desafios\u201d, organizado pela Comiss\u00e3o Nacional de Leite e ProChile, que o volume mencionado representa uma relativa estagna\u00e7\u00e3o da Am\u00e9rica Latina nos \u00faltimos anos.<br \/>\n\u201cA produ\u00e7\u00e3o de leite da regi\u00e3o at\u00e9 2014 estava em franco crescimento, mas a partir da crise de pre\u00e7os e das diversas crises que atingiram o setor, praticamente impossibilitou o crescimento, vivendo altos e baixos. Com algumas situa\u00e7\u00f5es clim\u00e1ticas, outros problemas de mercado e agora a pandemia. Sempre existe algo para cortar o nosso crescimento o que impediu qualquer melhoria nos \u00faltimos cinco anos\u201d, explicou.<br \/>\nPara este ano, as perspectivas da Fepale \u00e9 de aumento da produ\u00e7\u00e3o de leite, no entanto, \u00e9 preciso refletir sobre as incertezas provocadas pela pandemia do coronav\u00edrus. \u201cT\u00ednhamos uma expectativa melhor de crescimento para 2020-2021, mas primeiro vamos ver como sairemos dessa crise sanit\u00e1ria em termos de produ\u00e7\u00e3o. Como organizar a oferta e a demanda, duas vari\u00e1veis afetadas imensamente pela pandemia\u201d, acrescentou Londinsky.<\/p>\n<p class=\"MsoNormal\" style=\"text-align: justify;\"><img decoding=\"async\" style=\"width: 442px; height: 336px;\" src=\"http:\/\/cache.mail2easy.com.br\/i\/6186\/4151\" alt=\"\"><br \/>\n&nbsp;<br \/>\nNeste contexto, assegurou que um dos grandes desafios \u201cpara uma regi\u00e3o com um perfil t\u00e3o heterog\u00eaneo como a Am\u00e9rica Latina\u201d, \u00e9 formalizar em grande medida a produ\u00e7\u00e3o prim\u00e1ria de leite, que apresenta problemas nos pa\u00edses andinos e centro americanos, onde a informalidade \u00e9 um elemento presente e quase predominante. Destacou, por exemplo, que o Chile est\u00e1 entre os pa\u00edses com a maior propor\u00e7\u00e3o da produ\u00e7\u00e3o de leite processado pela ind\u00fastria, superando 90%, assegurando inocuidade e qualidade ao leite.<br \/>\n<b>&nbsp; &nbsp; &nbsp; &nbsp; &nbsp; &nbsp; &nbsp; &nbsp;&nbsp;<\/b><img decoding=\"async\" style=\"text-align: center;\" src=\"http:\/\/cache.mail2easy.com.br\/i\/6186\/3078\" border=\"0\"><\/p>\n<div style=\"text-align: center;\"><em style=\"text-align: center;\">&nbsp;<img decoding=\"async\" src=\"http:\/\/cache.mail2easy.com.br\/i\/6186\/3077\" border=\"0\"><\/em><\/div>\n<div style=\"text-align: center;\"><em><strong>EMATER\/RS: condi\u00e7\u00f5es clim\u00e1ticas favorecem produ\u00e7\u00e3o das forrageiras de inverno para gado leiteiro<\/strong><br \/>\nForam boas as condi\u00e7\u00f5es clim\u00e1ticas para a produ\u00e7\u00e3o das forrageiras. Nesse per\u00edodo, destaca-se o azev\u00e9m, principalmente o de variedades tetraploides. Os materiais gen\u00e9ticos comuns iniciam o espigamento\/florescimento, e nessa fase perdem qualidade. \u00c1reas com aveia precoce reduzem produ\u00e7\u00e3o e qualidade, mas ainda ofertam volumoso. Destaque para \u00e1reas de trigo duplo prop\u00f3sito, que apresentam bom potencial para pastejo em semeaduras mais tardias. Semeaduras precoces desse trigo encontram-se em in\u00edcio de espigamento\/florescimento, fase em que \u00e9 necess\u00e1rio monitorar para poss\u00edvel interven\u00e7\u00e3o com manejo fitossanit\u00e1rio. O clima mais seco e os dias ensolarados permitiram melhores condi\u00e7\u00f5es no solo das pastagens e secagem do barro acumulado nos acessos a instala\u00e7\u00f5es de ordenha e manejo dos animais, que chegam mais limpos para a ordenha. A condi\u00e7\u00e3o clim\u00e1tica proporciona condi\u00e7\u00f5es de conforto \u00e0s vacas de alta produ\u00e7\u00e3o; consequentemente, o consumo de pasto \u00e9 alto. Essa condi\u00e7\u00e3o permite fornecer ra\u00e7\u00f5es com um pouco menos de prote\u00edna e menos silagem, reduzindo os custos da alimenta\u00e7\u00e3o. O aumento da produ\u00e7\u00e3o de leite se d\u00e1 a partir do aproveitamento das pastagens de forrageiras anuais de inverno, que apresenta boa oferta de volumoso, tanto em quantidade como em qualidade. A abund\u00e2ncia de pasto permite que as vacas permane\u00e7am mais tempo na pastagem, aumentando a produ\u00e7\u00e3o. A qualidade do leite se manteve em padr\u00f5es aceit\u00e1veis, que cumprem as normativas do Mapa. A condi\u00e7\u00e3o sanit\u00e1ria \u00e9 boa; n\u00e3o h\u00e1 problemas sanit\u00e1rios graves, apenas situa\u00e7\u00f5es pontuais como paresias puerperais devido ao manejo inadequado nas vacas secas ou rec\u00e9m-paridas, que muitas vezes t\u00eam sido alimentadas com pastagens muito ricas em pot\u00e1ssio, as mais abundantes no momento. Na Fronteira Oeste, em Itacurubi, produtores estimulados pelo compensador pre\u00e7o do leite v\u00eam investindo em aquisi\u00e7\u00e3o de matrizes para melhorar a condi\u00e7\u00e3o gen\u00e9tica dos seus rebanhos. Na Campanha, em Candiota, o Incra liberou recursos dos projetos de cr\u00e9dito do programa \u201cFomento Mulher\u201d, elaborados pelo escrit\u00f3rio municipal da Emater\/RS-Ascar, para 57 agricultoras assentadas, destinado cinco mil reais por benefici\u00e1ria. O destino principal dos recursos ser\u00e1 a aquisi\u00e7\u00e3o de matrizes leiteiras, fomentando a atividade. Produtores iniciaram o preparo das lavouras para plantio de milho silagem. No Vale do Rio Pardo, iniciou a implanta\u00e7\u00e3o do cereal. (As informa\u00e7\u00f5es s\u00e3o da EMATER\/RS)<\/em><\/div>\n<div style=\"text-align: center;\"><em><img decoding=\"async\" src=\"http:\/\/cache.mail2easy.com.br\/i\/6186\/3078\" border=\"0\"><\/em><\/div>\n<div style=\"text-align: left;\">\n<div style=\"text-align: justify;\">\n<div style=\"text-align: center;\">&nbsp;<\/div>\n<\/div>\n<\/div>\n<\/div>\n<p>&nbsp;<\/p>\n","protected":false},"excerpt":{"rendered":"<p>&nbsp; Porto Alegre, 07 de agosto de 2020&nbsp; &nbsp; &nbsp; &nbsp; &nbsp; &nbsp; &nbsp; &nbsp; &nbsp; &nbsp; &nbsp; &nbsp; &nbsp; &nbsp; &nbsp; &nbsp; &nbsp; &nbsp; &nbsp; &nbsp; &nbsp; &nbsp; &nbsp; Ano 14 - N\u00b0 3.280 Importa\u00e7\u00f5es crescem e cadeia produtiva fica de olho! Segundo dados divulgados nessa quinta-feira (07\/08) pela Secretaria de Com\u00e9rcio Exterior (SECEX), <a href=\"https:\/\/www.sindilat.com.br\/site\/2020\/08\/07\/07-08-2020\/\" class=\"more-link\">...continuar lendo<span class=\"screen-reader-text\"> \"07\/08\/2020\"<\/span><\/a><\/p>\n","protected":false},"author":2,"featured_media":0,"comment_status":"open","ping_status":"open","sticky":false,"template":"","format":"standard","meta":{"ngg_post_thumbnail":0,"footnotes":""},"categories":[28],"tags":[],"class_list":{"0":"post-5394","1":"post","2":"type-post","3":"status-publish","4":"format-standard","6":"category-newsletter","7":"h-entry","8":"hentry","9":"h-as-article"},"_links":{"self":[{"href":"https:\/\/www.sindilat.com.br\/site\/wp-json\/wp\/v2\/posts\/5394","targetHints":{"allow":["GET"]}}],"collection":[{"href":"https:\/\/www.sindilat.com.br\/site\/wp-json\/wp\/v2\/posts"}],"about":[{"href":"https:\/\/www.sindilat.com.br\/site\/wp-json\/wp\/v2\/types\/post"}],"author":[{"embeddable":true,"href":"https:\/\/www.sindilat.com.br\/site\/wp-json\/wp\/v2\/users\/2"}],"replies":[{"embeddable":true,"href":"https:\/\/www.sindilat.com.br\/site\/wp-json\/wp\/v2\/comments?post=5394"}],"version-history":[{"count":1,"href":"https:\/\/www.sindilat.com.br\/site\/wp-json\/wp\/v2\/posts\/5394\/revisions"}],"predecessor-version":[{"id":5395,"href":"https:\/\/www.sindilat.com.br\/site\/wp-json\/wp\/v2\/posts\/5394\/revisions\/5395"}],"wp:attachment":[{"href":"https:\/\/www.sindilat.com.br\/site\/wp-json\/wp\/v2\/media?parent=5394"}],"wp:term":[{"taxonomy":"category","embeddable":true,"href":"https:\/\/www.sindilat.com.br\/site\/wp-json\/wp\/v2\/categories?post=5394"},{"taxonomy":"post_tag","embeddable":true,"href":"https:\/\/www.sindilat.com.br\/site\/wp-json\/wp\/v2\/tags?post=5394"}],"curies":[{"name":"wp","href":"https:\/\/api.w.org\/{rel}","templated":true}]}}