{"id":5388,"date":"2020-08-05T20:08:47","date_gmt":"2020-08-05T20:08:47","guid":{"rendered":"http:\/\/www.sindilat.com.br\/site\/?p=5388"},"modified":"2020-08-05T20:09:25","modified_gmt":"2020-08-05T20:09:25","slug":"05-08-2020","status":"publish","type":"post","link":"https:\/\/www.sindilat.com.br\/site\/2020\/08\/05\/05-08-2020\/","title":{"rendered":"05\/08\/2020"},"content":{"rendered":"<p><strong><em><img decoding=\"async\" style=\"width: 643px; height: 89px;\" src=\"http:\/\/cache.mail2easy.com.br\/i\/6186\/3074\" alt=\"\"><\/em><\/strong><\/p>\n<div style=\"text-align: center;\">\n<p><strong><em>Porto Alegre, 05 de agosto de 2020<\/em><\/strong><strong><em>&nbsp; &nbsp; &nbsp; &nbsp; &nbsp; &nbsp; &nbsp; &nbsp; &nbsp; &nbsp; &nbsp; &nbsp; &nbsp; &nbsp; &nbsp; &nbsp; &nbsp; &nbsp; &nbsp; &nbsp; &nbsp; &nbsp; &nbsp; Ano 14 - N\u00b0 3.278<\/em><\/strong><img decoding=\"async\" style=\"width: 673px; height: 22px;\" src=\"http:\/\/cache.mail2easy.com.br\/i\/6186\/3078\" alt=\"\"><\/p>\n<p><img decoding=\"async\" src=\"http:\/\/cache.mail2easy.com.br\/i\/6186\/3075\" border=\"0\"><\/p>\n<p style=\"text-align: justify;\"><img decoding=\"async\" style=\"text-align: justify; border-width: 0px; border-style: solid; float: left;\" src=\"http:\/\/cache.mail2easy.com.br\/i\/6186\/3079\"><\/p>\n<div style=\"text-align: justify;\">\n<p><strong>Governo dever\u00e1 levar aux\u00edlio at\u00e9 final do ano<\/strong><\/p>\n<p>A equipe econ\u00f4mica est\u00e1 trabalhando mais uma vez com a possibilidade de estender o aux\u00edlio emergencial. Agora a ideia \u00e9 lev\u00e1-lo at\u00e9 o final do ano. A iniciativa que volta \u00e0 discuss\u00e3o estaria relacionada com a demora do governo em providenciar um programa permanente de renda, o que seria inicialmente sanado com o Renda Brasil, que segue apenas como proposta por enquanto. Analistas tamb\u00e9m avaliam que o presidente Jair Bolsonaro j\u00e1 estaria pensando em reelei\u00e7\u00e3o, e por isso estaria incentivando sua equipe a voltar ao tema da amplia\u00e7\u00e3o por mais meses.&nbsp;<\/p>\n<p>O benef\u00edcio que come\u00e7ou com tr\u00eas parcelas de R$ 600 hoje tem cinco, mas para evitar que o rombo nas contas p\u00fablicas neste ano alcance R$ 1 trilh\u00e3o, a ideia do governo \u00e9 negociar com o Congresso um valor menor que os R$ 600, entre R$ 200 e R$ 300. Entretanto, para modificar o valor \u00e9 preciso o aval dos parlamentares, j\u00e1 que a lei que criou o benef\u00edcio at\u00e9 pode ter validade para o pagamento do benef\u00edcio at\u00e9 o fim do ano, mas teria que ser a mesma quantia de R$ 600. Como a ideia \u00e9 reduzir, seria necess\u00e1ria a negocia\u00e7\u00e3o no Legislativo.&nbsp;<\/p>\n<p>Ainda sobre o aux\u00edlio emergencial e para quem j\u00e1 tinha feito solicita\u00e7\u00e3o, o governo federal anunciou ontem que o site da Dataprev tamb\u00e9m receber\u00e1 requerimentos de contesta\u00e7\u00e3o para quem teve o pedido negado. Segundo informou nota do Minist\u00e9rio da Cidadania, a plataforma \u00e9 ideal para quem teve o acesso negado por raz\u00f5es cadastrais ou para aqueles que pretendem fazer o requerimento ap\u00f3s a atualiza\u00e7\u00e3o dos dados pessoais. Entre outros exemplos de quem deve procurar o servi\u00e7o est\u00e3o cidad\u00e3os que completaram 18 anos recentemente, aqueles que foram servidores p\u00fablicos ou militares e perderam v\u00ednculo, ou ainda novos desempregados que n\u00e3o tenham acesso a outros programas sociais como o seguro-desemprego. De acordo com dados da Caixa Federal, 438,5 mil cadastros est\u00e3o em fase de rean\u00e1lise. At\u00e9 o lan\u00e7amento da nova ferramenta a solicita\u00e7\u00e3o podia ser feita pelo site da Caixa, pelo aplicativo \u201cCaixa Aux\u00edlio Emergencial\u201d e tamb\u00e9m por solicita\u00e7\u00e3o via Defensoria P\u00fablica da Uni\u00e3o (DPU). (Correio do Povo)<\/p>\n<\/div>\n<div style=\"text-align: justify;\"><strong><span style=\"text-align: center;\">&nbsp; &nbsp; &nbsp; &nbsp; &nbsp; &nbsp;&nbsp;<\/span><img decoding=\"async\" style=\"text-align: center;\" src=\"http:\/\/cache.mail2easy.com.br\/i\/6186\/3078\" border=\"0\"><\/strong><\/div>\n<p class=\"MsoNormal\" style=\"text-align: justify;\"><strong>Leite\/Oceania<\/strong><br \/>\nFontes australianas relatam que as atuais proje\u00e7\u00f5es para o pre\u00e7o do leite melhoraram, possibilitando melhores rendimentos para os produtores. As incertezas est\u00e3o por conta das chuvas.&nbsp;<\/p>\n<p>No m\u00eas de junho a Austr\u00e1lia registrou precipita\u00e7\u00f5es abaixo da m\u00e9dia, e os produtores de leite fazem as contas para o ver\u00e3o.<\/p>\n<p>Mantido o atual cen\u00e1rio a lucratividade estar\u00e1 comprometida. As previs\u00f5es meteorol\u00f3gicas de julho a setembro apontam para chuvas menos favor\u00e1veis, dadas \u00e0s condi\u00e7\u00f5es do Oceano \u00cdndico, o que poder\u00e1 elevar os custos. Assim, como sempre acontece, as incertezas no in\u00edcio da temporada s\u00e3o particularmente estressantes.&nbsp; &nbsp;&nbsp;<\/p>\n<p class=\"MsoNormal\" style=\"text-align: justify;\"><img decoding=\"async\" src=\"http:\/\/cache.mail2easy.com.br\/i\/6186\/4146\" border=\"0\"><\/p>\n<p class=\"MsoNormal\" style=\"text-align: justify;\">Na Nova Zel\u00e2ndia tamb\u00e9m existe alguma preocupa\u00e7\u00e3o sobre o desenvolvimento da pr\u00f3xima temporada. At\u00e9 o momento o tempo est\u00e1 sendo favor\u00e1vel ao crescimento das pastagens e produ\u00e7\u00e3o de leite. Ainda assim, alguns observadores expressam suas incertezas sobre as poss\u00edveis mudan\u00e7as do tempo, o que poder\u00e1 impactar tanto na produ\u00e7\u00e3o como nos pre\u00e7os.<\/p>\n<p>Os efeitos macroecon\u00f4micos do Covid-19 s\u00e3o aspectos discutidos entre os analistas, e que podem impactar na demanda. Alguns bancos regionais que apoiam o setor agropecu\u00e1rio observam de perto o desenvolvimento do ambiente econ\u00f4mico. Essas incertezas dificultam qualquer proje\u00e7\u00e3o a partir da Nova Zel\u00e2ndia, um pa\u00eds que cujo setor l\u00e1cteo \u00e9 completamente dependente das exporta\u00e7\u00f5es. Projetar o futuro em diversos outros mercados \u00e9 bem mais desafiador, do que quando o consumo de sua produ\u00e7\u00e3o \u00e9 dom\u00e9stico e perto de casa. Alguns observadores questionam a recente volatilidade dos pre\u00e7os das commodities l\u00e1cteas, se elas n\u00e3o seriam uma resposta de compradores e vendedores \u00e0s incertezas de um futuro pr\u00f3ximo. At\u00e9 agora, por\u00e9m, a maioria dos produtores v\u00eam com otimismo o aumento de pre\u00e7o neste in\u00edcio de temporada.&nbsp; &nbsp; (Usda \u2013 Tradu\u00e7\u00e3o Livre: Terra Viva)<\/p>\n<p class=\"MsoNormal\" style=\"text-align: justify;\"><img decoding=\"async\" style=\"width: 500px; height: 354px;\" src=\"http:\/\/cache.mail2easy.com.br\/i\/6186\/4147\" alt=\"\"><\/p>\n<p class=\"MsoNormal\" style=\"text-align: justify;\"><strong>CNA debate alternativas de exporta\u00e7\u00e3o indireta<\/strong><br \/>\nUma live promovida pela Confedera\u00e7\u00e3o da Agricultura e Pecu\u00e1ria do Brasil (CNA), na segunda (03), debateu os processos que o produtor precisa conhecer para vender seus produtos no mercado internacional.<\/p>\n<p>A live contou com a participa\u00e7\u00e3o de consultores do Conselho Brasileiro das Empresas Comerciais Importadoras e Exportadoras (Ceciex) e de uma empres\u00e1ria que tem experi\u00eancia no assunto.<\/p>\n<p>\"\u00c9 muito importante se preparar, conhecer os n\u00edveis de exig\u00eancia de cada p\u00fablico, a cultura do pa\u00eds e se adequar \u00e0 legisla\u00e7\u00e3o desse pa\u00eds\", afirmou Let\u00edcia Feddersen, dona da Soul Brasil, empresa que comercializa produtos como geleias, molhos de pimenta e de frutas com vinagre para diversos pa\u00edses.<\/p>\n<p>O consultor em com\u00e9rcio exterior, Maur\u00edcio Manfr\u00e9, destacou as vantagens do apoio de uma comercial exportadora e de um produto de qualidade para conquistar clientes no exterior.<\/p>\n<p>\"O produtor tem a expertise de produzir alimentos, uma empresa como essa tem em vender para o mercado externo. Ao juntar essas expertises, \u00e9 poss\u00edvel conquistar um maior n\u00famero de clientes, porque uma comercial exportadora ou trading, n\u00e3o \u00e9 uma atravessadora, mas uma parceira que pode ajudar o produtor devido \u00e0 experi\u00eancia no mercado internacional\", disse.<\/p>\n<p>Manfr\u00e9 explicou, por exemplo, que o Oriente M\u00e9dio tem interesse nos produtos brasileiros e \u00e9 um mercado com grande potencial para vendas. \"A exporta\u00e7\u00e3o agrega valor ao produto.\"<\/p>\n<p>A empres\u00e1ria Let\u00edcia Feddersen ressaltou a import\u00e2ncia tamb\u00e9m de se investir na comercializa\u00e7\u00e3o online para ser visto por esse p\u00fablico. \"Exporta\u00e7\u00e3o \u00e9 uma maneira de aprender. A cada dia eu aprendo algo novo. Minha mensagem para os produtores \u00e9 que \u00e9 poss\u00edvel sim, exportar. N\u00e3o \u00e9 porque voc\u00ea \u00e9 pequeno que n\u00e3o pode. O d\u00f3lar est\u00e1 favor\u00e1vel, o mundo precisa de novos neg\u00f3cios e tem multicanais para isso.\"<\/p>\n<p>Para a presidente do Ceciex, Damares Costa, atrav\u00e9s de um parceiro que o produtor confie h\u00e1 possibilidades reais de crescimento, \"n\u00e3o apenas em um ou dois mercados, mas no mundo todo.\" Segundo ela, a empresa comercial apenas operacionaliza a exporta\u00e7\u00e3o e o produtor n\u00e3o perde nenhum dos seus incentivos. \"Por isso pe\u00e7o que todos os produtores olhem para o mercado externo com carinho.\"<\/p>\n<p>O assessor t\u00e9cnico da Superintend\u00eancia de Rela\u00e7\u00f5es Internacionais da CNA, Rafael Grat\u00e3o, conduziu o debate e afirmou que a exporta\u00e7\u00e3o indireta pode facilitar os processos administrativos, log\u00edsticos e aduaneiros para o produtor que encontrou uma oportunidade comercial no exterior.<\/p>\n<p>\"Temos o programa Agro.BR que foca na internacionaliza\u00e7\u00e3o do agro brasileiro. O produtor que quiser conhecer e se inscrever no programa, basta acessar nosso portal cnabrasil.org.br\/agrobr.\"<\/p>\n<p>Assista todo o debate sobre exporta\u00e7\u00e3o indireta <a href=\"http:\/\/https:\/\/www.youtube.com\/watch?v=dRjV8tvdMmk\">clicando aqui<\/a>. (CNA)<\/p>\n<p class=\"MsoNormal\" style=\"text-align: justify;\"><b>&nbsp; &nbsp; &nbsp; &nbsp; &nbsp; &nbsp; &nbsp; &nbsp;&nbsp;<\/b><img decoding=\"async\" style=\"text-align: center;\" src=\"http:\/\/cache.mail2easy.com.br\/i\/6186\/3078\" border=\"0\"><\/p>\n<div style=\"text-align: center;\"><em style=\"text-align: center;\">&nbsp;<img decoding=\"async\" src=\"http:\/\/cache.mail2easy.com.br\/i\/6186\/3077\" border=\"0\"><\/em><\/div>\n<div style=\"text-align: center;\"><em><strong>Rabobank: Demanda\/China<\/strong><br \/>\nO \u00cdndice de pre\u00e7os do Global Dairy Trade caiu 5,1%, levantando suspeitas de que a demanda da China pode est\u00e1 em decl\u00ednio e os estoques completos. O leite em p\u00f3 integral foi o mais atingido, com queda de 7,5% e compara\u00e7\u00e3o com o evento de duas semanas atr\u00e1s. Esta foi a maior taxa de queda do produto desde mar\u00e7o de 2017. Sendo essa a maior queda desde de dezembro passado, o Rabobank questiona acerca da estabilidade da demanda da China pelos produtos l\u00e1cteos da Nova Zel\u00e2ndia. A demanda pareceu firme durante o lockdown mas, a demanda para os servi\u00e7os de alimenta\u00e7\u00e3o e retalho ca\u00edram em junho. Isso sugere que o que parecia uma demanda liderada pelo consumo, na verdade foi altera\u00e7\u00e3o no planejamento dos neg\u00f3cios de algumas empresas que procuraram recompor seus estoques para garantir a seguran\u00e7a alimentar. O Rabobank alerta que a combina\u00e7\u00e3o do aumento da produ\u00e7\u00e3o dom\u00e9stica e a demanda mais fraca pode diminuir as compras chinesas de l\u00e1cteos. Outro fator a ser observado \u00e9 a retra\u00e7\u00e3o da economia dos Estados Unidos e da Europa. Os pre\u00e7os do queijo nos EUA ca\u00edram em queda livre e o leite em p\u00f3 desnatado tamb\u00e9m. \u201cO \u00faltimo GDT n\u00e3o marca necessariamente o fim da sustenta\u00e7\u00e3o dos pre\u00e7os dos l\u00e1cteos da Nova Zel\u00e2ndia, mas, est\u00e1 comprovando a vis\u00e3o do Rabobank de que o caminho de agora em diante ser\u00e1 muito acidentado.&nbsp; (Stuff \u2013 Tradu\u00e7\u00e3o livre: Terra Viva)<\/em><\/div>\n<div style=\"text-align: center;\">&nbsp;<\/div>\n<div style=\"text-align: center;\"><em><img decoding=\"async\" src=\"http:\/\/cache.mail2easy.com.br\/i\/6186\/3078\" border=\"0\"><\/em><\/div>\n<div style=\"text-align: left;\">\n<div style=\"text-align: justify;\">\n<div style=\"text-align: center;\">&nbsp;<\/div>\n<\/div>\n<\/div>\n<div><img decoding=\"async\" style=\"width: 800px; height: 100px;\" src=\"http:\/\/cache.mail2easy.com.br\/i\/6186\/3095\" alt=\"\"><\/div>\n<\/div>\n<p style=\"text-align: center;\"><span style=\"font-size: 12px;\"><span style=\"font-family: tahoma,geneva,sans-serif;\"><a style=\"padding: 3px;\" href=\"%__socialm_FCB%\"><img decoding=\"async\" src=\"http:\/\/cache.mail2easy.com.br\/images\/FCB.png\"><\/a><a style=\"padding: 3px;\" href=\"%__socialm_TWT%\"><img decoding=\"async\" src=\"http:\/\/cache.mail2easy.com.br\/images\/TWT.png\"><\/a><br \/>\nCompartilhe nas redes sociais<\/span><\/span><\/p>\n<p style=\"text-align: center;\"><a style=\"font-family: Arial, Helvetica, sans-serif; font-size: 10px;\" href=\"%__optout%\" target=\"_BLANK\">Descadastre-se <\/a><span style=\"font-family: tahoma,geneva,sans-serif; font-size: 12px;\"> caso n\u00e3o queira receber mais e-mails.<\/span><\/p>\n<p>&nbsp;<\/p>\n","protected":false},"excerpt":{"rendered":"<p>Porto Alegre, 05 de agosto de 2020&nbsp; &nbsp; &nbsp; &nbsp; &nbsp; &nbsp; &nbsp; &nbsp; &nbsp; &nbsp; &nbsp; &nbsp; &nbsp; &nbsp; &nbsp; &nbsp; &nbsp; &nbsp; &nbsp; &nbsp; &nbsp; &nbsp; &nbsp; Ano 14 - N\u00b0 3.278 Governo dever\u00e1 levar aux\u00edlio at\u00e9 final do ano A equipe econ\u00f4mica est\u00e1 trabalhando mais uma vez com a possibilidade de estender <a href=\"https:\/\/www.sindilat.com.br\/site\/2020\/08\/05\/05-08-2020\/\" class=\"more-link\">...continuar lendo<span class=\"screen-reader-text\"> \"05\/08\/2020\"<\/span><\/a><\/p>\n","protected":false},"author":2,"featured_media":0,"comment_status":"open","ping_status":"open","sticky":false,"template":"","format":"standard","meta":{"ngg_post_thumbnail":0,"footnotes":""},"categories":[28],"tags":[],"class_list":{"0":"post-5388","1":"post","2":"type-post","3":"status-publish","4":"format-standard","6":"category-newsletter","7":"h-entry","8":"hentry","9":"h-as-article"},"_links":{"self":[{"href":"https:\/\/www.sindilat.com.br\/site\/wp-json\/wp\/v2\/posts\/5388","targetHints":{"allow":["GET"]}}],"collection":[{"href":"https:\/\/www.sindilat.com.br\/site\/wp-json\/wp\/v2\/posts"}],"about":[{"href":"https:\/\/www.sindilat.com.br\/site\/wp-json\/wp\/v2\/types\/post"}],"author":[{"embeddable":true,"href":"https:\/\/www.sindilat.com.br\/site\/wp-json\/wp\/v2\/users\/2"}],"replies":[{"embeddable":true,"href":"https:\/\/www.sindilat.com.br\/site\/wp-json\/wp\/v2\/comments?post=5388"}],"version-history":[{"count":1,"href":"https:\/\/www.sindilat.com.br\/site\/wp-json\/wp\/v2\/posts\/5388\/revisions"}],"predecessor-version":[{"id":5389,"href":"https:\/\/www.sindilat.com.br\/site\/wp-json\/wp\/v2\/posts\/5388\/revisions\/5389"}],"wp:attachment":[{"href":"https:\/\/www.sindilat.com.br\/site\/wp-json\/wp\/v2\/media?parent=5388"}],"wp:term":[{"taxonomy":"category","embeddable":true,"href":"https:\/\/www.sindilat.com.br\/site\/wp-json\/wp\/v2\/categories?post=5388"},{"taxonomy":"post_tag","embeddable":true,"href":"https:\/\/www.sindilat.com.br\/site\/wp-json\/wp\/v2\/tags?post=5388"}],"curies":[{"name":"wp","href":"https:\/\/api.w.org\/{rel}","templated":true}]}}