{"id":5338,"date":"2020-07-24T20:40:02","date_gmt":"2020-07-24T20:40:02","guid":{"rendered":"http:\/\/www.sindilat.com.br\/site\/?p=5338"},"modified":"2020-07-24T20:40:02","modified_gmt":"2020-07-24T20:40:02","slug":"24-07-2020","status":"publish","type":"post","link":"https:\/\/www.sindilat.com.br\/site\/2020\/07\/24\/24-07-2020\/","title":{"rendered":"24\/07\/2020"},"content":{"rendered":"<p><strong><em>&nbsp;<img decoding=\"async\" style=\"width: 643px; height: 89px;\" src=\"http:\/\/cache.mail2easy.com.br\/i\/6186\/3074\" alt=\"\"><\/em><\/strong><\/p>\n<div style=\"text-align: center;\">\n<p><strong><em>Porto Alegre, 24 de julho de 2020<\/em><\/strong><strong><em>&nbsp; &nbsp; &nbsp; &nbsp; &nbsp; &nbsp; &nbsp; &nbsp; &nbsp; &nbsp; &nbsp; &nbsp; &nbsp; &nbsp; &nbsp; &nbsp; &nbsp; &nbsp; &nbsp; &nbsp; &nbsp; &nbsp; &nbsp; Ano 14 - N\u00b0 3.270<\/em><\/strong><img decoding=\"async\" style=\"width: 673px; height: 22px;\" src=\"http:\/\/cache.mail2easy.com.br\/i\/6186\/3078\" alt=\"\"><\/p>\n<p><img decoding=\"async\" src=\"http:\/\/cache.mail2easy.com.br\/i\/6186\/3075\" border=\"0\"><\/p>\n<p style=\"text-align: justify;\"><img decoding=\"async\" style=\"text-align: justify; border-width: 0px; border-style: solid; float: left;\" src=\"http:\/\/cache.mail2easy.com.br\/i\/6186\/3079\"><\/p>\n<div style=\"text-align: justify;\">\n<p><strong>&nbsp;M\u00e1quinas que auxiliam na produ\u00e7\u00e3o de conhecimento<\/strong><\/p>\n<p>Atrav\u00e9s de uma a\u00e7\u00e3o de coopera\u00e7\u00e3o que envolve a Universidade de Passo Fundo (UPF) e as empresas SLC M\u00e1quinas, Syngenta e Diplan, foram entregues nesta quinta-feira, 23 de julho, dois tratores que v\u00e3o estar dispon\u00edveis no Centro de Extens\u00e3o e Pesquisa Agropecu\u00e1ria (Cepagro) da Institui\u00e7\u00e3o. A entrega foi feita pela SLC, concession\u00e1ria que representa na regi\u00e3o os tratores da marca John Deere.<br \/>\nSegundo o coordenador do Cepagro, professor Dr. Fernando Pilotto, a iniciativa possibilitar\u00e1 que os estudantes tenham a oportunidade de acompanhar o trabalho que ser\u00e1 desenvolvido com as m\u00e1quinas para o cultivo de gr\u00e3os, milho, soja, trigo e preparo das lavouras. \u201cIsso tamb\u00e9m contribuir\u00e1 para que eles obtenham um melhor aprendizado, tendo acesso a uma tecnologia de ponta e conhecendo as atividades colocadas em pr\u00e1tica pela Syngenta e Diplan. S\u00e3o equipamentos que chegam para melhorar a qualidade do nosso ensino, da pesquisa e da extens\u00e3o, bem como dos servi\u00e7os do Cepagro. Por meio dessa parceria, conseguimos conciliar o ensino com a iniciativa privada, fazendo com que todos cres\u00e7am\u201d, comenta o docente, lembrando que os tratores ser\u00e3o operacionalizados por profissionais capacitados.&nbsp;<\/p>\n<\/div>\n<div style=\"text-align: justify;\"><img decoding=\"async\" style=\"width: 500px; height: 333px;\" src=\"http:\/\/cache.mail2easy.com.br\/i\/6186\/4131\" alt=\"\"><\/div>\n<div style=\"text-align: justify;\">\n<p>&nbsp;<br \/>\nDe acordo com o representante da SLC, R\u00e9gis Daniel da Silva, que atuou na negocia\u00e7\u00e3o das m\u00e1quinas, a parceria tem como objetivo difundir tecnologia para o maior n\u00famero de pessoas. \u201cQueremos levar o conhecimento que est\u00e1 dispon\u00edvel na \u00e1rea do agroneg\u00f3cio para toda a comunidade, e os acad\u00eamicos ser\u00e3o multiplicadores disso\u201d, relatou, destacando que ambos os tratores possuem 78 cavalos de pot\u00eancia para atua\u00e7\u00e3o em atividades que v\u00e3o desde a pulveriza\u00e7\u00e3o ao plantio.<\/p>\n<p>Al\u00e9m da entrega das m\u00e1quinas, os representantes das tr\u00eas empresas parceiras da UPF fizeram uma visita \u00e0 Reitoria da UPF, sendo recepcionados pelo vice-reitor Administrativo, Dr. Cristiano Cervi. (UPF)<\/p>\n<\/div>\n<div style=\"text-align: justify;\"><strong><span style=\"text-align: center;\">&nbsp; &nbsp; &nbsp; &nbsp; &nbsp; &nbsp; &nbsp;&nbsp;<\/span><img decoding=\"async\" style=\"text-align: center;\" src=\"http:\/\/cache.mail2easy.com.br\/i\/6186\/3078\" border=\"0\"><\/strong><\/div>\n<p style=\"text-align: justify;\">Conseleite\/SC<br \/>\nA diretoria do Conseleite Santa Catarina reunida no dia 24 de Julho de 2020 atendendo os dispositivos disciplinados no artigo 15 do seu Estatuto, inciso I, aprova e divulga os valores de refer\u00eancia da mat\u00e9ria-prima leite, realizados no m\u00eas de Junho de 2020 e a proje\u00e7\u00e3o dos valores de refer\u00eancia para o m\u00eas de Julho de 2020. Os valores divulgados compreendem os pre\u00e7os de refer\u00eancia para o leite padr\u00e3o, bem como o maior e menor valor de refer\u00eancia, de acordo com os par\u00e2metros de \u00e1gio e des\u00e1gio em rela\u00e7\u00e3o ao Leite Padr\u00e3o, calculados segundo metodologia definida pelo Conseleite-Santa Catarina.<\/p>\n<p><img decoding=\"async\" style=\"width: 500px; height: 259px;\" src=\"http:\/\/cache.mail2easy.com.br\/i\/6186\/4130\" alt=\"\">&nbsp;<br \/>\n1 - Valor, em R$\/litro, para o leite posto propriedade com Funrural incluso.<\/p>\n<p>Per\u00edodos de apura\u00e7\u00e3o<br \/>\nM\u00eas de Maio\/2020: De 04\/05\/2020 a 31\/05\/2020<br \/>\nM\u00eas de Junho\/2020: De 01\/06\/2020 a 29\/06\/2020<br \/>\nDec\u00eandio de Julho\/2020: De 29\/06\/2020 a 19\/07\/2020<\/p>\n<p>O leite padr\u00e3o \u00e9 aquele que cont\u00e9m entre 3,50 e 3,59% de gordura, entre 3,11 e 3,15% de prote\u00edna, entre 450 e 499 mil c\u00e9lulas som\u00e1ticas\/ml e 251 a 300 mil ufc\/ml de contagem bacteriana e volume individual entregue de at\u00e9 50 litros\/dia. O Conseleite Santa Catarina n\u00e3o precifica leites com qualidades inferiores ao leite abaixo do padr\u00e3o. (Conseleite\/SC)<\/p>\n<p style=\"text-align: justify;\"><strong>Produ\u00e7\u00e3o\/UE<\/strong><br \/>\nA produ\u00e7\u00e3o de leite na Uni\u00e3o Europeia (UE) est\u00e1 surpreendentemente forte com a produ\u00e7\u00e3o at\u00e9 abril ficando 2% acima da verificada no ano anterior e a previs\u00e3o para a exporta\u00e7\u00e3o de queijo est\u00e1 crescendo, de acordo com a an\u00e1lise do Servi\u00e7o Agr\u00edcola&nbsp; Estrangeiro do Departamento de Agricultura dos Estados Unidos (USDA).&nbsp;<\/p>\n<p>Existe, no entanto, sinais de que a produ\u00e7\u00e3o de leite diminuiu em maio em junho diante das condi\u00e7\u00f5es secas. O Monitor Europeu de Secas relatou que em junho \u201calgumas regi\u00f5es da Europa enfrentaram um per\u00edodo intenso de seca, ap\u00f3s chuvas fracas em abril e maio de 2020. Os pa\u00edses mais afetados s\u00e3o os da Europa Central e do Noroeste (Alemanha, B\u00e9lgica, Holanda, Irlanda e grande parte do Reino Unido).<\/p>\n<p>Dados do Eurostat indicam que a capta\u00e7\u00e3o de leite em maio de 2020 na Fran\u00e7a, It\u00e1lia e Reino Unido ca\u00edram 2%, 8%, e 1%, respectivamente, em compara\u00e7\u00e3o com maio de 2019. Em 2019 essas tr\u00eas regi\u00f5es foram respons\u00e1veis por um ter\u00e7o de todo o leite captado na UE. Na Alemanha a produ\u00e7\u00e3o de leite em maio foi est\u00e1vel em rela\u00e7\u00e3o ao ano anterior, enquanto na Irlanda e Rep\u00fablica Checa foi 3-4% maior.<\/p>\n<p>Diante desse fatores, para o balan\u00e7o do ano, a expectativa \u00e9 de que a produ\u00e7\u00e3o de leite na UE abrande durante o ver\u00e3o, mas, recupere no outono. Consequentemente a produ\u00e7\u00e3o de leite foi revisada e aumentando de 0,7% para 1%, ou ter 156,7 milh\u00f5es de toneladas a mais em rela\u00e7\u00e3o a 2019.<\/p>\n<p>A previs\u00e3o para a exporta\u00e7\u00e3o de queijo pela UE em 2020 subiu 3%, chegando a 925.000 toneladas, o que representa uma expans\u00e3o de 5% em rela\u00e7\u00e3o a 2019. Os embarques acumulados no ano est\u00e3o 9% acima dos volumes verificados no mesmo per\u00edodo do ano passado. No entanto, a expectativa \u00e9 de que os embarques desacelerem no segundo semestre do ano, mesmo porque a disponibilidade de leite para a ind\u00fastria diminui devido ao decl\u00ednio sazonal da produ\u00e7\u00e3o de leite.<\/p>\n<p>Tradicionalmente o maior mercado para o queijo da UE \u00e9 o dos EUA e foi respons\u00e1vel por 16% de todo embarque da UE em 2019. Este ano, as importa\u00e7\u00f5es de queijos europeus pelos EUA, at\u00e9 maio, ca\u00edram para 11%. Isso pode ter sido pelo Covid-19 que afetou os servi\u00e7os de alimenta\u00e7\u00e3o e \u00e0s tarifas de retalia\u00e7\u00e3o de 25% impostas pelos EUA em outubro de 2019 sobre os queijos da UE, diante da decis\u00e3o da Organiza\u00e7\u00e3o Mundial do Com\u00e9rcio (OMC) em favor dos EUA em rela\u00e7\u00e3o aos subs\u00eddios da UE \u00e0 Airbus.<\/p>\n<p>Os embarques de queijos pela UE, particularmente para os mercados da Ucr\u00e2nia, Coreia do Sul e Jap\u00e3o aumentaram significativamente.<\/p>\n<p>Para apoiar o mercado l\u00e1cteo durante a pandemia do Covid-19, no final de abril a UE autorizou o subs\u00eddio aos estoques privados para 100.000 toneladas de queijo pelo prazo de 60 a 180 dias. Os volumes acumulados totalizaram 48.000 toneladas. (Dairy Industries \u2013 Tradu\u00e7\u00e3o livre Terra Viva)<\/p>\n<p style=\"text-align: justify;\"><b>&nbsp; &nbsp; &nbsp; &nbsp; &nbsp; &nbsp; &nbsp; &nbsp;&nbsp;<\/b><img decoding=\"async\" style=\"text-align: center;\" src=\"http:\/\/cache.mail2easy.com.br\/i\/6186\/3078\" border=\"0\"><\/p>\n<div style=\"text-align: center;\"><em style=\"text-align: center;\">&nbsp;<img decoding=\"async\" src=\"http:\/\/cache.mail2easy.com.br\/i\/6186\/3077\" border=\"0\"><\/em><\/div>\n<div style=\"text-align: center;\"><em><strong>Santa Clara lan\u00e7a Queijo Ralado em pote<\/strong><br \/>\nFicou mais f\u00e1cil dar aquele toque com Queijo Santa Clara em suas receitas. A Cooperativa lan\u00e7ou o Queijo Ralado na vers\u00e3o pote. Em uma embalagem de 70g, pr\u00e1tica e vers\u00e1til, o produto chega ao mercado na \u00faltima semana de julho. A vers\u00e3o pote facilita o uso no dia a dia e o armazenamento. Nesta linha, a Santa Clara conta ainda com o Queijo Ralado nas apresenta\u00e7\u00f5es saquinho 40g e 500g, Parmes\u00e3o Ralado 50g e Grana Ralado 50g. Em 2020, a Santa Clara completou 108 anos de hist\u00f3ria, o que a faz a mais antiga cooperativa de latic\u00ednios em atividade no Brasil. A sua sede est\u00e1 localizada no munic\u00edpio de Carlos Barbosa e est\u00e1 presente, atrav\u00e9s de seus mais de 5 mil associados, em mais de 135 munic\u00edpios ga\u00fachos, atuando nos ramos de Latic\u00ednios, Frigor\u00edfico, F\u00e1brica de Ra\u00e7\u00f5es, Cozinha Industrial, Farm\u00e1cia e 27 unidades de varejo, entre supermercados e mercados agropecu\u00e1rios, nos munic\u00edpios onde possui associados. Atualmente possui um mix de mais de 360 produtos, entre Latic\u00ednios, Frigor\u00edfico, Doces e Sucos. (Santa Clara)<\/em><\/div>\n<div style=\"text-align: center;\"><em>&nbsp;<img decoding=\"async\" src=\"http:\/\/cache.mail2easy.com.br\/i\/6186\/3078\" border=\"0\"><\/em><\/div>\n<div style=\"text-align: left;\">\n<div style=\"text-align: justify;\">\n<div style=\"text-align: center;\">&nbsp;<\/div>\n<\/div>\n<\/div>\n<\/div>\n<p>&nbsp;<\/p>\n","protected":false},"excerpt":{"rendered":"<p>&nbsp; Porto Alegre, 24 de julho de 2020&nbsp; &nbsp; &nbsp; &nbsp; &nbsp; &nbsp; &nbsp; &nbsp; &nbsp; &nbsp; &nbsp; &nbsp; &nbsp; &nbsp; &nbsp; &nbsp; &nbsp; &nbsp; &nbsp; &nbsp; &nbsp; &nbsp; &nbsp; Ano 14 - N\u00b0 3.270 &nbsp;M\u00e1quinas que auxiliam na produ\u00e7\u00e3o de conhecimento Atrav\u00e9s de uma a\u00e7\u00e3o de coopera\u00e7\u00e3o que envolve a Universidade de Passo Fundo <a href=\"https:\/\/www.sindilat.com.br\/site\/2020\/07\/24\/24-07-2020\/\" class=\"more-link\">...continuar lendo<span class=\"screen-reader-text\"> \"24\/07\/2020\"<\/span><\/a><\/p>\n","protected":false},"author":2,"featured_media":0,"comment_status":"open","ping_status":"open","sticky":false,"template":"","format":"standard","meta":{"ngg_post_thumbnail":0,"footnotes":""},"categories":[28],"tags":[],"class_list":{"0":"post-5338","1":"post","2":"type-post","3":"status-publish","4":"format-standard","6":"category-newsletter","7":"h-entry","8":"hentry","9":"h-as-article"},"_links":{"self":[{"href":"https:\/\/www.sindilat.com.br\/site\/wp-json\/wp\/v2\/posts\/5338","targetHints":{"allow":["GET"]}}],"collection":[{"href":"https:\/\/www.sindilat.com.br\/site\/wp-json\/wp\/v2\/posts"}],"about":[{"href":"https:\/\/www.sindilat.com.br\/site\/wp-json\/wp\/v2\/types\/post"}],"author":[{"embeddable":true,"href":"https:\/\/www.sindilat.com.br\/site\/wp-json\/wp\/v2\/users\/2"}],"replies":[{"embeddable":true,"href":"https:\/\/www.sindilat.com.br\/site\/wp-json\/wp\/v2\/comments?post=5338"}],"version-history":[{"count":1,"href":"https:\/\/www.sindilat.com.br\/site\/wp-json\/wp\/v2\/posts\/5338\/revisions"}],"predecessor-version":[{"id":5339,"href":"https:\/\/www.sindilat.com.br\/site\/wp-json\/wp\/v2\/posts\/5338\/revisions\/5339"}],"wp:attachment":[{"href":"https:\/\/www.sindilat.com.br\/site\/wp-json\/wp\/v2\/media?parent=5338"}],"wp:term":[{"taxonomy":"category","embeddable":true,"href":"https:\/\/www.sindilat.com.br\/site\/wp-json\/wp\/v2\/categories?post=5338"},{"taxonomy":"post_tag","embeddable":true,"href":"https:\/\/www.sindilat.com.br\/site\/wp-json\/wp\/v2\/tags?post=5338"}],"curies":[{"name":"wp","href":"https:\/\/api.w.org\/{rel}","templated":true}]}}