{"id":5306,"date":"2020-07-20T20:18:50","date_gmt":"2020-07-20T20:18:50","guid":{"rendered":"http:\/\/www.sindilat.com.br\/site\/?p=5306"},"modified":"2020-07-20T20:18:50","modified_gmt":"2020-07-20T20:18:50","slug":"20-07-2020-2","status":"publish","type":"post","link":"https:\/\/www.sindilat.com.br\/site\/2020\/07\/20\/20-07-2020-2\/","title":{"rendered":"20\/07\/2020"},"content":{"rendered":"<p><strong><em>&nbsp;<img decoding=\"async\" style=\"width: 643px; height: 89px;\" src=\"http:\/\/cache.mail2easy.com.br\/i\/6186\/3074\" alt=\"\"><\/em><\/strong><\/p>\n<div style=\"text-align: center;\">\n<p><strong><em>Porto Alegre, 20 de julho de 2020<\/em><\/strong><strong><em>&nbsp; &nbsp; &nbsp; &nbsp; &nbsp; &nbsp; &nbsp; &nbsp; &nbsp; &nbsp; &nbsp; &nbsp; &nbsp; &nbsp; &nbsp; &nbsp; &nbsp; &nbsp; &nbsp; &nbsp; &nbsp; &nbsp; &nbsp; Ano 14 - N\u00b0 3.266<\/em><\/strong><img decoding=\"async\" style=\"width: 673px; height: 22px;\" src=\"http:\/\/cache.mail2easy.com.br\/i\/6186\/3078\" alt=\"\"><\/p>\n<p><img decoding=\"async\" src=\"http:\/\/cache.mail2easy.com.br\/i\/6186\/3075\" border=\"0\"><\/p>\n<p style=\"text-align: justify;\"><img decoding=\"async\" style=\"text-align: justify; border-width: 0px; border-style: solid; float: left;\" src=\"http:\/\/cache.mail2easy.com.br\/i\/6186\/3079\"><\/p>\n<div style=\"text-align: justify;\">\n<p>&nbsp; <strong>Pandemia pode alterar a demanda de latic\u00ednios a longo prazo<\/strong><\/p>\n<p>As cadeias de suprimentos de latic\u00ednios tiveram que se adaptar rapidamente ao repentino desligamento do tr\u00e1fego de restaurantes, pedidos de donas de casa e consumidores indo para os supermercados.<\/p>\n<p>Segundo Phil Plourd, presidente da Blimling and Associates, as tend\u00eancias alimentares oriundas da pandemia permanecer\u00e3o e - sobre o mercado de latic\u00ednios para os pr\u00f3ximos 12 a 18 meses - ele ofereceu algumas ideias sobre o que pode influenciar no futuro.&nbsp;<\/p>\n<p>Uma delas \u00e9 a entrega de comida on-line. Antes da pandemia, a proje\u00e7\u00e3o de entregas de comida on-line para 2022 era de 12% de participa\u00e7\u00e3o e agora, \u00e9 de 16%, crescendo para mais de 25% em 2025. \u201cAs empresas com estrutura t\u00e9cnica implementada para facilitar as coisas para os consumidores provavelmente estar\u00e3o \u00e0 frente do jogo\u201d, disse ele.<\/p>\n<p>Outra tend\u00eancia alimentada pela pandemia \u00e9 mais pessoas trabalhando em casa. Se uma quantidade significativa deles aceitar continuar fazendo isso, os empregadores apoiar\u00e3o, porque \u00e9 mais barato, disse ele. E o que isso significa para os restaurantes?<\/p>\n<p>Para Phil, as cafeterias est\u00e3o \u2018sofrendo\u2019 e o caf\u00e9 \u00e9 o melhor amigo do leite. Se a demanda por caf\u00e9 da manh\u00e3 fora de casa ou em drive thru for perdida, essa demanda ser\u00e1 atendida em casa j\u00e1 que ocorrer\u00e3o menos refei\u00e7\u00f5es fora. H\u00e1 tamb\u00e9m evid\u00eancias de que as pessoas est\u00e3o menos interessadas em morar na cidade e j\u00e1 h\u00e1 evid\u00eancias disso.<\/p>\n<p>\"Vamos ver uma evolu\u00e7\u00e3o em como comemos e onde comemos com alguma implica\u00e7\u00e3o para produtos l\u00e1cteos. Os fabricantes e comerciantes de latic\u00ednios ter\u00e3o que se adaptar a algumas mudan\u00e7as bastante profundas. Produtos focados em conveni\u00eancia e pre\u00e7o continuar\u00e3o se dando bem. At\u00e9 agora, o consumo de latic\u00ednios em casa definitivamente se manteve\", afirmou.<\/p>\n<p>Os analistas ainda n\u00e3o sabem se a perda de demanda nos restaurantes est\u00e1 sendo atendida em casa. Ainda n\u00e3o h\u00e1 dados suficientes para saber, mas certamente existem evid\u00eancias que apontam para isso.<\/p>\n<p>Se interessou pelo assunto? Confira a coluna de Roberto Denuzzo no MilkPoint, que fala sobre tend\u00eancias de consumo &gt; <a href=\"https:\/\/www.milkpoint.com.br\/colunas\/roberto-denuzzo\/\">https:\/\/www.milkpoint.com.br\/colunas\/roberto-denuzzo\/<\/a>. (As informa\u00e7\u00f5es s\u00e3o do Capital Press, traduzidas pela Equipe MilkPoint)<\/p>\n<\/div>\n<div style=\"text-align: justify;\">&nbsp;<\/div>\n<div style=\"text-align: justify;\"><strong><span style=\"text-align: center;\">&nbsp; &nbsp; &nbsp; &nbsp; &nbsp; &nbsp; &nbsp; &nbsp; &nbsp;<\/span><img decoding=\"async\" style=\"text-align: center;\" src=\"http:\/\/cache.mail2easy.com.br\/i\/6186\/3078\" border=\"0\"><\/strong><\/div>\n<p style=\"text-align: left;\"><strong>Instru\u00e7\u00e3o Normativa aprova diretrizes gerais para a vigil\u00e2ncia da febre aftosa<\/strong><\/p>\n<p style=\"text-align: left;\">O Minist\u00e9rio da Agricultura, Pecu\u00e1ria e Abastecimento (Mapa) publicou nesta quarta-feira (15), no Di\u00e1rio Oficial da Uni\u00e3o, a <a href=\"http:\/\/www.in.gov.br\/en\/web\/dou\/-\/instrucao-normativa-n-48-de-14-de-julho-de-2020-266804871\">Instru\u00e7\u00e3o Normativa N\u00ba 48 <\/a>que aprova as diretrizes gerais para a vigil\u00e2ncia da febre aftosa com vistas \u00e0 execu\u00e7\u00e3o do Programa Nacional de Vigil\u00e2ncia para a Febre Aftosa (Pnefa), conforme estabelecido pelo Sistema Unificado de Aten\u00e7\u00e3o \u00e0 Sanidade Agropecu\u00e1ria (Suasa).<\/p>\n<p style=\"text-align: left;\">Trata-se de uma atualiza\u00e7\u00e3o dos atos normativos aos novos conceitos internacionais, prevista no cronograma do Pnefa para o avan\u00e7o do status sanit\u00e1rio do pa\u00eds para livre de febre aftosa sem vacina\u00e7\u00e3o, segundo diretrizes da Organiza\u00e7\u00e3o Mundial da Sa\u00fade Animal (OIE).<\/p>\n<p style=\"text-align: left;\">Entre as principais mudan\u00e7as est\u00e3o a permiss\u00e3o do ingresso de animais vacinados destinados para abate e exporta\u00e7\u00e3o em zonas livres sem vacina\u00e7\u00e3o e a permiss\u00e3o do retorno de animal origin\u00e1rio de zona livre sem vacina\u00e7\u00e3o, para participa\u00e7\u00e3o em feiras ou centrais de insemina\u00e7\u00e3o localizadas em zona livre com vacina\u00e7\u00e3o. A norma traz a adequa\u00e7\u00e3o do tr\u00e2nsito de produtos de origem animal entre as zonas livres, ficando vedada apenas o tr\u00e2nsito de cabe\u00e7a, l\u00edngua, faringe e linfonodos associados de zonas livres com vacina\u00e7\u00e3o para zonas livres sem vacina\u00e7\u00e3o.&nbsp;&nbsp;<\/p>\n<p style=\"text-align: left;\">A IN tamb\u00e9m prev\u00ea a obrigatoriedade da atualiza\u00e7\u00e3o cadastral do rebanho pecu\u00e1rio pelo produtor, pelo menos uma vez por ano e a obrigatoriedade de cadastro dos transportadores de animais junto ao Servi\u00e7o Veterin\u00e1rio Oficial (SVO).<\/p>\n<p style=\"text-align: left;\">\u201cA atualiza\u00e7\u00e3o do regulamento do Pnefa faz uma adequa\u00e7\u00e3o \u00e0s diretrizes internacionais vigentes, retirando grande parte das restri\u00e7\u00f5es que existiam para o tr\u00e2nsito de animais e produtos entre unidades da federa\u00e7\u00e3o que possu\u00edam condi\u00e7\u00e3o sanit\u00e1ria distinta para febre aftosa. Tamb\u00e9m prev\u00ea atividades de vigil\u00e2ncia espec\u00edficas voltadas para esta nova etapa do Pnefa, de amplia\u00e7\u00e3o gradual de zonas livres de febre aftosa sem vacina\u00e7\u00e3o\u201d, destaca o diretor do Departamento de Sa\u00fade Animal, Geraldo Moraes.<\/p>\n<p style=\"text-align: left;\">A norma contou com a participa\u00e7\u00e3o e contribui\u00e7\u00e3o de v\u00e1rios segmentos e setores envolvidos e destina-se aos atores que atuam na cadeia produtiva de carnes de animais suscept\u00edveis \u00e0 febre aftosa, entre eles Mapa, \u00f3rg\u00e3os executores de defesa agropecu\u00e1ria, entidades de classe representativas de profissionais, ind\u00fastrias e produtores rurais, entre outros.&nbsp;A IN entra em vigor no dia 3 de agosto. (MAPA)<\/p>\n<p style=\"text-align: left;\"><strong>Leite\/Oceania<\/strong><\/p>\n<p style=\"text-align: left;\">As boas condi\u00e7\u00f5es de tempo em muitas regi\u00f5es est\u00e3o ajudando a aumentar a capta\u00e7\u00e3o de leite, causando um maior otimismo para a nova temporada.&nbsp;<\/p>\n<p style=\"text-align: left;\">As chuvas recentes proporcionaram melhoria das pastagens. Existe uma certa preocupa\u00e7\u00e3o quanto \u00e0 possibilidade de a China impor tarifas adicionais ao leite em p\u00f3 integral (WMP) procedente da Austr\u00e1lia. A medida estaria relacionada ao crescente atrito diplom\u00e1tico entre as duas na\u00e7\u00f5es, em decorr\u00eancia do esfor\u00e7o da Austr\u00e1lia para fechar acordos de livre com\u00e9rcio com a Uni\u00e3o Europeia (UE) e o Reino Unido, ainda em 2020.&nbsp; &nbsp; &nbsp;<\/p>\n<p style=\"text-align: left;\"><img decoding=\"async\" style=\"text-align: justify; width: 555px; height: 285px;\" src=\"http:\/\/cache.mail2easy.com.br\/i\/6186\/4122\" alt=\"\"><br \/>\n&nbsp;<br \/>\nAnalistas do setor l\u00e1cteo da Nova Zel\u00e2ndia esperam que as condi\u00e7\u00f5es de tempo com temperaturas mais amenas e maior umidade em agosto de 2020 possam melhorar a produ\u00e7\u00e3o de leite em algumas regi\u00f5es e estimular a recomposi\u00e7\u00e3o do rebanho leiteiro. A expectativa \u00e9 de que a produ\u00e7\u00e3o de leite aumente marginalmente.<\/p>\n<p style=\"text-align: left;\">As f\u00e1bricas esperam que a produ\u00e7\u00e3o de leite aumente, para evitar acirramento da concorr\u00eancia pelo suprimento de leite. A competi\u00e7\u00e3o entre as ind\u00fastrias \u00e9 vista como ben\u00e9fica por muitos produtores. Persiste alguma apreens\u00e3o em rela\u00e7\u00e3o ao desequil\u00edbrio da demanda do mercado, que foi impactada pelo Covid-19, e continua menor do que antes da pandemia. Isso representa um risco adicional sobre o planejamento das exporta\u00e7\u00f5es. (Usda \u2013 Tradu\u00e7\u00e3o Livre: Terra Viva)<\/p>\n<p><img decoding=\"async\" class=\"alignleft\" style=\"height: 355px; width: 600px;\" src=\"http:\/\/cache.mail2easy.com.br\/i\/6186\/4123\" alt=\"\"><\/p>\n<p style=\"text-align: justify;\"><b>&nbsp; &nbsp; &nbsp; &nbsp; &nbsp; &nbsp; &nbsp; &nbsp;&nbsp;<\/b><img decoding=\"async\" style=\"text-align: center;\" src=\"http:\/\/cache.mail2easy.com.br\/i\/6186\/3078\" border=\"0\"><\/p>\n<div style=\"text-align: center;\"><em style=\"text-align: center;\">&nbsp;<img decoding=\"async\" src=\"http:\/\/cache.mail2easy.com.br\/i\/6186\/3077\" border=\"0\"><\/em><\/div>\n<div style=\"text-align: center;\">&nbsp;<\/div>\n<div style=\"text-align: center;\"><em>Pandemia acelera avan\u00e7o de solu\u00e7\u00f5es digitais no campo, mas h\u00e1 gargalos<br \/>\nA pandemia da Covid-19 est\u00e1 acelerando o avan\u00e7o da ado\u00e7\u00e3o de solu\u00e7\u00f5es digitais no campo brasileiro e abrindo espa\u00e7o para que essas solu\u00e7\u00f5es ganhem for\u00e7a tamb\u00e9m na \u00e1rea de cr\u00e9dito rural. O assunto foi tema de discuss\u00e3o no evento virtual \u201cExpert 2020\u201d, promovido pela XP Investimentos. \u201cCom a pandemia, a mudan\u00e7a tem sido quase for\u00e7ada, mas deixar\u00e1 o pa\u00eds mais competitivo l\u00e1 para frente\u201d, afirmou Mariana Vasconcelos, cofundadora da Agrosmart, agtech com sede em Campinas (SP). Marcello Brito, presidente da Associa\u00e7\u00e3o Brasileira do Agroneg\u00f3cio (Abag), lembrou que do \u201cfundind\u201d total da safra 2019\/20, apenas 30% foi coberto com recursos do tradicional Plano Safra do governo. E que h\u00e1 enorme potencial para que fontes alternativas de cr\u00e9dito ganhem espa\u00e7o, sobretudo no mercado dos m\u00e9dios produtores agropecu\u00e1rios. Brito observou, por\u00e9m, que um dos problemas enfrentados para a dissemina\u00e7\u00e3o das ferramentas digitais \u00e9 a conectividade, ainda um gargalo importante no Brasil. \u201cCerca de 50% do territ\u00f3rio nacional ainda n\u00e3o est\u00e1 conectado\u201d, disse o dirigente. \u201cVamos ver o que vai acontecer com a chegada da tecnologia 5G\u201d. Segundo ele, as novas tecnologias de financiamento \u2014 al\u00e9m daqueles voltadas \u00e0s atividades agropecu\u00e1rias em si, que tamb\u00e9m est\u00e3o ganhando espa\u00e7o \u2014 podem ajudar a fortalecer algumas cadeias produtivas e permitir avan\u00e7os de produ\u00e7\u00f5es e exporta\u00e7\u00f5es. Entre as cadeias que podem crescer, ele citou frutas e flores. De acordo com Fernanda Mello, CEO da agtech DuAgro, de fato o desafio para melhorar o acesso dos pequenos e m\u00e9dios produtores \u00e0s novas tecnologias ainda \u00e9 grande. Na \u00e1rea de cr\u00e9dito, disse, o objetivo \u00e9 tornar o processo de contrata\u00e7\u00e3o t\u00e3o natural como o de qualquer outra compra de insumo. (As informa\u00e7\u00f5es s\u00e3o do Valor Econ\u00f4mico)<\/em><\/div>\n<div style=\"text-align: center;\">&nbsp;<\/div>\n<div style=\"text-align: center;\"><em>&nbsp;<img decoding=\"async\" src=\"http:\/\/cache.mail2easy.com.br\/i\/6186\/3078\" border=\"0\"><\/em><\/div>\n<\/div>\n","protected":false},"excerpt":{"rendered":"<p>&nbsp; Porto Alegre, 20 de julho de 2020&nbsp; &nbsp; &nbsp; &nbsp; &nbsp; &nbsp; &nbsp; &nbsp; &nbsp; &nbsp; &nbsp; &nbsp; &nbsp; &nbsp; &nbsp; &nbsp; &nbsp; &nbsp; &nbsp; &nbsp; &nbsp; &nbsp; &nbsp; Ano 14 - N\u00b0 3.266 &nbsp; Pandemia pode alterar a demanda de latic\u00ednios a longo prazo As cadeias de suprimentos de latic\u00ednios tiveram que se <a href=\"https:\/\/www.sindilat.com.br\/site\/2020\/07\/20\/20-07-2020-2\/\" class=\"more-link\">...continuar lendo<span class=\"screen-reader-text\"> \"20\/07\/2020\"<\/span><\/a><\/p>\n","protected":false},"author":2,"featured_media":0,"comment_status":"open","ping_status":"open","sticky":false,"template":"","format":"standard","meta":{"ngg_post_thumbnail":0,"footnotes":""},"categories":[28],"tags":[],"class_list":{"0":"post-5306","1":"post","2":"type-post","3":"status-publish","4":"format-standard","6":"category-newsletter","7":"h-entry","8":"hentry","9":"h-as-article"},"_links":{"self":[{"href":"https:\/\/www.sindilat.com.br\/site\/wp-json\/wp\/v2\/posts\/5306","targetHints":{"allow":["GET"]}}],"collection":[{"href":"https:\/\/www.sindilat.com.br\/site\/wp-json\/wp\/v2\/posts"}],"about":[{"href":"https:\/\/www.sindilat.com.br\/site\/wp-json\/wp\/v2\/types\/post"}],"author":[{"embeddable":true,"href":"https:\/\/www.sindilat.com.br\/site\/wp-json\/wp\/v2\/users\/2"}],"replies":[{"embeddable":true,"href":"https:\/\/www.sindilat.com.br\/site\/wp-json\/wp\/v2\/comments?post=5306"}],"version-history":[{"count":1,"href":"https:\/\/www.sindilat.com.br\/site\/wp-json\/wp\/v2\/posts\/5306\/revisions"}],"predecessor-version":[{"id":5307,"href":"https:\/\/www.sindilat.com.br\/site\/wp-json\/wp\/v2\/posts\/5306\/revisions\/5307"}],"wp:attachment":[{"href":"https:\/\/www.sindilat.com.br\/site\/wp-json\/wp\/v2\/media?parent=5306"}],"wp:term":[{"taxonomy":"category","embeddable":true,"href":"https:\/\/www.sindilat.com.br\/site\/wp-json\/wp\/v2\/categories?post=5306"},{"taxonomy":"post_tag","embeddable":true,"href":"https:\/\/www.sindilat.com.br\/site\/wp-json\/wp\/v2\/tags?post=5306"}],"curies":[{"name":"wp","href":"https:\/\/api.w.org\/{rel}","templated":true}]}}