{"id":5251,"date":"2020-07-06T20:14:05","date_gmt":"2020-07-06T20:14:05","guid":{"rendered":"http:\/\/www.sindilat.com.br\/site\/?p=5251"},"modified":"2020-07-06T20:15:28","modified_gmt":"2020-07-06T20:15:28","slug":"06-07-2020","status":"publish","type":"post","link":"https:\/\/www.sindilat.com.br\/site\/2020\/07\/06\/06-07-2020\/","title":{"rendered":"06\/07\/2020"},"content":{"rendered":"<p><strong><em><img decoding=\"async\" style=\"width: 643px; height: 89px;\" src=\"http:\/\/cache.mail2easy.com.br\/i\/6186\/3074\" alt=\"\"><\/em><\/strong><\/p>\n<div style=\"text-align: center;\">\n<p><strong><em>Porto Alegre, 06 de julho de 2020<\/em><\/strong><strong><em>&nbsp; &nbsp; &nbsp; &nbsp; &nbsp; &nbsp; &nbsp; &nbsp; &nbsp; &nbsp; &nbsp; &nbsp; &nbsp; &nbsp; &nbsp; &nbsp; &nbsp; &nbsp; &nbsp; &nbsp; &nbsp; &nbsp; &nbsp; Ano 14 - N\u00b0 3.256<\/em><\/strong><img decoding=\"async\" style=\"width: 673px; height: 22px;\" src=\"http:\/\/cache.mail2easy.com.br\/i\/6186\/3078\" alt=\"\"><\/p>\n<p><img decoding=\"async\" src=\"http:\/\/cache.mail2easy.com.br\/i\/6186\/3075\" border=\"0\"><\/p>\n<p style=\"text-align: justify;\"><img decoding=\"async\" style=\"text-align: justify; border-width: 0px; border-style: solid; float: left;\" src=\"http:\/\/cache.mail2easy.com.br\/i\/6186\/3079\"><\/p>\n<p style=\"text-align: justify;\"><strong>Governo inclui leite no Programa de Aquisi\u00e7\u00e3o de Alimentos<\/strong><\/p>\n<p>O Minist\u00e9rio da Cidadania publicou no <a href=\"http:\/\/www.in.gov.br\/en\/web\/dou\/-\/resolucao-n-82-de-1-de-julho-de-2020-264995117\">Di\u00e1rio Oficial da Uni\u00e3o no dia 03\/07 <\/a>uma resolu\u00e7\u00e3o com normas para a distribui\u00e7\u00e3o de leite a pessoas em situa\u00e7\u00e3o de inseguran\u00e7a alimentar e nutricional. Para ter acesso a esse benef\u00edcio ser\u00e1 necess\u00e1rio registro no Cadastro \u00danico para Programas Sociais do Governo Federal (Cad\u00danico), com prioridade \u00e0queles com perfil do Bolsa Fam\u00edlia.&nbsp;<\/p>\n<p>Al\u00e9m de contribuir para a complementa\u00e7\u00e3o alimentar de fam\u00edlias em situa\u00e7\u00e3o de vulnerabilidade social ou em estado de inseguran\u00e7a alimentar e nutricional, a resolu\u00e7\u00e3o pretende fortalecer o setor produtivo local e a agricultura familiar, garantindo a compra de leite, \u201ca pre\u00e7os justos\u201d, de agricultores familiares, \u201ccom prioridade para aqueles agrupados em organiza\u00e7\u00f5es fornecedoras e\/ou inscritos no Cad\u00danico\u201d.<\/p>\n<p>Pretende tamb\u00e9m incorporar o leite aos demais circuitos de abastecimentos do Programa de Aquisi\u00e7\u00e3o de Alimentos (PAA), pol\u00edtica p\u00fablica criada em 2003 com o objetivo de comprar produtos da agricultura familiar para distribu\u00ed-los a entidades filantr\u00f3picas e fam\u00edlias carentes.<\/p>\n<p>A resolu\u00e7\u00e3o publicada hoje descreve os procedimentos relativos a cadastro, aquisi\u00e7\u00e3o e beneficiamento do leite, a serem seguidos pelas organiza\u00e7\u00f5es fornecedoras e inscritos no Cad\u00danico para participar do programa, bem como a forma de distribui\u00e7\u00e3o.&nbsp;<\/p>\n<p>Detalha tamb\u00e9m como ser\u00e3o calculados e atualizados os pre\u00e7os a serem pagos pelo produto. Em geral, ter\u00e3o como refer\u00eancia a m\u00e9dia dos pre\u00e7os pagos ao produtor nos \u00faltimos tr\u00eas meses, em cada unidade da federa\u00e7\u00e3o. \u201cNos estados em que n\u00e3o houver s\u00e9rie hist\u00f3rica de pre\u00e7os, ser\u00e1 utilizado pre\u00e7o m\u00e9dio dos estados de atua\u00e7\u00e3o do PAA Leite\u201d, diz a resolu\u00e7\u00e3o.<\/p>\n<p style=\"text-align: justify;\">O valor a ser pago pela pasteuriza\u00e7\u00e3o ser\u00e1 calculado mediante reajuste pelo IPCA do \u00faltimo valor definido. (As informa\u00e7\u00f5es s\u00e3o da Ag\u00eancia Brasil)<\/p>\n<p style=\"text-align: justify;\"><span style=\"text-align: center;\">&nbsp; &nbsp; &nbsp; &nbsp; &nbsp; &nbsp; &nbsp; &nbsp; &nbsp;&nbsp;<\/span><img decoding=\"async\" style=\"text-align: center;\" src=\"http:\/\/cache.mail2easy.com.br\/i\/6186\/3078\" border=\"0\"><br \/>\n<strong>Balan\u00e7a comercial de l\u00e1cteos: importa\u00e7\u00f5es e exporta\u00e7\u00f5es maiores em junho&nbsp;<\/strong><br \/>\nOs dados publicados pela Secretaria de Com\u00e9rcio Exterior (SECEX), sobre o volume e pre\u00e7o dos l\u00e1cteos importados e exportados do Brasil em junho\/2020, indicam um aumento nos volumes das negocia\u00e7\u00f5es no m\u00eas. O saldo da balan\u00e7a comercial de l\u00e1cteos foi de - 46 milh\u00f5es de litros (em equivalente leite) no m\u00eas de junho, um aumento de 22% no d\u00e9ficit, em rela\u00e7\u00e3o ao m\u00eas anterior. Confira a evolu\u00e7\u00e3o no saldo da balan\u00e7a comercial l\u00e1ctea no Gr\u00e1fico 1.<\/p>\n<p>Gr\u00e1fico 1. Saldo mensal da balan\u00e7a comercial brasileira de l\u00e1cteos.<br \/>\n<img decoding=\"async\" style=\"width: 487px; height: 380px;\" src=\"http:\/\/cache.mail2easy.com.br\/i\/6186\/4106\" alt=\"\">&nbsp;<br \/>\nFonte: Elaborado pelo MilkPoint a partir dos dados do COMEXSTAT<\/p>\n<p>Em junho as importa\u00e7\u00f5es voltaram a subir: 58,4 milh\u00f5es de litros (equivalente) de leite foram internalizados, um aumento de 19% em rela\u00e7\u00e3o a maio\/20. Isso \u00e9 reflexo, principalmente, da baixa disponibilidade do leite mat\u00e9ria-prima no Brasil e aumento da demanda de derivados no per\u00edodo. Al\u00e9m disso, o aumento dos pre\u00e7os nacionais tornou o produto importado mais competitivo. A m\u00e9dia do pre\u00e7o nacional do leite spot coletado pelo MilkPoint Mercado em junho foi de R$2,24\/litro, enquanto o leite importado foi internalizado a um pre\u00e7o m\u00e9dio equivalente de R$1,73\/litro.<\/p>\n<p>O leite em p\u00f3 integral foi o derivado l\u00e1cteo mais importante da pauta importadora em junho. Os 28,7 milh\u00f5es de litros (equivalentes) importados do derivado representaram um aumento de 69% no volume internalizado do produto em rela\u00e7\u00e3o a maio e 49% do volume total importado no m\u00eas.<\/p>\n<p>O volume exportado em junho foi de 12,1 milh\u00f5es de litros de leite (equivalente), acr\u00e9scimo de 7% em rela\u00e7\u00e3o a maio. No acumulado do ano foram exportados 73 milh\u00f5es de litros em equivalente leite, contra 61 milh\u00f5es no mesmo per\u00edodo em 2019. A maior desvaloriza\u00e7\u00e3o do real em 2020 contribuiu para este cen\u00e1rio, em que o leite brasileiro se torna mais competitivo.<br \/>\nA tabela 2 mostra as principais movimenta\u00e7\u00f5es do com\u00e9rcio internacional de l\u00e1cteos no m\u00eas de junho deste ano.<\/p>\n<p>Tabela 2. Balan\u00e7a comercial l\u00e1ctea em junho de 2020<br \/>\n<img decoding=\"async\" style=\"width: 500px; height: 217px;\" src=\"http:\/\/cache.mail2easy.com.br\/i\/6186\/4107\" alt=\"\">&nbsp;<br \/>\nFonte: Elaborado pelo MilkPoint, com base em dados COMEXSTAT.<\/p>\n<p style=\"text-align: justify;\"><strong>Estado reestrutura servi\u00e7o de defesa agropecu\u00e1ria<\/strong><br \/>\nA Secretaria da Agricultura, Pecu\u00e1ria e Desenvolvimento Rural (Seapdr) est\u00e1 encaminhando todos os procedimentos necess\u00e1rios para concluir a reestrutura\u00e7\u00e3o do servi\u00e7o de defesa agropecu\u00e1ria do Rio Grande do Sul, feita a partir de estudo do departamento de defesa agropecu\u00e1ria da Seapdr que levou em considera\u00e7\u00e3o auditoria realizada pelo Minist\u00e9rio da Agricultura. A reestrutura\u00e7\u00e3o foi estipulada pela Instru\u00e7\u00e3o Normativa 11\/2020 e deve entrar em vigor no final deste m\u00eas.<\/p>\n<p>\"A reestrutura\u00e7\u00e3o atende a uma recomenda\u00e7\u00e3o do Minist\u00e9rio da Agricultura para a retirada da vacina da aftosa. Ela passa por uma mudan\u00e7a de nomenclatura de algumas inspetorias veterin\u00e1rias, mas garante a continuidade de todos os servi\u00e7os que hoje s\u00e3o oferecidos nos munic\u00edpios, sem qualquer preju\u00edzo ao produtor\u201d, destaca o secret\u00e1rio Covatti Filho.<\/p>\n<p>Nesta nova estrutura\u00e7\u00e3o, os munic\u00edpios ga\u00fachos ser\u00e3o classificados de acordo com uma an\u00e1lise multicrit\u00e9rio que atribuir\u00e1 pontua\u00e7\u00e3o numa escala de um a dez. Os crit\u00e9rios t\u00e9cnicos para mensura\u00e7\u00e3o da pontua\u00e7\u00e3o s\u00e3o \u00e1rea territorial; distanciamento da linha de fronteira internacional; n\u00famero de propriedades rurais; quantitativo de populacional de animais de interesse do Servi\u00e7o Veterin\u00e1rio Oficial; movimenta\u00e7\u00e3o animal; e an\u00e1lise de risco de ocorr\u00eancia de doen\u00e7as.&nbsp;<\/p>\n<p>Cada inspetoria de defesa agropecu\u00e1ria ser\u00e1 constitu\u00edda pelos munic\u00edpios cuja soma de pontua\u00e7\u00e3o atinja, no m\u00ednimo, dois e, no m\u00e1ximo, 20 pontos. A defini\u00e7\u00e3o dos munic\u00edpios abrangidos pela inspetoria e qual deles ser\u00e1 sua sede se basear\u00e1 em crit\u00e9rios estruturais, administrativos e de defesa sanit\u00e1ria animal. A inspetoria ser\u00e1 classificada, pela soma da pontua\u00e7\u00e3o de seus munic\u00edpios, em tr\u00eas classes: classe I, unidade com pontua\u00e7\u00e3o entre dois e tr\u00eas; classe II, unidade com pontua\u00e7\u00e3o entre quatro e nove; classe III, unidade com pontua\u00e7\u00e3o entre dez e 20.&nbsp;<\/p>\n<p>Estas pontua\u00e7\u00f5es servir\u00e3o de refer\u00eancia para definir quantidades m\u00ednimas e m\u00e1ximas de m\u00e9dicos veterin\u00e1rios, t\u00e9cnicos agropecu\u00e1rios e auxiliares administrativos que devem ser alocados nas inspetorias. O atendimento aos munic\u00edpios continuar\u00e1 ocorrendo sem qualquer preju\u00edzo log\u00edstico para o produtor. (Seapdr)<br \/>\n<b>&nbsp; &nbsp; &nbsp; &nbsp; &nbsp; &nbsp; &nbsp; &nbsp; &nbsp;&nbsp;<\/b><img decoding=\"async\" style=\"text-align: center;\" src=\"http:\/\/cache.mail2easy.com.br\/i\/6186\/3078\" border=\"0\"><\/p>\n<div style=\"text-align: center;\"><em style=\"text-align: center;\">&nbsp;<img decoding=\"async\" src=\"http:\/\/cache.mail2easy.com.br\/i\/6186\/3077\" border=\"0\"><\/em><\/div>\n<div style=\"text-align: center;\"><em><strong>FAO anuncia parceria para enfrentamento das mudan\u00e7as clim\u00e1ticas<\/strong><br \/>\nA Organiza\u00e7\u00e3o das Na\u00e7\u00f5es Unidas para Agricultura e Alimenta\u00e7\u00e3o (FAO) anunciou nesta \u00faltima sexta-feira (3) que se tornou parceira da implementa\u00e7\u00e3o do Fundo de Adapta\u00e7\u00e3o (Adaptation Fund), que visa fomentar projetos de aux\u00edlio a pa\u00edses vulner\u00e1veis no combate aos efeitos nocivos das mudan\u00e7as clim\u00e1ticas. A FAO j\u00e1 atuava junto ao Fundo Verde para o Clima (Green Climate Fund) e agora se torna a 13\u00aa entidade apoiadora do Fundo de Adapta\u00e7\u00e3o. \u201cA FAO est\u00e1 comprometida no apoio aos pa\u00edses para que alcancem seu potencial de crescimento e promovam a adapta\u00e7\u00e3o \u00e0s mudan\u00e7as clim\u00e1ticas para o desenvolvimento rural e a sustentabilidade ambiental\u201d, disse Eduardo Mansur, diretor da Divis\u00e3o de Terras e \u00c1guas da FAO, em nota. A organiza\u00e7\u00e3o j\u00e1 havia trabalhado com o Fundo de Adapta\u00e7\u00e3o em um projeto regional implementado pela Organiza\u00e7\u00e3o Meteorol\u00f3gica Mundial em prol da resili\u00eancia de pequenos agricultores na Eti\u00f3pia, Qu\u00eania e Uganda, e agora ter\u00e1 uma unidade dedicada a novas a\u00e7\u00f5es dentro de sua Divis\u00e3o de Terras e \u00c1guas. A unidade prestar\u00e1 assist\u00eancia imediata no desenvolvimento e execu\u00e7\u00e3o de projetos de adapta\u00e7\u00e3o \u00e0s mudan\u00e7as clim\u00e1ticas em pa\u00edses que, de outra forma, n\u00e3o teriam acesso a mecanismos de financiamento clim\u00e1tico. A ades\u00e3o \u00e0 iniciativa busca aumentar a resili\u00eancia de comunidades rurais em tempos de degrada\u00e7\u00e3o de ecossistemas e aumento da escassez de \u00e1gua, segundo Mansur. (Valor Econ\u00f4mico)<\/em><\/div>\n<div style=\"text-align: center;\"><em>&nbsp;<img decoding=\"async\" src=\"http:\/\/cache.mail2easy.com.br\/i\/6186\/3078\" border=\"0\"><\/em><\/div>\n<div style=\"text-align: left;\">\n<div style=\"text-align: justify;\">\n<div style=\"text-align: center;\">&nbsp;<\/div>\n<\/div>\n<\/div>\n<\/div>\n<p style=\"text-align: center;\">&nbsp;<\/p>\n<p>&nbsp;<\/p>\n","protected":false},"excerpt":{"rendered":"<p>Porto Alegre, 06 de julho de 2020&nbsp; &nbsp; &nbsp; &nbsp; &nbsp; &nbsp; &nbsp; &nbsp; &nbsp; &nbsp; &nbsp; &nbsp; &nbsp; &nbsp; &nbsp; &nbsp; &nbsp; &nbsp; &nbsp; &nbsp; &nbsp; &nbsp; &nbsp; Ano 14 - N\u00b0 3.256 Governo inclui leite no Programa de Aquisi\u00e7\u00e3o de Alimentos O Minist\u00e9rio da Cidadania publicou no Di\u00e1rio Oficial da Uni\u00e3o no dia <a href=\"https:\/\/www.sindilat.com.br\/site\/2020\/07\/06\/06-07-2020\/\" class=\"more-link\">...continuar lendo<span class=\"screen-reader-text\"> \"06\/07\/2020\"<\/span><\/a><\/p>\n","protected":false},"author":2,"featured_media":0,"comment_status":"open","ping_status":"open","sticky":false,"template":"","format":"standard","meta":{"ngg_post_thumbnail":0,"footnotes":""},"categories":[28],"tags":[],"class_list":{"0":"post-5251","1":"post","2":"type-post","3":"status-publish","4":"format-standard","6":"category-newsletter","7":"h-entry","8":"hentry","9":"h-as-article"},"_links":{"self":[{"href":"https:\/\/www.sindilat.com.br\/site\/wp-json\/wp\/v2\/posts\/5251","targetHints":{"allow":["GET"]}}],"collection":[{"href":"https:\/\/www.sindilat.com.br\/site\/wp-json\/wp\/v2\/posts"}],"about":[{"href":"https:\/\/www.sindilat.com.br\/site\/wp-json\/wp\/v2\/types\/post"}],"author":[{"embeddable":true,"href":"https:\/\/www.sindilat.com.br\/site\/wp-json\/wp\/v2\/users\/2"}],"replies":[{"embeddable":true,"href":"https:\/\/www.sindilat.com.br\/site\/wp-json\/wp\/v2\/comments?post=5251"}],"version-history":[{"count":1,"href":"https:\/\/www.sindilat.com.br\/site\/wp-json\/wp\/v2\/posts\/5251\/revisions"}],"predecessor-version":[{"id":5252,"href":"https:\/\/www.sindilat.com.br\/site\/wp-json\/wp\/v2\/posts\/5251\/revisions\/5252"}],"wp:attachment":[{"href":"https:\/\/www.sindilat.com.br\/site\/wp-json\/wp\/v2\/media?parent=5251"}],"wp:term":[{"taxonomy":"category","embeddable":true,"href":"https:\/\/www.sindilat.com.br\/site\/wp-json\/wp\/v2\/categories?post=5251"},{"taxonomy":"post_tag","embeddable":true,"href":"https:\/\/www.sindilat.com.br\/site\/wp-json\/wp\/v2\/tags?post=5251"}],"curies":[{"name":"wp","href":"https:\/\/api.w.org\/{rel}","templated":true}]}}