{"id":5249,"date":"2020-07-03T20:22:11","date_gmt":"2020-07-03T20:22:11","guid":{"rendered":"http:\/\/www.sindilat.com.br\/site\/?p=5249"},"modified":"2020-07-03T20:22:24","modified_gmt":"2020-07-03T20:22:24","slug":"03-07-2020","status":"publish","type":"post","link":"https:\/\/www.sindilat.com.br\/site\/2020\/07\/03\/03-07-2020\/","title":{"rendered":"03\/07\/2020"},"content":{"rendered":"<p><strong><em><img decoding=\"async\" style=\"width: 643px; height: 89px;\" src=\"http:\/\/cache.mail2easy.com.br\/i\/6186\/3074\" alt=\"\"><\/em><\/strong><\/p>\n<div style=\"text-align: center;\">\n<p><strong><em>Porto Alegre, 03 de julho de 2020<\/em><\/strong><strong><em>&nbsp; &nbsp; &nbsp; &nbsp; &nbsp; &nbsp; &nbsp; &nbsp; &nbsp; &nbsp; &nbsp; &nbsp; &nbsp; &nbsp; &nbsp; &nbsp; &nbsp; &nbsp; &nbsp; &nbsp; &nbsp; &nbsp; &nbsp; Ano 14 - N\u00b0 3.255<\/em><\/strong><img decoding=\"async\" style=\"width: 673px; height: 22px;\" src=\"http:\/\/cache.mail2easy.com.br\/i\/6186\/3078\" alt=\"\"><\/p>\n<p><img decoding=\"async\" src=\"http:\/\/cache.mail2easy.com.br\/i\/6186\/3075\" border=\"0\"><\/p>\n<p style=\"text-align: justify;\"><img decoding=\"async\" style=\"text-align: justify; border-width: 0px; border-style: solid; float: left;\" src=\"http:\/\/cache.mail2easy.com.br\/i\/6186\/3079\"><\/p>\n<p style=\"text-align: justify;\"><strong>RS: forrageiras s\u00e3o beneficiadas pelo clima no Estado, diz Emater\/RS<\/strong><\/p>\n<p>O clima na primeira metade da semana foi excelente para as forrageiras cultivadas e nativas, com \u00f3timos n\u00edveis de umidade no solo, radia\u00e7\u00e3o solar e temperaturas amenas. De acordo com o Informativo Conjuntural, divulgado pela Emater\/RS-Ascar nesta quinta-feira (02), em parceria com a Secretaria Estadual de Agricultura, Pecu\u00e1ria e Desenvolvimento Rural (Seapdr), a sucess\u00e3o de tr\u00eas geadas na sexta e no final da semana (26 a 28) na regional da Emater\/RS-Ascar de Bag\u00e9 marcou o in\u00edcio efetivo do inverno e a fase de paralisia na produ\u00e7\u00e3o de forragem nas \u00e1reas de campo natural.&nbsp;<\/p>\n<p style=\"text-align: justify;\">Contudo, produtores que sobrepuseram azev\u00e9m \u00e0s \u00e1reas observaram bons resultados, com a emerg\u00eancia e o in\u00edcio de desenvolvimento dessa esp\u00e9cie forrageira.<\/p>\n<p>As pastagens de aveia continuam apresentando muito boa taxa de crescimento, permitindo aumentar a lota\u00e7\u00e3o de animais para pastejo. Os trevos e o cornich\u00e3o est\u00e3o em pleno desenvolvimento vegetativo, e pequenas \u00e1reas de pastejo j\u00e1 come\u00e7aram a ser utilizadas, principalmente onde foi realizada a colheita de sementes ou a fena\u00e7\u00e3o, com germina\u00e7\u00e3o do banco de sementes nos solos. Animais consomem boa alimenta\u00e7\u00e3o e apresentam excelente ganho de peso. Nos munic\u00edpios onde h\u00e1 cultivo de gr\u00e3os, as \u00e1reas de integra\u00e7\u00e3o lavoura-pecu\u00e1ria aumentaram significativamente a oferta de forragem.<\/p>\n<p>Com clima favor\u00e1vel na regional de Iju\u00ed, o desenvolvimento das pastagens anuais de inverno \u00e9 considerado excelente. Diferentes est\u00e1dios de utiliza\u00e7\u00e3o das forrageiras foram favorecidos pelo plantio realizado em diversas \u00e9pocas. As primeiras \u00e1reas semeadas j\u00e1 disponibilizam o segundo pastejo aos animais. Em algumas propriedades, h\u00e1 sobra de forragem nesta \u00e9poca. Ap\u00f3s as chuvas, os produtores retomaram a aplica\u00e7\u00e3o de aduba\u00e7\u00e3o nitrogenada em cobertura.<\/p>\n<p style=\"text-align: justify;\">J\u00e1 na regional de Bag\u00e9, as condi\u00e7\u00f5es nutricionais do rebanho de corte melhoraram com a utiliza\u00e7\u00e3o de pastagens anuais cultivadas, com boa oferta de forragem e \u00e1gua de boa qualidade nos reservat\u00f3rios. Tal combina\u00e7\u00e3o tem proporcionando ganho de peso para os animais de todas as categorias. Com a chegada do inverno e a ocorr\u00eancia de geadas em dias consecutivos, a restri\u00e7\u00e3o na oferta de volumoso deve se ampliar e afetar o desempenho da atividade, prejudicando o estado dos animais. (P\u00e1gina Rural)<br \/>\n<span style=\"text-align: center;\">&nbsp; &nbsp; &nbsp; &nbsp; &nbsp; &nbsp; &nbsp; &nbsp; &nbsp; &nbsp;<\/span><img decoding=\"async\" style=\"text-align: center;\" src=\"http:\/\/cache.mail2easy.com.br\/i\/6186\/3078\" border=\"0\"><br \/>\n<strong>Leite\/Am\u00e9rica do Sul<\/strong><\/p>\n<p style=\"text-align: justify;\"><em>Na Argentina e Uruguai, a produ\u00e7\u00e3o de leite nas fazendas est\u00e3o melhorando progressivamente com o tempo mais favor\u00e1veis e temperaturas mais baixas nas principais bacias leiteiras.&nbsp;<\/em><\/p>\n<p>Em geral, os volumes de leite e creme atendem as necessidades de processamento das ind\u00fastrias. As vendas de leite engarrafado a n\u00edvel do varejo, particularmente do leite UHT, permanecem fortes, motivadas pela crise do Covid-19.&nbsp;<\/p>\n<p>As vendas de queijo para os servi\u00e7os de alimenta\u00e7\u00e3o est\u00e3o fracas, mas, melhorando paulatinamente, \u00e0 medida que alguns restaurantes e algumas pizzarias reabrem depois da quarentena. Muitas institui\u00e7\u00f5es de ensino dever\u00e3o continuar fechadas durante as f\u00e9rias de inverno. Portanto, as ind\u00fastrias est\u00e3o prevendo maiores volumes de leite para processamento nas pr\u00f3ximas semanas.<br \/>\nNo Brasil, a produ\u00e7\u00e3o de leite est\u00e1 com tend\u00eancia de baixa diante da seca persistente que atinge os maiores estados produtores do pa\u00eds. As vendas de leite UHT enfraqueceram um pouco, e os gerentes dos supermercados tentam reduzir os estoques.&nbsp;<\/p>\n<p>Com baixa importa\u00e7\u00e3o da Argentina e do Uruguai, os mercados brasileiros de queijo e produtos l\u00e1cteos continuam variando entre est\u00e1veis para firmes, principalmente devido \u00e0 menor concorr\u00eancia. As ind\u00fastrias come\u00e7am ter grande preocupa\u00e7\u00e3o com o aumento dos casos de Covid-19 no interior do Brasil. Em algumas f\u00e1bricas o Covid-19 vem causando interrup\u00e7\u00f5es ou atraso de determinadas linhas de produ\u00e7\u00e3o.&nbsp;<\/p>\n<p style=\"text-align: justify;\">Foram estabelecidos protocolos para mitigar a dissemina\u00e7\u00e3o do coronav\u00edrus nas f\u00e1bricas de latic\u00ednios buscando minimizar os efeitos da pandemia. (USDA)<\/p>\n<p style=\"text-align: justify;\"><img decoding=\"async\" style=\"width: 500px; height: 231px;\" src=\"http:\/\/cache.mail2easy.com.br\/i\/6186\/4101\" alt=\"\"><\/p>\n<p style=\"text-align: justify;\"><img decoding=\"async\" style=\"width: 500px; height: 228px;\" src=\"http:\/\/cache.mail2easy.com.br\/i\/6186\/4102\" alt=\"\"><\/p>\n<p style=\"text-align: justify;\"><strong>Leite\/Europa<\/strong><\/p>\n<p><em>O decl\u00ednio sazonal da produ\u00e7\u00e3o de leite ocorre dentro do normal. As ind\u00fastrias alem\u00e3s relatam que no final de junho a produ\u00e7\u00e3o parece estar maior do que a registrada no ano passado nesse mesmo per\u00edodo. Esse resultado tamb\u00e9m vem sendo registrado na Fran\u00e7a.<\/em><\/p>\n<p>Nesta semana est\u00e3o em andamento discuss\u00f5es para tentar entender se a China estar\u00e1 mesmo exigindo dos exportadores de l\u00e1cteos da Europa Ocidental uma certifica\u00e7\u00e3o adicional para provar que os produtos n\u00e3o cont\u00eam Covid-19.<\/p>\n<p style=\"text-align: justify;\"><img decoding=\"async\" style=\"width: 497px; height: 235px;\" src=\"http:\/\/cache.mail2easy.com.br\/i\/6186\/4105\" alt=\"\"><br \/>\n&nbsp;<br \/>\nA incerteza parece ser vinculada \u00e0 recente imposi\u00e7\u00e3o de tais exig\u00eancias para a exporta\u00e7\u00e3o de carne, peixe, frutas e vegetais. N\u00e3o ficou claro se houve expans\u00e3o para os produtos l\u00e1cteos.<\/p>\n<p>A utiliza\u00e7\u00e3o da Ajuda ao Armazenamento Privado (PSA) para queijo no \u00faltimo relat\u00f3rio semanal do programa atual, 15 a 21 de junho, totalizou 687 toneladas de acordo com a Eucolait. No acumulado desde o in\u00edcio de maio, a ajuda acolheu 43.772 toneladas, 44% do limite total liberado. Utilizaram toda a cota: Irlanda, Est\u00f4nia, It\u00e1lia, Su\u00e9cia, Litu\u00e2nia e Reino Unido. A B\u00e9lgica utilizou 5% de sua cota. Entre os grandes produtores de leite, a Alemanha utilizou apenas 3% de sua cota e a Fran\u00e7a 34%.&nbsp;&nbsp;<\/p>\n<p>A Pol\u00f4nia, onde observadores relatam que a produ\u00e7\u00e3o de leite no final de junho est\u00e1 maior do que a registrada no mesmo per\u00edodo do ano passado, n\u00e3o usou nada de sua cota no PSA para queijos. Os operadores das ind\u00fastrias polonesas est\u00e3o especialmente interessados em fabricar mais queijos, que \u00e9 um importante produto de exporta\u00e7\u00e3o. Existe capacidade de aumento da produ\u00e7\u00e3o.&nbsp; &nbsp;&nbsp;<br \/>\n<img decoding=\"async\" style=\"width: 500px; height: 334px;\" src=\"http:\/\/cache.mail2easy.com.br\/i\/6186\/4103\" alt=\"\">&nbsp;<\/p>\n<p style=\"text-align: justify;\"><b>&nbsp; &nbsp; &nbsp; &nbsp; &nbsp; &nbsp; &nbsp; &nbsp; &nbsp;&nbsp;<\/b><img decoding=\"async\" style=\"text-align: center;\" src=\"http:\/\/cache.mail2easy.com.br\/i\/6186\/3078\" border=\"0\"><\/p>\n<div style=\"text-align: center;\"><em style=\"text-align: center;\">&nbsp;<img decoding=\"async\" src=\"http:\/\/cache.mail2easy.com.br\/i\/6186\/3077\" border=\"0\"><\/em><\/div>\n<div style=\"text-align: center;\"><em><strong>Desempenho avan\u00e7ou em maio<\/strong><br \/>\nO \u00cdndice de Desempenho Industrial (IDI-RS) subiu 10,1% em maio ap\u00f3s registrar duas quedas recordes, de 14,2% em abril e de 10,6%, em mar\u00e7o, revelou a pesquisa divulgada ontem pela Federa\u00e7\u00e3o das Ind\u00fastrias do Rio Grande do Sul (Fiergs). O crescimento, entretanto, ainda seria insuficiente para recuperar todas as perdas, que chegaram a 15,5% no acumulado dos tr\u00eas meses. \u201cOs resultados refletem a flexibiliza\u00e7\u00e3o das medidas de isolamento social e o retorno parcial das atividades no per\u00edodo. Por\u00e9m, com as novas restri\u00e7\u00f5es no final de junho a situa\u00e7\u00e3o tende a se agravar novamente, e pode retardar ou diminuir ainda mais o ritmo da retomada\u201d, disse o presidente da Fiergs, Gilberto Porcello Petry. O \u00edndice de maio foi o segundo mais baixo da s\u00e9rie iniciada em janeiro de 2003. A alta do IDI-RS foi puxada por faturamento real (16,5%), utiliza\u00e7\u00e3o da capacidade instalada-UCI (9,1 pontos percentuais), compras industriais (8,2%) e horas trabalhadas na produ\u00e7\u00e3o (7%). (Correio do Povo)<\/em><\/div>\n<div style=\"text-align: center;\"><em>&nbsp;<img decoding=\"async\" src=\"http:\/\/cache.mail2easy.com.br\/i\/6186\/3078\" border=\"0\"><\/em><\/div>\n<div style=\"text-align: left;\">\n<div style=\"text-align: justify;\">\n<div style=\"text-align: center;\">&nbsp;<\/div>\n<\/div>\n<\/div>\n<\/div>\n<p style=\"text-align: center;\">&nbsp;<\/p>\n<p>&nbsp;<\/p>\n","protected":false},"excerpt":{"rendered":"<p>Porto Alegre, 03 de julho de 2020&nbsp; &nbsp; &nbsp; &nbsp; &nbsp; &nbsp; &nbsp; &nbsp; &nbsp; &nbsp; &nbsp; &nbsp; &nbsp; &nbsp; &nbsp; &nbsp; &nbsp; &nbsp; &nbsp; &nbsp; &nbsp; &nbsp; &nbsp; Ano 14 - N\u00b0 3.255 RS: forrageiras s\u00e3o beneficiadas pelo clima no Estado, diz Emater\/RS O clima na primeira metade da semana foi excelente para as <a href=\"https:\/\/www.sindilat.com.br\/site\/2020\/07\/03\/03-07-2020\/\" class=\"more-link\">...continuar lendo<span class=\"screen-reader-text\"> \"03\/07\/2020\"<\/span><\/a><\/p>\n","protected":false},"author":2,"featured_media":0,"comment_status":"open","ping_status":"open","sticky":false,"template":"","format":"standard","meta":{"ngg_post_thumbnail":0,"footnotes":""},"categories":[28],"tags":[],"class_list":{"0":"post-5249","1":"post","2":"type-post","3":"status-publish","4":"format-standard","6":"category-newsletter","7":"h-entry","8":"hentry","9":"h-as-article"},"_links":{"self":[{"href":"https:\/\/www.sindilat.com.br\/site\/wp-json\/wp\/v2\/posts\/5249","targetHints":{"allow":["GET"]}}],"collection":[{"href":"https:\/\/www.sindilat.com.br\/site\/wp-json\/wp\/v2\/posts"}],"about":[{"href":"https:\/\/www.sindilat.com.br\/site\/wp-json\/wp\/v2\/types\/post"}],"author":[{"embeddable":true,"href":"https:\/\/www.sindilat.com.br\/site\/wp-json\/wp\/v2\/users\/2"}],"replies":[{"embeddable":true,"href":"https:\/\/www.sindilat.com.br\/site\/wp-json\/wp\/v2\/comments?post=5249"}],"version-history":[{"count":1,"href":"https:\/\/www.sindilat.com.br\/site\/wp-json\/wp\/v2\/posts\/5249\/revisions"}],"predecessor-version":[{"id":5250,"href":"https:\/\/www.sindilat.com.br\/site\/wp-json\/wp\/v2\/posts\/5249\/revisions\/5250"}],"wp:attachment":[{"href":"https:\/\/www.sindilat.com.br\/site\/wp-json\/wp\/v2\/media?parent=5249"}],"wp:term":[{"taxonomy":"category","embeddable":true,"href":"https:\/\/www.sindilat.com.br\/site\/wp-json\/wp\/v2\/categories?post=5249"},{"taxonomy":"post_tag","embeddable":true,"href":"https:\/\/www.sindilat.com.br\/site\/wp-json\/wp\/v2\/tags?post=5249"}],"curies":[{"name":"wp","href":"https:\/\/api.w.org\/{rel}","templated":true}]}}