{"id":5245,"date":"2020-07-02T20:02:35","date_gmt":"2020-07-02T20:02:35","guid":{"rendered":"http:\/\/www.sindilat.com.br\/site\/?p=5245"},"modified":"2020-07-02T20:03:33","modified_gmt":"2020-07-02T20:03:33","slug":"02-07-2020","status":"publish","type":"post","link":"https:\/\/www.sindilat.com.br\/site\/2020\/07\/02\/02-07-2020\/","title":{"rendered":"02\/07\/2020"},"content":{"rendered":"<p><strong><em><img decoding=\"async\" style=\"width: 643px; height: 89px;\" src=\"http:\/\/cache.mail2easy.com.br\/i\/6186\/3074\" alt=\"\"><\/em><\/strong><\/p>\n<div style=\"text-align: center;\">\n<p><strong><em>Porto Alegre, 02 de julho de 2020<\/em><\/strong><strong><em>&nbsp; &nbsp; &nbsp; &nbsp; &nbsp; &nbsp; &nbsp; &nbsp; &nbsp; &nbsp; &nbsp; &nbsp; &nbsp; &nbsp; &nbsp; &nbsp; &nbsp; &nbsp; &nbsp; &nbsp; &nbsp; &nbsp; &nbsp; Ano 14 - N\u00b0 3.254<\/em><\/strong><img decoding=\"async\" style=\"width: 673px; height: 22px;\" src=\"http:\/\/cache.mail2easy.com.br\/i\/6186\/3078\" alt=\"\"><\/p>\n<p><img decoding=\"async\" src=\"http:\/\/cache.mail2easy.com.br\/i\/6186\/3075\" border=\"0\"><\/p>\n<p style=\"text-align: justify;\"><img decoding=\"async\" style=\"text-align: justify; border-width: 0px; border-style: solid; float: left;\" src=\"http:\/\/cache.mail2easy.com.br\/i\/6186\/3079\"><\/p>\n<p style=\"text-align: justify;\"><strong>Importa\u00e7\u00f5es\/China<\/strong><\/p>\n<p>A China continua puxando o mercado mundial de l\u00e1cteos. As incertezas sobre o impacto da pandemia do Covid-19 sobre a economia chinesa v\u00e3o se dissipando.&nbsp;<\/p>\n<p>Sendo o maior importador de l\u00e1cteos do planeta, chegou ao ponto da demanda do gigante asi\u00e1tico desconfigurar a rela\u00e7\u00e3o hist\u00f3rica do pre\u00e7o do leite em p\u00f3 integral (WMP) com o petr\u00f3leo. Hoje ainda com o barril a US$ 40 e saindo da pandemia, o WMP est\u00e1 cotado a US$ 2.800\/tonelada na Oceania (sem a demanda da China o pre\u00e7o poderia estar abaixo de US$ 2.000\/tonelada).<\/p>\n<p style=\"text-align: justify;\">Projetando os dados das importa\u00e7\u00f5es do per\u00edodo janeiro a maio de 2020 sobre o ano anterior, espera-se que a China aumente suas importa\u00e7\u00f5es em 2020, marcando um novo recorde hist\u00f3rico. A compra de 688.000 toneladas de WMP seria um n\u00edvel hist\u00f3rico. (DairyLando \u2013 Tradu\u00e7\u00e3o livre: Terra Viva)&nbsp;<\/p>\n<p style=\"text-align: justify;\"><img decoding=\"async\" style=\"width: 500px; height: 297px;\" src=\"http:\/\/cache.mail2easy.com.br\/i\/6186\/4100\" alt=\"\"><\/p>\n<p style=\"text-align: justify;\"><span style=\"text-align: center;\">&nbsp; &nbsp; &nbsp; &nbsp; &nbsp; &nbsp; &nbsp; &nbsp; &nbsp; &nbsp;<\/span><img decoding=\"async\" style=\"text-align: center;\" src=\"http:\/\/cache.mail2easy.com.br\/i\/6186\/3078\" border=\"0\"><\/p>\n<p style=\"text-align: justify;\"><strong>Banrisul anuncia recursos de R$ 4,1 bilh\u00f5es para Plano Safra 2020\/2021<\/strong><br \/>\nO an\u00fancio de R$ 4,1 bilh\u00f5es para o Plano Safra 2020\/2021 foi feito nesta manh\u00e3 (02), em coletiva virtual, e contou com a presen\u00e7a do Governador do Estado, Eduardo Leite, do secret\u00e1rio da Agricultura, Pecu\u00e1ria e Desenvolvimento Rural, Covatti Filho, do Presidente do Banrisul, Cl\u00e1udio Coutinho, al\u00e9m de diretores do Banrisul e jornalistas. O volume de recursos estar\u00e1 dispon\u00edvel para a agricultura familiar, para os m\u00e9dios e grandes produtores, cooperativas e empresas do setor.<\/p>\n<p>\u201cN\u00f3s olhamos para este momento de tantas dificuldades pelo qual passa o mundo inteiro, n\u00e3o apenas o Rio Grande do Sul, sabendo que essas dificuldades passar\u00e3o, e o que permanece \u00e9 a nossa hist\u00f3rica capacidade de supera\u00e7\u00e3o, a garra do povo ga\u00facho, o empreendedorismo, especialmente, no agroneg\u00f3cio. O nosso Estado \u00e9 uma grande refer\u00eancia em produ\u00e7\u00e3o agr\u00edcola e tenho absoluta convic\u00e7\u00e3o de que superaremos esse momento dando condi\u00e7\u00e3o de retomada de desenvolvimento\u201d, destacou o governador Eduardo Leite.&nbsp;<\/p>\n<p>\u201cO plano contempla dois dos principais focos da secretaria, que \u00e9 trabalhar incentivos \u00e0 irriga\u00e7\u00e3o e a armazenagem. Certamente vamos avan\u00e7ar para aumentar a \u00e1rea irrigada e diminuir as defici\u00eancias da armazenagem. Parab\u00e9ns ao Banrisul por participar cada vez mais do agro ga\u00facho\u201d, destaca o secret\u00e1rio Covatti Filho.&nbsp;&nbsp;<\/p>\n<p>De acordo com o presidente do Banrisul, Cl\u00e1udio Coutinho, os n\u00fameros refletem o direcionamento estrat\u00e9gico dado ao setor.<br \/>\n\u201cNos \u00faltimos tr\u00eas anos, o Banrisul investiu, e continuar\u00e1 investindo, na moderniza\u00e7\u00e3o de sua atua\u00e7\u00e3o no agroneg\u00f3cio, com o aperfei\u00e7oamento de processos internos, implementa\u00e7\u00e3o de tecnologias para avalia\u00e7\u00e3o, contrata\u00e7\u00e3o e acompanhamento de opera\u00e7\u00f5es de financiamento, capacita\u00e7\u00e3o dos nossos colaboradores, desenvolvimento da oferta de produtos e servi\u00e7os e o aprimoramento da atua\u00e7\u00e3o comercial e mercadol\u00f3gica do Banco no setor\u201d, ressaltou.<\/p>\n<p>O valor anunciado \u00e9 26% superior ao disponibilizado no per\u00edodo anterior. Desse total, R$ 500 milh\u00f5es ser\u00e3o destinados exclusivamente para o financiamento de investimentos e R$ 3,6 bilh\u00f5es para as demais linhas do agroneg\u00f3cio, como custeio, comercializa\u00e7\u00e3o e industrializa\u00e7\u00e3o. O volume de recursos para a agricultura familiar \u00e9 de R$ 800 milh\u00f5es, aos m\u00e9dios produtores s\u00e3o R$ 635 milh\u00f5es, e para os demais produtores, cooperativas e empresas do setor, \u00e9 de R$ 2,67 bilh\u00f5es.<\/p>\n<p>Recursos para investimentos: No Plano Safra 2020\/2021, ser\u00e3o ampliados os recursos pr\u00f3prios dispon\u00edveis pelo Banrisul para R$ 450 milh\u00f5es nas principais linhas de investimento para o agroneg\u00f3cio, como o Inovagro, Moderagro, Pronaf e Pronamp Investimentos. Para promover esse aumento, o banco buscou equaliza\u00e7\u00e3o direta junto ao Tesouro Nacional, visando atender a demanda no Estado, mesmo que os recursos repassados pelo BNDES acabem, como tem ocorrido nos \u00faltimos anos.<\/p>\n<p>Nesta safra, a estrat\u00e9gia comercial para os financiamentos ser\u00e1 voltada \u00e0 irriga\u00e7\u00e3o das lavouras, conserva\u00e7\u00e3o do solo e armazenagem de gr\u00e3os e frutas e seus derivados. Outro destaque \u00e9 a modalidade AgroInvest 4.0, linha de cr\u00e9dito que tem a finalidade de financiar novas tecnologias para a produ\u00e7\u00e3o agropecu\u00e1ria, como drones e softwares de gest\u00e3o e automa\u00e7\u00e3o agr\u00edcola, acelerando a digitaliza\u00e7\u00e3o no campo.<\/p>\n<p>Seguro Rural: Na \u00faltima safra, diante da severa estiagem que atingiu o Rio Grande do Sul, o Banrisul, utilizando um moderno sistema de an\u00e1lise e julgamento do seguro Proagro, juntamente com uma equipe especializada de analistas, possibilitou ao produtor rural receber o valor das indeniza\u00e7\u00f5es com seguran\u00e7a e rapidez.<\/p>\n<p>Para a Safra 2020\/2021, o Banrisul pretende trabalhar junto aos produtores para ampliar as \u00e1reas cobertas por seguro no Estado, contando com a parceria comercial de tr\u00eas seguradoras, todas habilitadas no Programa Seguro Rural do Governo Federal, para contrata\u00e7\u00e3o de diversas modalidades de seguro para custeio agr\u00edcola. O valor relativo ao seguro poder\u00e1 ser financiado na opera\u00e7\u00e3o de cr\u00e9dito, facilitando o acesso ao produto pelo produtor.<\/p>\n<p>Atendimento ao produtor: O Banrisul est\u00e1 presente por meio de ag\u00eancias ou postos banc\u00e1rios em 430 munic\u00edpios ga\u00fachos, que t\u00eam atua\u00e7\u00e3o em todas as 497 cidades do RS. Al\u00e9m da capilaridade da presen\u00e7a do Banrisul no Estado, o produtor rural tamb\u00e9m conta com uma equipe de gerentes especializados no agro, dedicados exclusivamente \u00e0s demandas do setor.<\/p>\n<p style=\"text-align: justify;\">Neste momento de pandemia, o atendimento presencial ao agroneg\u00f3cio est\u00e1 sendo agendado pelo aplicativo Banrisul Digital ou no site www.banrisul.com.br, para garantir a seguran\u00e7a dos clientes e colaboradores do banco. (ASCOM BANRISUL)<\/p>\n<p style=\"text-align: justify;\"><strong>Languiru contratar\u00e1 300 funcion\u00e1rios no pr\u00f3ximo semestre<\/strong><br \/>\nO presidente da Cooperativa, Dirceu Bayer, ainda projeta o faturamento de R$ 1,8 bilh\u00e3o para 2020<\/p>\n<p>Em meio aos desafios impostos pela covid-19, o presidente da Cooperativa Languiru, Dirceu Bayer, em entrevista ao programa A<br \/>\nHora Bom Dia, anunciou a contrata\u00e7\u00e3o de 300 funcion\u00e1rios para o pr\u00f3ximo semestre e projetou a inaugura\u00e7\u00e3o do supermercado no Shopping Lajeado para o m\u00eas de agosto.<\/p>\n<p>O presidente da cooperativa esclarece que desde o in\u00edcio da pandemia todas as medidas de preven\u00e7\u00e3o foram adotadas. \u201cFomos os primeiros a desenvolver um local de sanitiza\u00e7\u00e3o para os funcion\u00e1rios. Todos colaboradores s\u00e3o obrigados a passar pelo setor. Garantimos a seguran\u00e7a\u201d, afirma.<\/p>\n<p>Todos os funcion\u00e1rios que apresentam algum sintoma semelhante a covid-19 s\u00e3o afastados por pelo menos 14 dias. \u201cQuando retornam, aplicamos novamente o teste para verificar\u201d, explica. Al\u00e9m da cooperativa afastar os funcion\u00e1rios do grupo de risco.<\/p>\n<p>Bayer explica que houve queda no faturamento e na produ\u00e7\u00e3o. \u201cMas, preferimos essa medida do que correr os riscos de paralisar todas atividades.\u201d Ainda segundo o presidente da cooperativa, o faturamento da Cooperativa segue projetado em R$ 1,8 bilh\u00e3o, em torno de 20% superior ao realizado no ano passado.<\/p>\n<p>Conforme Bayer, enquanto o mercado interno apresentou certa queda devido as medidas restritivas, as exporta\u00e7\u00f5es aumentaram nos \u00faltimos tr\u00eas meses pelo pre\u00e7o ser mais competitivo. \u201cApostamos tudo na exporta\u00e7\u00e3o e destinamos mais da metade da produ\u00e7\u00e3o de aves para o mercado externo. Acredito num segundo semestre ainda melhor\u201d, relata.<\/p>\n<p>Cen\u00e1rio de contrata\u00e7\u00f5es: A Languiru emprega cerca de 3,1 mil funcion\u00e1rios. Conforme o presidente, a cooperativa se mant\u00e9m com um quadro est\u00e1vel de colaboradores. \u201cN\u00e3o precisamos realizar demiss\u00f5es neste per\u00edodo\u201d, afirma.<\/p>\n<p>Para o pr\u00f3ximo semestre, o presidente projeta a contrata\u00e7\u00e3o de 300 funcion\u00e1rios, principalmente para atuar no supermercado do Shopping Lajeado. At\u00e9 o momento, cerca de 140 pessoas j\u00e1 est\u00e3o em treinamento para atuar na nova sede.<\/p>\n<p>Supermercado no Shopping: O investimento no novo mercado \u00e9 de R$ 8 milh\u00f5es. Antes da pandemia, a expectativa de inaugura\u00e7\u00e3o era para maio. \u201cA proje\u00e7\u00e3o de inaugura\u00e7\u00e3o foi adiada para agosto\u201d, refor\u00e7a o presidente. (Grupo a hora<br \/>\n<b>&nbsp; &nbsp; &nbsp; &nbsp; &nbsp; &nbsp; &nbsp; &nbsp; &nbsp;&nbsp;<\/b><img decoding=\"async\" style=\"text-align: center;\" src=\"http:\/\/cache.mail2easy.com.br\/i\/6186\/3078\" border=\"0\"><\/p>\n<div style=\"text-align: center;\"><em style=\"text-align: center;\">&nbsp;<img decoding=\"async\" src=\"http:\/\/cache.mail2easy.com.br\/i\/6186\/3077\" border=\"0\"><\/em><\/div>\n<div style=\"text-align: center;\"><em><strong>Organizadores decidem suspender a Expointer&nbsp;<\/strong><br \/>\nDiante da maior quantidade de d\u00favidas do que de certezas, organizadores da Expointer&nbsp; decidiram, em reuni\u00e3o realizada nesta quinta-feira (2), pelo cancelamento da feira em 2020. Originalmente marcada para o final de agosto, a exposi\u00e7\u00e3o realizada no parque Assis Brasil, em Esteio, foi transferida para o per\u00edodo de 26 de setembro a 4 de outubro. O adiamento em cerca de um m\u00eas foi estabelecido pela expectativa de que pudesse haver melhora no quadro da pandemia. A Secretaria da Agricultura ainda n\u00e3o se manifestou oficialmente sobre o tema. O entendimento das entidades foi de que, mesmo assim, seria bastante complicado colocar a feira de p\u00e9. Por quest\u00f5es de seguran\u00e7a e tamb\u00e9m&nbsp; operacionais. Naquele per\u00edodo, estar\u00e1 em andamento a temporada de remates de primavera, que concentra a venda de reprodutores nas propriedades. E tamb\u00e9m coincide com o in\u00edcio da plantio da safra de ver\u00e3o, o que seria um empecilho \u00e0 participa\u00e7\u00e3o de agricultores, p\u00fablico importante para o setor de m\u00e1quinas agr\u00edcolas. Participam da reuni\u00e3o Federa\u00e7\u00e3o da Agricultura do Estado, Federa\u00e7\u00e3o dos Trabalhadores na Agricultura, Organiza\u00e7\u00e3o das Cooperativas, Sindicato das Ind\u00fastrias de M\u00e1quinas, Federa\u00e7\u00e3o Brasileira das Associa\u00e7\u00f5es de Criadores de Animais de Ra\u00e7a e prefeitura municipal de Esteio. Na quarta-feira (1), a Associa\u00e7\u00e3o Brasileira de Angus (ABA) havia emitido nota, manifestando contrariedade \u00e0 realiza\u00e7\u00e3o da exposi\u00e7\u00e3o na nova data. (Zero Hora)<\/em><\/div>\n<div style=\"text-align: center;\"><em>&nbsp;<img decoding=\"async\" src=\"http:\/\/cache.mail2easy.com.br\/i\/6186\/3078\" border=\"0\"><\/em><\/div>\n<div style=\"text-align: left;\">\n<div style=\"text-align: justify;\">\n<div style=\"text-align: center;\">&nbsp;<\/div>\n<\/div>\n<\/div>\n<\/div>\n<p>&nbsp;<\/p>\n","protected":false},"excerpt":{"rendered":"<p>Porto Alegre, 02 de julho de 2020&nbsp; &nbsp; &nbsp; &nbsp; &nbsp; &nbsp; &nbsp; &nbsp; &nbsp; &nbsp; &nbsp; &nbsp; &nbsp; &nbsp; &nbsp; &nbsp; &nbsp; &nbsp; &nbsp; &nbsp; &nbsp; &nbsp; &nbsp; Ano 14 - N\u00b0 3.254 Importa\u00e7\u00f5es\/China A China continua puxando o mercado mundial de l\u00e1cteos. As incertezas sobre o impacto da pandemia do Covid-19 sobre a <a href=\"https:\/\/www.sindilat.com.br\/site\/2020\/07\/02\/02-07-2020\/\" class=\"more-link\">...continuar lendo<span class=\"screen-reader-text\"> \"02\/07\/2020\"<\/span><\/a><\/p>\n","protected":false},"author":2,"featured_media":0,"comment_status":"open","ping_status":"open","sticky":false,"template":"","format":"standard","meta":{"ngg_post_thumbnail":0,"footnotes":""},"categories":[28],"tags":[],"class_list":{"0":"post-5245","1":"post","2":"type-post","3":"status-publish","4":"format-standard","6":"category-newsletter","7":"h-entry","8":"hentry","9":"h-as-article"},"_links":{"self":[{"href":"https:\/\/www.sindilat.com.br\/site\/wp-json\/wp\/v2\/posts\/5245","targetHints":{"allow":["GET"]}}],"collection":[{"href":"https:\/\/www.sindilat.com.br\/site\/wp-json\/wp\/v2\/posts"}],"about":[{"href":"https:\/\/www.sindilat.com.br\/site\/wp-json\/wp\/v2\/types\/post"}],"author":[{"embeddable":true,"href":"https:\/\/www.sindilat.com.br\/site\/wp-json\/wp\/v2\/users\/2"}],"replies":[{"embeddable":true,"href":"https:\/\/www.sindilat.com.br\/site\/wp-json\/wp\/v2\/comments?post=5245"}],"version-history":[{"count":1,"href":"https:\/\/www.sindilat.com.br\/site\/wp-json\/wp\/v2\/posts\/5245\/revisions"}],"predecessor-version":[{"id":5246,"href":"https:\/\/www.sindilat.com.br\/site\/wp-json\/wp\/v2\/posts\/5245\/revisions\/5246"}],"wp:attachment":[{"href":"https:\/\/www.sindilat.com.br\/site\/wp-json\/wp\/v2\/media?parent=5245"}],"wp:term":[{"taxonomy":"category","embeddable":true,"href":"https:\/\/www.sindilat.com.br\/site\/wp-json\/wp\/v2\/categories?post=5245"},{"taxonomy":"post_tag","embeddable":true,"href":"https:\/\/www.sindilat.com.br\/site\/wp-json\/wp\/v2\/tags?post=5245"}],"curies":[{"name":"wp","href":"https:\/\/api.w.org\/{rel}","templated":true}]}}