{"id":5203,"date":"2020-06-26T20:03:13","date_gmt":"2020-06-26T20:03:13","guid":{"rendered":"http:\/\/www.sindilat.com.br\/site\/?p=5203"},"modified":"2020-06-26T20:03:13","modified_gmt":"2020-06-26T20:03:13","slug":"26-06-2020","status":"publish","type":"post","link":"https:\/\/www.sindilat.com.br\/site\/2020\/06\/26\/26-06-2020\/","title":{"rendered":"26\/06\/2020"},"content":{"rendered":"<p><strong><em>&nbsp;<img decoding=\"async\" style=\"width: 643px; height: 89px;\" src=\"http:\/\/cache.mail2easy.com.br\/i\/6186\/3074\" alt=\"\"><\/em><\/strong><\/p>\n<div style=\"text-align: center;\">\n<p><strong><em>Porto Alegre, 26 de junho de 2020<\/em><\/strong><strong><em>&nbsp; &nbsp; &nbsp; &nbsp; &nbsp; &nbsp; &nbsp; &nbsp; &nbsp; &nbsp; &nbsp; &nbsp; &nbsp; &nbsp; &nbsp; &nbsp; &nbsp; &nbsp; &nbsp; &nbsp; &nbsp; &nbsp; &nbsp; Ano 14 - N\u00b0 3.249<\/em><\/strong><img decoding=\"async\" style=\"width: 673px; height: 22px;\" src=\"http:\/\/cache.mail2easy.com.br\/i\/6186\/3078\" alt=\"\"><\/p>\n<p><img decoding=\"async\" src=\"http:\/\/cache.mail2easy.com.br\/i\/6186\/3075\" border=\"0\"><\/p>\n<p style=\"text-align: justify;\"><img decoding=\"async\" style=\"text-align: justify; border-width: 0px; border-style: solid; float: left;\" src=\"http:\/\/cache.mail2easy.com.br\/i\/6186\/3079\"><\/p>\n<p style=\"text-align: justify;\"><strong>Sindilat avalia impacto da pandemia no setor l\u00e1cteo<\/strong><\/p>\n<p>Os planos sociais criados para fazer frente \u00e0 pandemia do coronav\u00edrus no Brasil \u2013 que somam mais de R$ 200 bilh\u00f5es incluindo aux\u00edlio emergencial, libera\u00e7\u00e3o de FGTS e antecipa\u00e7\u00e3o do 13\u00b0 sal\u00e1rio - foram fundamentais para manter o consumo de produtos l\u00e1cteos no Brasil nos \u00faltimos meses. Em live Roda de Conversa \u2013 Mercado do Leite - promovida na manh\u00e3 desta sexta-feira (26) por Emater-RS e Secretaria da Agricultura do Estado, o presidente do Sindicato da Ind\u00fastria de Latic\u00ednios do Rio Grande do Sul (Sindilat-RS), Alexandre Guerra, pontuou que os recursos injetados na economia contribu\u00edram para reduzir o impacto da crise sobre o setor \u2013 uma vez que as fam\u00edlias priorizaram a compra de alimentos neste per\u00edodo. \u201cEm meio \u00e0s incertezas, dependemos dos planos sociais para tamb\u00e9m contribuir no giro da economia interna, o que inclui a manuten\u00e7\u00e3o do consumo de l\u00e1cteos pelas fam\u00edlias\u201d, pontuou Guerra. Segundo ele, o segmento tamb\u00e9m foi ancorado no momento de crise pelo fator c\u00e2mbio sobre a parcela da produ\u00e7\u00e3o que \u00e9 importada - essencialmente o leite em p\u00f3.<\/p>\n<p>Como representante da ind\u00fastria, Guerra destacou que uma das linhas mais afetadas pela crise foi a de food service, voltada a um grande mercado que atende hot\u00e9is, restaurantes, lancherias e o setor de eventos em geral. \u201cCom o fechamento desses estabelecimentos e os cancelamentos de todos os eventos, essa linha simplesmente parou\u201d, afirmou o presidente do Sindilat. No entanto, o isolamento das fam\u00edlias e a impossibilidade de se investir em outras a\u00e7\u00f5es \u2013 viagens ao exterior por exemplo \u2013 levaram muitos brasileiros a direcionarem seus recursos para a qualidade de vida dentro de casa. \u201cO setor l\u00e1cteo neste m\u00eas de junho j\u00e1 sentiu esse impacto positivo das fam\u00edlias apostando em novas receitas, pois houve um aumento das vendas de itens diferenciados da cadeia l\u00e1ctea, como manteigas, cremes de leite, leite em p\u00f3 e queijos, equilibrando assim a perda da comercializa\u00e7\u00e3o no food service\u201d, constata Guerra.<\/p>\n<p>Apesar do aumento do consumo em algumas linhas, desde mar\u00e7o o mercado se mant\u00e9m bastante vol\u00e1til em rela\u00e7\u00e3o a pre\u00e7os, oferta, estoque e demanda \u2013 acompanhando o movimento de consumo que em um primeiro momento da pandemia cresceu exponencialmente para depois oscilar. \u201cAs incertezas prevalecem no setor e o que vemos \u00e9 um mercado sem saber como proceder diante do cen\u00e1rio\u201d, destacou. Para Guerra, a fragilidade do momento exige a\u00e7\u00f5es de equil\u00edbrio para acompanhar a evolu\u00e7\u00e3o do mercado. \u201cIsso passa pela li\u00e7\u00e3o de casa, fazendo a gest\u00e3o da atividade e buscando a equa\u00e7\u00e3o, como produzir mais com menos\u201d, afirma Guerra. Outras iniciativas importantes partem do governo, com a promo\u00e7\u00e3o de uma reforma que simplifique e unifique o sistema tribut\u00e1rio nacional, e do pr\u00f3prio setor, com redu\u00e7\u00e3o de despesas, diversifica\u00e7\u00e3o de linhas e inser\u00e7\u00e3o no e-commerce, que nos \u00faltimos meses vem se mostrando importante ferramenta de comercializa\u00e7\u00e3o para todos os segmentos da economia.<\/p>\n<p>Jaime Ries, assistente t\u00e9cnico estadual em Bovinocultura de Leite da Emater-RS, falou sobre os desafios do setor produtivo diante do cen\u00e1rio que inclui balan\u00e7a comercial deficit\u00e1ria, redu\u00e7\u00e3o dr\u00e1stica do n\u00famero de produtores na atividade (especialmente os menos tecnificados) e queda no consumo. De acordo ele, no per\u00edodo que compreende 2009-2018, o d\u00e9ficit da balan\u00e7a do setor equivaleu a 2,8% do volume total de leite. \u201cS\u00e3o cerca de 900 bilh\u00f5es de litros\/ano daquilo que \u00e9 consumido no pa\u00eds\u201d, afirma Ries. No mesmo per\u00edodo analisado, em todos os anos o Brasil foi deficit\u00e1rio no com\u00e9rcio exterior , sempre importando mais que exportando. \u201cA exce\u00e7\u00e3o foi em 2008, quando a curva se inverteu, mas logo depois voltamos \u00e0 realidade de importador\u201d, pontuou o t\u00e9cnico. Segundo ele, em m\u00e9dia, o Brasil exporta apenas 1% daquilo que produz e importa 3,50%. Para Guerra, apesar de tudo o setor segue trabalhando, captando todo o leite das propriedades e industrializando para fazer chegar nas casas dos consumidores um produto t\u00e3o essencial para sa\u00fade das pessoas.(Assessoria de imprensa Sindilat\/RS)<\/p>\n<div style=\"text-align: justify;\"><span style=\"text-align: center;\">&nbsp; &nbsp; &nbsp; &nbsp; &nbsp; &nbsp; &nbsp; &nbsp; &nbsp; &nbsp;&nbsp;<\/span><img decoding=\"async\" style=\"text-align: center;\" src=\"http:\/\/cache.mail2easy.com.br\/i\/6186\/3078\" border=\"0\"><\/div>\n<div style=\"text-align: justify;\">\n<p><strong>Produtores de leite uruguaios voltaram a receber mais pelo leite que os argentinos<\/strong><\/p>\n<p><em>Os produtores de leite uruguaios novamente est\u00e3o recebendo mais do que seus colegas argentinos ap\u00f3s a queda nos pre\u00e7os sofridos devido \u00e0 recess\u00e3o global impulsionada pela pandemia de Covid-19.<\/em><\/p>\n<p>Em maio passado, o pre\u00e7o m\u00e9dio ponderado do leite pago ao produtor de leite argentino foi equivalente a US$ 0,269 por litro, segundo dados publicados pela Dire\u00e7\u00e3o Nacional de Latic\u00ednios, enquanto no Uruguai estava em uma m\u00e9dia de US$ 0,290 por litro, de acordo com dados do Instituto Nacional do Leite (Inale).<\/p>\n<p>Diferentemente da Argentina, onde h\u00e1 uma multiplicidade de ind\u00fastrias de latic\u00ednios, no Uruguai, o principal determinante dos pre\u00e7os do leite \u00e9 a cooperativa Conaprole, que exporta a maioria dos produtos l\u00e1cteos que produz.<\/p>\n<p>Embora a pol\u00edtica da Conaprole seja evitar ajustes bruscos de pre\u00e7os nos acordos feitos a seus parceiros produtores de leite, a queda na demanda internacional por l\u00e1cteos registrada no in\u00edcio da pandemia de Covid-19 obrigou a empresa a reduzir o valor do leite que s\u00f3 pode ser parcialmente corrigido em maio.<\/p>\n<p>O pre\u00e7o m\u00e9dio do leite em p\u00f3 integral a granel exportado pelo Uruguai, que atingiu US$ 3329 por tonelada em mar\u00e7o, caiu para US$ 3222 e US$ 3071 por tonelada em abril e maio, respectivamente.<\/p>\n<p>Na Argentina, o efeito combinado da valoriza\u00e7\u00e3o da taxa de c\u00e2mbio \u2013 no quadro de um mercado de c\u00e2mbio interposto pelo Estado \u2013 juntamente com uma crescente disputa das ind\u00fastrias de latic\u00ednios para comprar leite, impulsionaram os valores do leite medido em d\u00f3lares.<\/p>\n<p>No entanto, a partir de abril, o aumento do consumo de latic\u00ednios no mercado interno \u2013 o principal cliente \u2013, juntamente com as dificuldades na exporta\u00e7\u00e3o, causaram uma queda consider\u00e1vel no valor do leite medido na moeda americana.<\/p>\n<p>No Uruguai, um dos crescentes riscos presentes no setor \u00e9 o conflito trabalhista no campo industrial da Associa\u00e7\u00e3o de Trabalhadores e Empregados da Conaprole (AOEC), que na semana passada, paralisou algumas linhas de produ\u00e7\u00e3o da cooperativa provocando uma escassez tempor\u00e1ria de alguns produtos l\u00e1cteos no mercado local. (As informa\u00e7\u00f5es s\u00e3o do Valor Soja, traduzida pela Equipe MilkPoint)<\/p>\n<\/div>\n<div style=\"text-align: justify;\">&nbsp;<\/div>\n<div style=\"text-align: justify;\">&nbsp;<\/div>\n<div style=\"text-align: justify;\">\n<p><strong>Governo edita portaria sobre preven\u00e7\u00e3o e controle da transmiss\u00e3o da Covid-19 no trabalho<\/strong><\/p>\n<p><em>O Minist\u00e9rio da Sa\u00fade e a Secretaria Especial de Previd\u00eancia e Trabalho do Minist\u00e9rio da Economia editaram a Portaria Conjunta n\u00ba 20\/2020, contendo orienta\u00e7\u00f5es gerais sobre preven\u00e7\u00e3o, controle e mitiga\u00e7\u00e3o dos riscos de transmiss\u00e3o da COVID-19 nos ambientes de trabalho. <\/em><a href=\"http:\/\/www.in.gov.br\/en\/web\/dou\/-\/portaria-conjunta-n-20-de-18-de-junho-de-2020-262408085\"><em>Veja a \u00edntegra da portaria clicando aqui.<\/em><\/a><\/p>\n<p>Editada em 18 de junho de 2020, a portaria estabelece orienta\u00e7\u00f5es para organiza\u00e7\u00f5es visando \u00e0 preven\u00e7\u00e3o, controle e mitiga\u00e7\u00e3o dos riscos de transmiss\u00e3o da COVID-19 em ambientes de trabalho, de forma a preservar a seguran\u00e7a e a sa\u00fade dos trabalhadores, os empregos e a atividade econ\u00f4mica.<\/p>\n<p>De acordo com o Governo Federal, esses dispositivos n\u00e3o se aplicam aos servi\u00e7os de sa\u00fade, para os quais devem ser observadas as orienta\u00e7\u00f5es e regulamenta\u00e7\u00f5es espec\u00edficas. \u201cTamb\u00e9m \u00e9 importante pontuar que as disposi\u00e7\u00f5es contidas na Portaria s\u00e3o de observ\u00e2ncia obrigat\u00f3ria apenas entidades da administra\u00e7\u00e3o p\u00fablica federal indireta a este vinculadas, nos termos do Decreto n\u00b0 9.960, de 1\u00b0 de janeiro de 2019, e por seus respectivos agentes p\u00fablicos, durante o enfrentamento do estado de calamidade p\u00fablica reconhecido pelo Decreto Legislativo n\u00ba 6, de 20 de mar\u00e7o de 2020\u201d.<\/p>\n<p>No entanto, esclarece o governo, o ato normativo segue como sugest\u00e3o de referencial para elabora\u00e7\u00e3o de medidas de preven\u00e7\u00e3o, controle e mitiga\u00e7\u00e3o de riscos de transmiss\u00e3o da COVID-19 em ambientes de trabalho de forma geral. \u201cComplementarmente, orienta\u00e7\u00f5es setoriais complementares poder\u00e3o ser emitidas pela Secretaria de Trabalho da Secretaria Especial de Previd\u00eancia e Trabalho do Minist\u00e9rio da Economia ou pelo Minist\u00e9rio da Sa\u00fade, no \u00e2mbito de suas compet\u00eancias\u201d. (AMP)<br \/>\n<b>&nbsp; &nbsp; &nbsp; &nbsp; &nbsp; &nbsp; &nbsp; &nbsp; &nbsp; &nbsp;<\/b><img decoding=\"async\" style=\"text-align: center;\" src=\"http:\/\/cache.mail2easy.com.br\/i\/6186\/3078\" border=\"0\"><\/p>\n<\/div>\n<div style=\"text-align: center;\"><em style=\"text-align: center;\">&nbsp;<img decoding=\"async\" src=\"http:\/\/cache.mail2easy.com.br\/i\/6186\/3077\" border=\"0\"><\/em><br \/>\n<em><strong>EUA: USDA j\u00e1 aprovou US$ 4 bilh\u00f5es em pagamentos a produtores afetados por covid-19<\/strong><br \/>\nA Ag\u00eancia de Servi\u00e7os Agr\u00edcolas (FSA, na sigla em ingl\u00eas) do Departamento de Agricultura dos Estados Unidos (USDA) aprovou at\u00e9 agora mais de US$ 4 bilh\u00f5es em pagamentos a produtores rurais afetados pela pandemia de Covid-19, de acordo com dados atualizados pela FSA na segunda-feira, dia 22. A ajuda financeira total dispon\u00edvel \u00e9 de US$ 16 bilh\u00f5es. Desde 26 de maio, a ag\u00eancia recebeu mais de 360 mil solicita\u00e7\u00f5es de ajuda. At\u00e9 agora, a FSA fez pagamentos a mais de 252 mil produtores. Estes receber\u00e3o 80% de seu pagamento total m\u00e1ximo ap\u00f3s a aprova\u00e7\u00e3o do pedido. A parcela restante ser\u00e1 paga posteriormente. Do montante total aprovado at\u00e9 agora, US$ 1,04 bilh\u00e3o foi para lavouras n\u00e3o especiais (soja, milho, algod\u00e3o, etc.), US$ 84,3 milh\u00f5es para lavouras especiais (frutas, vegetais, castanhas, cogumelos), US$ 1,98 bilh\u00e3o para criadores de bovinos, su\u00ednos e ovinos e US$ 895,3 milh\u00f5es para produtores de l\u00e1cteos. (As informa\u00e7\u00f5es s\u00e3o do Terra Viva)&nbsp;<img decoding=\"async\" src=\"http:\/\/cache.mail2easy.com.br\/i\/6186\/3078\" border=\"0\"><\/em><\/div>\n<div style=\"text-align: left;\">\n<div style=\"text-align: justify;\">\n<div style=\"text-align: center;\">&nbsp;<\/div>\n<\/div>\n<\/div>\n<\/div>\n<p style=\"text-align: center;\">&nbsp;<\/p>\n<p>&nbsp;<\/p>\n","protected":false},"excerpt":{"rendered":"<p>&nbsp; Porto Alegre, 26 de junho de 2020&nbsp; &nbsp; &nbsp; &nbsp; &nbsp; &nbsp; &nbsp; &nbsp; &nbsp; &nbsp; &nbsp; &nbsp; &nbsp; &nbsp; &nbsp; &nbsp; &nbsp; &nbsp; &nbsp; &nbsp; &nbsp; &nbsp; &nbsp; Ano 14 - N\u00b0 3.249 Sindilat avalia impacto da pandemia no setor l\u00e1cteo Os planos sociais criados para fazer frente \u00e0 pandemia do coronav\u00edrus no <a href=\"https:\/\/www.sindilat.com.br\/site\/2020\/06\/26\/26-06-2020\/\" class=\"more-link\">...continuar lendo<span class=\"screen-reader-text\"> \"26\/06\/2020\"<\/span><\/a><\/p>\n","protected":false},"author":2,"featured_media":0,"comment_status":"open","ping_status":"open","sticky":false,"template":"","format":"standard","meta":{"ngg_post_thumbnail":0,"footnotes":""},"categories":[28],"tags":[],"class_list":{"0":"post-5203","1":"post","2":"type-post","3":"status-publish","4":"format-standard","6":"category-newsletter","7":"h-entry","8":"hentry","9":"h-as-article"},"_links":{"self":[{"href":"https:\/\/www.sindilat.com.br\/site\/wp-json\/wp\/v2\/posts\/5203","targetHints":{"allow":["GET"]}}],"collection":[{"href":"https:\/\/www.sindilat.com.br\/site\/wp-json\/wp\/v2\/posts"}],"about":[{"href":"https:\/\/www.sindilat.com.br\/site\/wp-json\/wp\/v2\/types\/post"}],"author":[{"embeddable":true,"href":"https:\/\/www.sindilat.com.br\/site\/wp-json\/wp\/v2\/users\/2"}],"replies":[{"embeddable":true,"href":"https:\/\/www.sindilat.com.br\/site\/wp-json\/wp\/v2\/comments?post=5203"}],"version-history":[{"count":1,"href":"https:\/\/www.sindilat.com.br\/site\/wp-json\/wp\/v2\/posts\/5203\/revisions"}],"predecessor-version":[{"id":5204,"href":"https:\/\/www.sindilat.com.br\/site\/wp-json\/wp\/v2\/posts\/5203\/revisions\/5204"}],"wp:attachment":[{"href":"https:\/\/www.sindilat.com.br\/site\/wp-json\/wp\/v2\/media?parent=5203"}],"wp:term":[{"taxonomy":"category","embeddable":true,"href":"https:\/\/www.sindilat.com.br\/site\/wp-json\/wp\/v2\/categories?post=5203"},{"taxonomy":"post_tag","embeddable":true,"href":"https:\/\/www.sindilat.com.br\/site\/wp-json\/wp\/v2\/tags?post=5203"}],"curies":[{"name":"wp","href":"https:\/\/api.w.org\/{rel}","templated":true}]}}