{"id":5127,"date":"2020-06-01T20:03:02","date_gmt":"2020-06-01T20:03:02","guid":{"rendered":"http:\/\/www.sindilat.com.br\/site\/?p=5127"},"modified":"2020-06-01T20:05:41","modified_gmt":"2020-06-01T20:05:41","slug":"01-06-2020","status":"publish","type":"post","link":"https:\/\/www.sindilat.com.br\/site\/2020\/06\/01\/01-06-2020\/","title":{"rendered":"01\/06\/2020"},"content":{"rendered":"<p><strong><em><img decoding=\"async\" style=\"width: 643px; height: 89px;\" src=\"http:\/\/cache.mail2easy.com.br\/i\/6186\/3074\" alt=\"\"><\/em><\/strong><\/p>\n<div style=\"text-align: center;\">\n<p><strong><em>Porto Alegre, 01 de junho de 2020<\/em><\/strong><strong><em>&nbsp; &nbsp; &nbsp; &nbsp; &nbsp; &nbsp; &nbsp; &nbsp; &nbsp; &nbsp; &nbsp; &nbsp; &nbsp; &nbsp; &nbsp; &nbsp; &nbsp; &nbsp; &nbsp; &nbsp; &nbsp; &nbsp; &nbsp; Ano 14 - N\u00b0 3.231<\/em><\/strong><img decoding=\"async\" style=\"width: 673px; height: 22px;\" src=\"http:\/\/cache.mail2easy.com.br\/i\/6186\/3078\" alt=\"\"><\/p>\n<p><img decoding=\"async\" src=\"http:\/\/cache.mail2easy.com.br\/i\/6186\/3075\" border=\"0\"><\/p>\n<p style=\"text-align: justify;\"><img decoding=\"async\" style=\"text-align: justify; border-width: 0px; border-style: solid; float: left;\" src=\"http:\/\/cache.mail2easy.com.br\/i\/6186\/3079\"><strong>&nbsp; V\u00eddeo comemora Dia do Leite<\/strong><\/p>\n<p style=\"text-align: justify;\">No Dia do Leite, o Sindicato da Ind\u00fastria de Latic\u00ednios do RS (Sindilat) divulga o v\u00eddeo produzido pelo Comit\u00ea de Crise do Minist\u00e9rio da Agriculta com lideran\u00e7as nacionais do setor. Na voz de dirigentes das entidades que representam produtores, ind\u00fastrias e \u00f3rg\u00e3os p\u00fablicos, a mensagem \u00e9 a valoriza\u00e7\u00e3o da produ\u00e7\u00e3o. Entre as lideran\u00e7as que se somaram ao projeto est\u00e1 o presidente do Sindilat, Alexandre Guerra, e o secret\u00e1rio executivo Darlan Palharini. Participe voc\u00ea tamb\u00e9m!&nbsp; Beba leite! Valorize quem produz!&nbsp;<span style=\"text-align: justify;\">(Assessoria de imprensa Sindilat\/RS)<\/span><\/p>\n<p style=\"text-align: justify;\"><a href=\"https:\/\/www.youtube.com\/watch?v=ZzPMFZJG8_E&amp;feature=youtu.be\">Assista o v\u00eddeo clicando aqui.<\/a><\/p>\n<p style=\"text-align: justify;\">&nbsp; &nbsp; &nbsp; &nbsp; &nbsp; &nbsp; &nbsp; &nbsp; &nbsp;<span style=\"text-align: center;\">&nbsp;<\/span><img decoding=\"async\" style=\"text-align: center;\" src=\"http:\/\/cache.mail2easy.com.br\/i\/6186\/3078\" border=\"0\"><\/p>\n<p style=\"text-align: justify;\"><strong>Governo fornecer\u00e1 dados para guiar estrat\u00e9gia de desenvolvimento do setor da prote\u00edna animal<\/strong><br \/>\nO governo do Estado, por meio da Secretaria da Fazenda e Receita Estadual, repassar\u00e1 dados setoriais estrat\u00e9gicos para guiar as a\u00e7\u00f5es da cadeia produtiva da prote\u00edna animal. O modelo, que busca uma vis\u00e3o menos fiscalista e mais desenvolvimentista do Rio Grande do Sul,&nbsp; foi proposto durante reuni\u00e3o&nbsp; realizada de forma virtual na tarde desta segunda-feira (1\/6) e que contou com secret\u00e1rios de Estado, deputados, o presidente da Assembleia Legislativa, Ernani Polo,&nbsp; a superintendente do Minist\u00e9rio da Agricultura, Helena Rugeri,&nbsp; e&nbsp; lideran\u00e7as na produ\u00e7\u00e3o de carne bovina, su\u00edna e de aves e do leite. A proposta, defendeu o subsecret\u00e1rio da Receita Estadual, Ricardo Neves Pereira, \u00e9 munir os diferentes setores com informa\u00e7\u00f5es para guiar estrat\u00e9gias conjuntas.&nbsp; Nesses \u201cpaineis de informa\u00e7\u00e3o\u201d est\u00e3o indicadores do Estado, planilhas de carga tribut\u00e1ria e cruzamentos de dados de nota fiscal eletr\u00f4nica para avaliar aquisi\u00e7\u00f5es e vendas.&nbsp; \u201cNosso objetivo \u00e9 mostrar potencial e compartilhar informa\u00e7\u00e3o e intelig\u00eancia para ajudar o Rio Grande do Sul\u201d, frisou Pereira.&nbsp;<\/p>\n<p style=\"text-align: justify;\">Al\u00e9m da remessa de relat\u00f3rios, que tamb\u00e9m incluem informa\u00e7\u00f5es sobre venda, produ\u00e7\u00e3o, comercializa\u00e7\u00e3o entre estados , importa\u00e7\u00f5es e exporta\u00e7\u00f5es, o grupo deve manter reuni\u00f5es mensais nas primeiras segundas-feiras de cada m\u00eas. Pereira citou que os relat\u00f3rios estar\u00e3o em constante constru\u00e7\u00e3o tendo em vista o aperfei\u00e7oamento dos dados prestados. E sugeriu que os setores solicitem as informa\u00e7\u00f5es de que necessitam para que possam ser inclu\u00eddas.<\/p>\n<p>Representando o Sindilat, o secret\u00e1rio-executivo Darlan Palharini ressaltou que a iniciativa traz um ganho consistente para que os diferentes setores possam trabalhar a competitividade.&nbsp; \u201cS\u00e3o n\u00fameros que nos trazem ideia de como est\u00e1 o Estado e facilitam muito a discuss\u00e3o de projetos com o objetivo do ganha-ganha, um trabalho que vem sendo feito pelo Sindilat junto \u00e0 Receita assim como pelos outros setores\u201d, frisou, lembrando da import\u00e2ncia de se reinventar em tempos de pandemia.&nbsp; \u201cEsse material dar\u00e1 muita transpar\u00eancia, inclusive, para mostrar \u00e0 sociedade o retorno que traz ao Estado concess\u00f5es como os cr\u00e9ditos presumidos\u201d. Posi\u00e7\u00e3o refor\u00e7ada pelo deputado Ernani Polo. \u201cOs dados devem contribuir para que se trilhe um caminho conjunto para que setores da prote\u00edna animal continuem produzindo \u201c, acrescentou o presidente da AL. (Assessoria de imprensa Sindilat\/RS)<\/p>\n<p style=\"text-align: justify;\"><strong>EUA: campanhas em comemora\u00e7\u00e3o ao M\u00eas Nacional dos L\u00e1cteos<\/strong><br \/>\nEm comemora\u00e7\u00e3o ao M\u00eas Nacional de L\u00e1cteos, a Dairy Management Inc. (DMI) e as equipes de dairy checkoff estaduais e regionais de todos os EUA est\u00e3o mostrando a resili\u00eancia da cadeia e o impacto na comunidade durante a pandemia de Covid-19.<\/p>\n<p>Os esfor\u00e7os come\u00e7am hoje, 1\u00ba de junho \u2014 Dia Mundial do Leite \u2014 com um v\u00eddeo \u201cRaising Gallons\u201d que o DMI criou em parceria com organiza\u00e7\u00f5es estaduais e regionais de checkoff. O v\u00eddeo mostra atletas ol\u00edmpicos, jogadores da NFL, chefs famosos e outros levantando um gal\u00e3o de leite para mostrar sua aprecia\u00e7\u00e3o pelos produtores de leite, ao mesmo tempo em que apoia o objetivo do checkoff de levar latic\u00ednios nutritivos a americanos por meio de sua parceria com a Feeding America.<\/p>\n<p>O v\u00eddeo foi iniciado pela produtora de latic\u00ednios da Pensilv\u00e2nia e presidente da DMI Marilyn Hershey e termina com o diretor de parcerias da cadeia de suprimentos de latic\u00ednios da Feeding America, Jerod Matthews, que incentiva os consumidores a divulgar seus pr\u00f3prios gal\u00f5es usando a hashtag #UndeniablyDairy. O MilkPEP far\u00e1 doa\u00e7\u00f5es \u00e0 sua campanha GiveAGallon de at\u00e9 US$ 100.000.<\/p>\n<p>\"Essa pandemia mostrou o qu\u00e3o essencial a Feeding America e os produtores de leite s\u00e3o para ajudar a alimentar os necessitados\", disse Hershey. \"Estamos trabalhando em dire\u00e7\u00e3o a um objetivo comum, e nossa estrat\u00e9gia de levar latic\u00ednios \u00e0s m\u00e3os de quem precisa n\u00e3o seria poss\u00edvel sem a Feeding America e sua rede nacional de 200 bancos de alimentos locais\".<\/p>\n<p>Esfor\u00e7os adicionais, realizados nacional e localmente, promover\u00e3o \u201c30 dias de latic\u00ednios\u201d ao longo de junho. Todos os dias do m\u00eas ser\u00e3o preenchidos com tours e conte\u00fado de fazendas virtuais que comemoram o papel que os latic\u00ednios desempenham na vida das pessoas, enquanto ilustram a resili\u00eancia e as contribui\u00e7\u00f5es dos produtores de leite para suas comunidades, marcadas com o novo emblema \"30 dias de latic\u00ednios\".<\/p>\n<p>\"A celebra\u00e7\u00e3o do M\u00eas Nacional de L\u00e1cteos ganhou novo significado este ano, dada a pandemia global\", disse Heather Oldani, vice-presidente executiva de comunica\u00e7\u00f5es da DMI. \u201cApesar dos tempos dif\u00edceis, os produtores demonstram um compromisso incans\u00e1vel em acordar todas as manh\u00e3s para garantir que um suprimento seguro e nutritivo de latic\u00ednios esteja dispon\u00edvel em nossos mercados, em nossas casas e nos bancos comunit\u00e1rios de alimentos. O papel essencial que os produtores desempenharam tornou poss\u00edvel para o restante de n\u00f3s continuar desfrutando dos latic\u00ednios que todos amamos.\u201d<\/p>\n<p>O checkoff tamb\u00e9m promover\u00e1 receitas centradas em latic\u00ednios para o ver\u00e3o, com a expectativa de que a cozinha em casa continue como uma atividade importante para muitas fam\u00edlias. O conte\u00fado ser\u00e1 publicado no site redesenhado da DMI \u2013 www.usdairy.com \u2013 e tamb\u00e9m atrav\u00e9s de organiza\u00e7\u00f5es estaduais e regionais. (As informa\u00e7\u00f5es s\u00e3o da Hoard\u2019s Dairyman, traduzidas pela Equipe MilkPoint)<\/p>\n<p style=\"text-align: justify;\"><b>&nbsp; &nbsp; &nbsp; &nbsp; &nbsp; &nbsp; &nbsp; &nbsp; &nbsp;&nbsp;<\/b><img decoding=\"async\" style=\"text-align: center;\" src=\"http:\/\/cache.mail2easy.com.br\/i\/6186\/3078\" border=\"0\"><\/p>\n<div style=\"text-align: left;\">\n<div style=\"text-align: justify;\">\n<div style=\"text-align: center;\"><em style=\"text-align: center;\"><img decoding=\"async\" src=\"http:\/\/cache.mail2easy.com.br\/i\/6186\/3077\" border=\"0\"><\/em><\/div>\n<div style=\"text-align: center;\"><em><strong>Remarcado Webinar sobre registro de alimentos<\/strong><br \/>\nRegistros de alimentos - Foi remarcado para a pr\u00f3xima quarta-feira (3\/6), \u00e0s 15h, o Webinar da Anvisa sobre as exig\u00eancias para os processos de registros de alimentos. Inicialmente, o semin\u00e1rio virtual seria na quinta-feira (28\/5), mas n\u00e3o pode ser realizado em raz\u00e3o de indisponibilidade do sistema Broadcast.&nbsp; &nbsp;Na ocasi\u00e3o, ser\u00e3o apresentados os principais motivos de exig\u00eancias nos processos, com o intuito de orientar as empresas quanto aos requisitos para o registro dos produtos, de modo a promover a redu\u00e7\u00e3o do n\u00famero de exig\u00eancias e o aperfei\u00e7oamento na submiss\u00e3o dos dossi\u00eas de registro. Tamb\u00e9m ser\u00e3o debatidas as principais inadequa\u00e7\u00f5es que impedem que a solicita\u00e7\u00e3o de registro de um alimento seja deferida em primeira an\u00e1lise, aumentando, portanto, o prazo para a concess\u00e3o do registro. O semin\u00e1rio virtual \u00e9 destinado a empresas, associa\u00e7\u00f5es do setor regulado e especialistas da Ger\u00eancia de Regulariza\u00e7\u00e3o de Alimentos. Para participar do Webinar, basta clicar no link abaixo, na quarta-feira (3\/6), a partir do hor\u00e1rio agendado. N\u00e3o \u00e9 necess\u00e1rio realizar nenhum tipo de cadastro pr\u00e9vio. (Anvisa)<\/em><\/div>\n<div style=\"text-align: center;\"><em><img decoding=\"async\" src=\"http:\/\/cache.mail2easy.com.br\/i\/6186\/3078\" border=\"0\"><\/em><\/div>\n<div style=\"text-align: center;\">&nbsp;<\/div>\n<\/div>\n<\/div>\n<\/div>\n<p style=\"text-align: center;\">&nbsp;<\/p>\n<p>&nbsp;<\/p>\n","protected":false},"excerpt":{"rendered":"<p>Porto Alegre, 01 de junho de 2020&nbsp; &nbsp; &nbsp; &nbsp; &nbsp; &nbsp; &nbsp; &nbsp; &nbsp; &nbsp; &nbsp; &nbsp; &nbsp; &nbsp; &nbsp; &nbsp; &nbsp; &nbsp; &nbsp; &nbsp; &nbsp; &nbsp; &nbsp; Ano 14 - N\u00b0 3.231 &nbsp; V\u00eddeo comemora Dia do Leite No Dia do Leite, o Sindicato da Ind\u00fastria de Latic\u00ednios do RS (Sindilat) divulga o <a href=\"https:\/\/www.sindilat.com.br\/site\/2020\/06\/01\/01-06-2020\/\" class=\"more-link\">...continuar lendo<span class=\"screen-reader-text\"> \"01\/06\/2020\"<\/span><\/a><\/p>\n","protected":false},"author":2,"featured_media":0,"comment_status":"open","ping_status":"open","sticky":false,"template":"","format":"standard","meta":{"ngg_post_thumbnail":0,"footnotes":""},"categories":[28],"tags":[],"class_list":{"0":"post-5127","1":"post","2":"type-post","3":"status-publish","4":"format-standard","6":"category-newsletter","7":"h-entry","8":"hentry","9":"h-as-article"},"_links":{"self":[{"href":"https:\/\/www.sindilat.com.br\/site\/wp-json\/wp\/v2\/posts\/5127","targetHints":{"allow":["GET"]}}],"collection":[{"href":"https:\/\/www.sindilat.com.br\/site\/wp-json\/wp\/v2\/posts"}],"about":[{"href":"https:\/\/www.sindilat.com.br\/site\/wp-json\/wp\/v2\/types\/post"}],"author":[{"embeddable":true,"href":"https:\/\/www.sindilat.com.br\/site\/wp-json\/wp\/v2\/users\/2"}],"replies":[{"embeddable":true,"href":"https:\/\/www.sindilat.com.br\/site\/wp-json\/wp\/v2\/comments?post=5127"}],"version-history":[{"count":1,"href":"https:\/\/www.sindilat.com.br\/site\/wp-json\/wp\/v2\/posts\/5127\/revisions"}],"predecessor-version":[{"id":5128,"href":"https:\/\/www.sindilat.com.br\/site\/wp-json\/wp\/v2\/posts\/5127\/revisions\/5128"}],"wp:attachment":[{"href":"https:\/\/www.sindilat.com.br\/site\/wp-json\/wp\/v2\/media?parent=5127"}],"wp:term":[{"taxonomy":"category","embeddable":true,"href":"https:\/\/www.sindilat.com.br\/site\/wp-json\/wp\/v2\/categories?post=5127"},{"taxonomy":"post_tag","embeddable":true,"href":"https:\/\/www.sindilat.com.br\/site\/wp-json\/wp\/v2\/tags?post=5127"}],"curies":[{"name":"wp","href":"https:\/\/api.w.org\/{rel}","templated":true}]}}