{"id":4986,"date":"2020-04-16T20:18:52","date_gmt":"2020-04-16T20:18:52","guid":{"rendered":"http:\/\/www.sindilat.com.br\/site\/?p=4986"},"modified":"2020-04-16T20:20:28","modified_gmt":"2020-04-16T20:20:28","slug":"16-04-2020","status":"publish","type":"post","link":"https:\/\/www.sindilat.com.br\/site\/2020\/04\/16\/16-04-2020\/","title":{"rendered":"16\/04\/2020"},"content":{"rendered":"<p><strong><em><img decoding=\"async\" style=\"width: 643px; height: 89px;\" src=\"http:\/\/cache.mail2easy.com.br\/i\/6186\/3074\" alt=\"\"><\/em><\/strong><\/p>\n<div style=\"text-align: center;\">\n<p><strong><em>Porto Alegre, 16 de abril de 2020<\/em><\/strong><strong><em>&nbsp; &nbsp; &nbsp; &nbsp; &nbsp; &nbsp; &nbsp; &nbsp; &nbsp; &nbsp; &nbsp; &nbsp; &nbsp; &nbsp; &nbsp; &nbsp; &nbsp; &nbsp; &nbsp; &nbsp; &nbsp; &nbsp; &nbsp; Ano 14 - N\u00b0 3.204<\/em><\/strong><img decoding=\"async\" style=\"width: 673px; height: 22px;\" src=\"http:\/\/cache.mail2easy.com.br\/i\/6186\/3078\" alt=\"\"><\/p>\n<p><img decoding=\"async\" src=\"http:\/\/cache.mail2easy.com.br\/i\/6186\/3075\" border=\"0\"><\/p>\n<p style=\"text-align: justify;\"><img decoding=\"async\" style=\"text-align: justify; border-width: 0px; border-style: solid; float: left;\" src=\"http:\/\/cache.mail2easy.com.br\/i\/6186\/3079\">&nbsp;&nbsp;<strong>Covid-19 muda consumo de l\u00e1cteos no Brasil e setor internacional chama aten\u00e7\u00e3o<\/strong><\/p>\n<p>A chegada da Covid-19 ao Brasil trouxe mudan\u00e7as consistentes na forma consumo de l\u00e1cteos pelos brasileiros e pode, inclusive, trazer mudan\u00e7as expressivas nas rela\u00e7\u00f5es internacionais. Segundo Valter Galan, s\u00f3cio do MilkPoint Mercado, h\u00e1 novas oportunidades se abrindo, principalmente com a situa\u00e7\u00e3o cambial que favorece exporta\u00e7\u00f5es e inibe as importa\u00e7\u00f5es. Ele falou sobre assunto durante participa\u00e7\u00e3o no Milkpoint Experts, debate online realizado na tarde desta quinta-feira (16\/4).&nbsp; O objetivo do evento foi tirar d\u00favidas de produtores, t\u00e9cnicos, estudantes e demais envolvidos na produ\u00e7\u00e3o leiteira sobre o atual cen\u00e1rio.<\/p>\n<p style=\"text-align: justify;\">Galan alertou que a forma de comercializa\u00e7\u00e3o dos produtos l\u00e1cteos tamb\u00e9m est\u00e1 passando por transforma\u00e7\u00f5es em tempos de coronav\u00edrus. Antes da pandemia, o estoque de leite UHT estava em alta. Com a chegada da doen\u00e7a, caiu e, agora, est\u00e1 aumentando novamente. Isso porque, com incertezas sobre o futuro, o consumidor acaba estocando alimentos. Com o isolamento social, a grande parte da popula\u00e7\u00e3o est\u00e1 optando por fazer as compras online. A tend\u00eancia \u00e9 de que ap\u00f3s o per\u00edodo de quarentena determinados h\u00e1bitos sejam mantidos, segundo Val\u00e9ria Ragoni, gerente de Desenvolvimento de Neg\u00f3cios da Nielsen. Para a profissional, o varejo online tende a ser um canal de compras que deve ser perpetuar.<\/p>\n<p style=\"text-align: justify;\">Participando do debate, o secret\u00e1rio-executivo do Sindicato da Ind\u00fastria de Latic\u00ednios do Rio Grande do Sul (Sindilat), Darlan Palharini, frisou que o Brasil n\u00e3o deve ter as exporta\u00e7\u00f5es de l\u00e1cteos t\u00e3o afetadas porque elas ainda s\u00e3o pouco expressivas frente ao mercado interno. Esse sim preocupa uma vez que h\u00e1 temor com o \u00edndice de desemprego. \u201c\u00c9 dif\u00edcil fazer qualquer previs\u00e3o. De um lado o petr\u00f3leo est\u00e1 baixando, talvez alguns custos baixem, mas \u00e9 um momento de bastante cautela. Temos que aguardar e ver como ficar\u00e1 a abertura dos com\u00e9rcios no RS\u201d, ressalta.&nbsp;<\/p>\n<p style=\"text-align: justify;\">O alerta a ser feito nesse momento, pontua Palharini, \u00e9 manter competitividade para que o Brasil n\u00e3o seja invadido por estoques de r\u00f3tulos europeus. \u201cTemos que nos manter competitivos no mercado interno para que n\u00e3o sejamos atingidos por uma importa\u00e7\u00e3o muito grande de outros pa\u00edses j\u00e1 que Europa e Estados Unidos est\u00e3o com um estoque muito grande, principalmente de queijo e leite em p\u00f3\u201d, afirma.<\/p>\n<p style=\"text-align: justify;\">Durante o evento tamb\u00e9m foram tratados assuntos como sa\u00fade dos animais durante a pandemia, os cuidados necess\u00e1rios que devem ser mantidos por produtores e o panorama do mercado internacional por Roulber Carvalho Gomes da Silva, gerente T\u00e9cnico de Grandes Animais da Boehringer Ingelheim Sa\u00fade Animal e Andres Padilla especialista em Ind\u00fastria do Rabobank. (Assessoria de imprensa Sindilat\/RS)&nbsp; &nbsp; &nbsp; &nbsp; &nbsp; &nbsp; &nbsp; &nbsp; &nbsp; &nbsp;<span style=\"text-align: center;\">&nbsp;<\/span><img decoding=\"async\" style=\"text-align: center;\" src=\"http:\/\/cache.mail2easy.com.br\/i\/6186\/3078\" border=\"0\"><\/p>\n<div style=\"text-align: justify;\"><strong>Restri\u00e7\u00f5es mantidas na Serra e na Grande Porto Alegre<\/strong><\/div>\n<div style=\"text-align: justify;\">&nbsp;<\/div>\n<div style=\"text-align: justify;\">\n<p><em>Munic\u00edpios de outras regi\u00f5es poder\u00e3o abrir com\u00e9rcio a partir de decreto de prefeitos, anunciou Leite<\/em><\/p>\n<p>Os munic\u00edpios que permanecem com restri\u00e7\u00f5es r\u00edgidas no com\u00e9rcio at\u00e9 30 de abril (funcionamento apenas de servi\u00e7os essenciais, como mercados, farm\u00e1cias, restaurantes, lancherias, barbearia e sal\u00f5es de beleza, sob determinadas condi\u00e7\u00f5es).&nbsp;<\/p>\n<\/div>\n<div style=\"text-align: justify;\"><strong><em>Regi\u00e3o Metropolitana de Porto Alegre<\/em><\/strong><br \/>\nAlvorada, Araric\u00e1, Arroio dos Ratos, Cachoeirinha, Campo Bom, Canoas, Capela de Santana, Charqueadas, Dois Irm\u00e3os, Eldorado do Sul, Est\u00e2ncia Velha, Esteio, Glorinha, Gravata\u00ed, Gua\u00edba, Igrejinha, Ivoti, Montenegro, Nova Hartz, Nova Santa Rita, Novo Hamburgo, Parob\u00e9, Port\u00e3o, Porto Alegre, Rolante, Santo Ant\u00f4nio da Patrulha, S\u00e3o Jer\u00f4nimo, S\u00e3o Leopoldo, S\u00e3o Sebasti\u00e3o do Ca\u00ed, Sapiranga, Sapucaia do Sul, Taquara, Triunfo e Viam\u00e3o.&nbsp;<\/div>\n<div style=\"text-align: justify;\"><em><strong>Regi\u00e3o Metropolitana da Serra<\/strong><\/em><br \/>\nAnt\u00f4nio Prado, Bento Gon\u00e7alves, Carlos Barbosa, Caxias do Sul, Farroupilha, Flores da Cunha, Garibaldi, Ip\u00ea, Monte Belo do Sul, Nova P\u00e1dua, Pinto Bandeira, S\u00e3o Marcos, Santa Teresa e Nova Roma do Sul&nbsp;<\/div>\n<div style=\"text-align: justify;\"><em><strong>Os demais munic\u00edpios no Estado<\/strong><\/em><br \/>\nPodem ter flexibiliza\u00e7\u00e3o do com\u00e9rcio a partir de decreto do prefeito, respeitando as exig\u00eancias sanit\u00e1rias&nbsp;<\/div>\n<div style=\"text-align: justify;\"><strong><em>Achatamento<\/em><\/strong><br \/>\nA decis\u00e3o se mostra cautelosa j\u00e1 que, antes de anunciar o conte\u00fado do novo decreto, Leite mostrou dados que indicam que o RS conseguiu achatar a curva do coronav\u00edrus: na compara\u00e7\u00e3o com outras unidades federativas, tem algumas das menores taxas de infec\u00e7\u00e3o de pessoas e tamb\u00e9m de \u00f3bitos. \u00c9 o terceiro Estado de letalidade mais baixa do v\u00edrus. A dissemina\u00e7\u00e3o tamb\u00e9m \u00e9 mais lenta por aqui, com 6,2 casos para cada 100 mil habitantes, enquanto o Brasil tem \u00edndice de 12 infectados na mesma escala populacional.&nbsp;<\/div>\n<div style=\"text-align: justify;\">- A ci\u00eancia nos adverte sobre o comportamento sinuoso do v\u00edrus, lidamos com algo desconhecido e as certezas s\u00e3o provis\u00f3rias. Nossa estrat\u00e9gia \u00e9 feita pensando em poupar vidas. N\u00e3o podemos admitir perder qualquer vida - alertou o governador.<br \/>\nCom a decis\u00e3o de Leite, nas regi\u00f5es metropolitanas de Porto Alegre e Caxias do Sul, est\u00e3o autorizados apenas o funcionamento de servi\u00e7os essenciais, como mercados e farm\u00e1cias. Se os prefeitos das cidades desejarem, podem editar decretos para autorizar funcionamento de restaurantes e lanchonetes, que foi uma flexibiliza\u00e7\u00e3o feita por Leite em 9 de abril.<\/div>\n<div style=\"text-align: justify;\">J\u00e1 o com\u00e9rcio em geral segue fechado, apesar da press\u00e3o de entidades empresariais que alertam para os riscos econ\u00f4micos.<br \/>\nNo Interior, afora as regi\u00f5es de Porto Alegre e Caxias do Sul, os prefeitos poder\u00e3o editar decretos pr\u00f3prios autorizando os com\u00e9rcios locais a voltaram ao trabalho, com protocolos a serem observados.<\/div>\n<div style=\"text-align: justify;\">- A Regi\u00e3o Metropolitana responde por mais de 50%, cerca de 60%, do n\u00famero de casos. Associado \u00e0 Serra ga\u00facha, s\u00e3o 70% dos casos no Rio Grande do Sul. E pela alta rela\u00e7\u00e3o de interdepend\u00eancia econ\u00f4mica dos munic\u00edpios dessas regi\u00f5es, mantemos as pol\u00edticas de distanciamento sem a possibilidade de flexibiliza\u00e7\u00e3o. Entendemos que essa \u00e9 a forma adequada - argumentou Leite a respeito da decis\u00e3o de manter as restri\u00e7\u00f5es nestes locais. (Zero Hora adaptado por Sindilat\/RS)<\/div>\n<div style=\"text-align: justify;\">&nbsp;<\/div>\n<div style=\"text-align: justify;\">&nbsp;<\/div>\n<div style=\"text-align: justify;\"><strong>Pa\u00eds tem 2\u00ba dia de mais de 200 mortes pela doen\u00e7a&nbsp;<\/strong><\/div>\n<div style=\"text-align: justify;\"><em>Houve acr\u00e9scimo de 3.058 casos da covid-19 em rela\u00e7\u00e3o ao dia anterior<\/em><\/div>\n<div style=\"text-align: justify;\">Pelo segundo dia consecutivo, o Brasil registrou 204 novas mortes relacionadas ao novo coronav\u00edrus, informou o Minist\u00e9rio da Sa\u00fade. Ontem, os \u00f3bitos de pacientes infectados pelo v\u00edrus subiram de 1.532 para 1.736, uma alta de 13%.&nbsp;<\/div>\n<div style=\"text-align: justify;\">Os casos confirmados da covid-19 continuam aumentando em todo o pa\u00eds, passaram de 25.252 para 28.320, em 24 horas. Houve acr\u00e9scimo de 3.058 casos (12%). (Valor Econ\u00f4mico)<\/div>\n<div style=\"text-align: justify;\">&nbsp;<\/div>\n<div style=\"text-align: justify;\"><img decoding=\"async\" style=\"width: 500px; height: 587px;\" src=\"http:\/\/cache.mail2easy.com.br\/i\/6186\/4026\" alt=\"\"><\/div>\n<div style=\"text-align: justify;\">&nbsp;<\/div>\n<div style=\"text-align: justify;\">&nbsp;<\/div>\n<div style=\"text-align: justify;\">&nbsp;<\/div>\n<div style=\"text-align: justify;\"><strong>Queda de 5% na economia levaria rombo a R$ 515 bi&nbsp;<\/strong>&nbsp;<\/div>\n<div style=\"text-align: justify;\"><em>Devido \u00e0s incertezas econ\u00f4micas, governo tra\u00e7a diferentes cen\u00e1rios para contas p\u00fablicas<\/em>&nbsp;<\/div>\n<div style=\"text-align: justify;\">Uma queda de 5% no Produto Interno Bruto (PIB) brasileiro em 2020 levaria o d\u00e9ficit prim\u00e1rio do governo central a R$ 515,5 bilh\u00f5es e a d\u00edvida p\u00fablica a 90,8% do PIB, estimou ontem o Minist\u00e9rio da Economia. Frente ao elevado grau de incerteza na economia devido \u00e0 pandemia, a equipe econ\u00f4mica tra\u00e7ou cen\u00e1rios para as contas p\u00fablicas considerando diferentes n\u00edveis de retra\u00e7\u00e3o da economia.&nbsp;<\/div>\n<div style=\"text-align: justify;\">Hoje, o cen\u00e1rio oficial do governo considera estabilidade do PIB neste ano. Membros do minist\u00e9rio, no entanto, j\u00e1 admitem que a estimativa, apresentada no m\u00eas passado, est\u00e1 defasada e precisar\u00e1 ser revisada para um n\u00famero negativo. Recentemente, o Fundo Monet\u00e1rio Internacional (FMI) e o Banco Mundial projetaram queda na casa dos 5% para o pa\u00eds. No cen\u00e1rio de crescimento zero, o d\u00e9ficit prim\u00e1rio estimado pelo governo \u00e9 de R$ 467,1 bilh\u00f5es, e a d\u00edvida bruta, de 85,4% do PIB.&nbsp;<\/div>\n<div style=\"text-align: justify;\">Se a economia recuar 1%, o d\u00e9ficit iria a R$ 476,8 bilh\u00f5es, e a d\u00edvida, a 86,4% do PIB. Numa queda de 2%, as contas p\u00fablicas registrariam d\u00e9ficit de R$ 486,4 bilh\u00f5es e a d\u00edvida pularia para 87,5% do PIB. Caindo 3%, o d\u00e9ficit iria a R$ 496,1 bilh\u00f5es, e a d\u00edvida, a 88,6%. Uma retra\u00e7\u00e3o de 4%, por sua vez, implicaria rombo de R$ 505,8 bilh\u00f5es e d\u00edvida de 89,7% do PIB.&nbsp;<\/div>\n<div style=\"text-align: justify;\">O secret\u00e1rio especial de Fazenda, Waldery Rodrigues, destacou que as medidas adotadas pelo governo at\u00e9 agora para combater os efeitos do coronav\u00edrus geram impacto prim\u00e1rio de 3,76% do PIB (R$ 284 bilh\u00f5es). Considerando demais medidas regulat\u00f3rias e n\u00e3o regulat\u00f3rias, o peso sobe para 46,03%.&nbsp;<\/div>\n<div style=\"text-align: justify;\">Waldery enfatizou que o Brasil est\u00e1 colado com os pa\u00edses desenvolvidos em termos de a\u00e7\u00f5es de apoio \u00e0 popula\u00e7\u00e3o e bem acima de outros emergentes. De acordo com apresenta\u00e7\u00e3o do minist\u00e9rio, a m\u00e9dia de gastos dos pa\u00edses desenvolvidos est\u00e1 em 3,82% do PIB. No caso dos emergentes, \u00e9 de 1,71% do PIB.&nbsp;<\/div>\n<div style=\"text-align: justify;\">Na entrevista coletiva, os secret\u00e1rios refor\u00e7aram que \u00e9 preciso ter cuidado com a expans\u00e3o dos gastos e restringir as despesas a 2020. O secret\u00e1rio do Tesouro, Mansueto Almeida, negou, em tom enf\u00e1tico, a possibilidade de a secretaria dar cr\u00e9dito direto ao varejo.&nbsp;<\/div>\n<div style=\"text-align: justify;\">\u201cH\u00e1 alguma possibilidade de ter algum programa do Tesouro de relacionamento direto com banco ou varejo? A possibilidade disso \u00e9 absolutamente zero\u201d, disse ao ser questionado. Ele afirmou que a decis\u00e3o de como usar recursos \u00e9 pol\u00edtica e que a secretaria n\u00e3o executa pol\u00edticas p\u00fablicas. Waldery completou a fala dizendo que \u201cessa veem\u00eancia do secret\u00e1rio Mansueto tem raz\u00e3o\u201d. Segundo ele, diversas \u201csolu\u00e7\u00f5es m\u00e1gicas\u201d s\u00e3o propostas para fazer frente \u00e0 crise.<\/div>\n<div style=\"text-align: justify;\">O Valor informou na edi\u00e7\u00e3o de ontem que o minist\u00e9rio discute um modelo para socorrer pequenos varejistas. A proposta, que estaria sendo estruturada em parceria com o setor privado, contemplaria empr\u00e9stimos com recursos do Tesouro Nacional a lojistas que faturam at\u00e9 R$ 30 mil por m\u00eas, segundo fontes. (Valor Econ\u00f4mico)&nbsp; &nbsp; &nbsp; &nbsp; &nbsp; &nbsp; &nbsp; &nbsp; &nbsp; &nbsp;&nbsp;<img decoding=\"async\" style=\"text-align: center;\" src=\"http:\/\/cache.mail2easy.com.br\/i\/6186\/3078\" border=\"0\"><\/div>\n<div style=\"text-align: left;\">\n<div style=\"text-align: justify;\">\n<div style=\"text-align: center;\"><em style=\"text-align: center;\"><img decoding=\"async\" src=\"http:\/\/cache.mail2easy.com.br\/i\/6186\/3077\" border=\"0\"><\/em><\/div>\n<div style=\"text-align: center;\"><em><strong>Sem food service, ind\u00fastria de leite longa vida est\u00e1 no limite<\/strong><br \/>\nO empres\u00e1rio C\u00e9sar Helou, dos Latic\u00ednios Bela Vista\/Piracanjuba, se mostrou bastante preocupado com a queda abrupta no consumo de leite longa vida (UHT) no food service ap\u00f3s a quarentena imposta no Pa\u00eds por causa da pandemia de coronav\u00edrus. \u201c\u00c9 preocupante. Se o mercado de food service n\u00e3o voltar logo, e a gente acredita que n\u00e3o vai voltar (t\u00e3o r\u00e1pido), \u00e9 preocupante\u201d, disse Helou, durante live promovida agora pela XP Investimentos. Ele disse que, no caso do Brasil, ainda n\u00e3o sobrou leite. \u201cTodo o leite que ia para o food service foi absorvido pela ind\u00fastria de leite longa vida\u201d, relatou. \u201cMas o mercado de longa vida est\u00e1 no seu limite\u201d, refor\u00e7ou ele, dizendo que h\u00e1 preocupa\u00e7\u00e3o sobre como um eventual excesso de estoque ser\u00e1 escoado. \u201cAs empresas podem baixar pre\u00e7os, mas n\u00e3o v\u00e3o baixar al\u00e9m do seu custo de produ\u00e7\u00e3o\u201d, ressaltou. \u201cEst\u00e1vamos agora h\u00e1 pouco em uma confer\u00eancia com a Associa\u00e7\u00e3o Brasileira de Leite Longa Vida sobre o que fazer com este leite.\u201d Helou lembrou que, embora o Sudeste e Centro-Oeste do Pa\u00eds estejam na entressafra do leite, no Rio Grande do Sul a safra come\u00e7a agora. \u201cE h\u00e1 perspectiva de uma grande safra l\u00e1\u201d, disse. \u201cSe o produtor continuar dando ra\u00e7\u00e3o para as vacas como costumava dar e o mercado de food service n\u00e3o voltar logo, \u00e9 preocupante.\u201d (Isto\u00e9)<\/em><em>&nbsp;<img decoding=\"async\" src=\"http:\/\/cache.mail2easy.com.br\/i\/6186\/3078\" border=\"0\"><\/em><\/div>\n<div style=\"text-align: center;\">&nbsp;<\/div>\n<\/div>\n<\/div>\n<\/div>\n<p>&nbsp;<\/p>\n","protected":false},"excerpt":{"rendered":"<p>Porto Alegre, 16 de abril de 2020&nbsp; &nbsp; &nbsp; &nbsp; &nbsp; &nbsp; &nbsp; &nbsp; &nbsp; &nbsp; &nbsp; &nbsp; &nbsp; &nbsp; &nbsp; &nbsp; &nbsp; &nbsp; &nbsp; &nbsp; &nbsp; &nbsp; &nbsp; Ano 14 - N\u00b0 3.204 &nbsp;&nbsp;Covid-19 muda consumo de l\u00e1cteos no Brasil e setor internacional chama aten\u00e7\u00e3o A chegada da Covid-19 ao Brasil trouxe mudan\u00e7as consistentes <a href=\"https:\/\/www.sindilat.com.br\/site\/2020\/04\/16\/16-04-2020\/\" class=\"more-link\">...continuar lendo<span class=\"screen-reader-text\"> \"16\/04\/2020\"<\/span><\/a><\/p>\n","protected":false},"author":2,"featured_media":0,"comment_status":"open","ping_status":"open","sticky":false,"template":"","format":"standard","meta":{"ngg_post_thumbnail":0,"footnotes":""},"categories":[28],"tags":[],"class_list":{"0":"post-4986","1":"post","2":"type-post","3":"status-publish","4":"format-standard","6":"category-newsletter","7":"h-entry","8":"hentry","9":"h-as-article"},"_links":{"self":[{"href":"https:\/\/www.sindilat.com.br\/site\/wp-json\/wp\/v2\/posts\/4986","targetHints":{"allow":["GET"]}}],"collection":[{"href":"https:\/\/www.sindilat.com.br\/site\/wp-json\/wp\/v2\/posts"}],"about":[{"href":"https:\/\/www.sindilat.com.br\/site\/wp-json\/wp\/v2\/types\/post"}],"author":[{"embeddable":true,"href":"https:\/\/www.sindilat.com.br\/site\/wp-json\/wp\/v2\/users\/2"}],"replies":[{"embeddable":true,"href":"https:\/\/www.sindilat.com.br\/site\/wp-json\/wp\/v2\/comments?post=4986"}],"version-history":[{"count":1,"href":"https:\/\/www.sindilat.com.br\/site\/wp-json\/wp\/v2\/posts\/4986\/revisions"}],"predecessor-version":[{"id":4987,"href":"https:\/\/www.sindilat.com.br\/site\/wp-json\/wp\/v2\/posts\/4986\/revisions\/4987"}],"wp:attachment":[{"href":"https:\/\/www.sindilat.com.br\/site\/wp-json\/wp\/v2\/media?parent=4986"}],"wp:term":[{"taxonomy":"category","embeddable":true,"href":"https:\/\/www.sindilat.com.br\/site\/wp-json\/wp\/v2\/categories?post=4986"},{"taxonomy":"post_tag","embeddable":true,"href":"https:\/\/www.sindilat.com.br\/site\/wp-json\/wp\/v2\/tags?post=4986"}],"curies":[{"name":"wp","href":"https:\/\/api.w.org\/{rel}","templated":true}]}}