{"id":4984,"date":"2020-04-16T20:21:54","date_gmt":"2020-04-16T20:21:54","guid":{"rendered":"http:\/\/www.sindilat.com.br\/site\/?p=4984"},"modified":"2020-04-16T20:31:39","modified_gmt":"2020-04-16T20:31:39","slug":"covid-19-muda-consumo-de-lacteos-no-brasil-e-setor-internacional-chama-atencao","status":"publish","type":"post","link":"https:\/\/www.sindilat.com.br\/site\/2020\/04\/16\/covid-19-muda-consumo-de-lacteos-no-brasil-e-setor-internacional-chama-atencao\/","title":{"rendered":"Covid-19 muda consumo de l\u00e1cteos no Brasil e setor internacional chama aten\u00e7\u00e3o"},"content":{"rendered":"<p>A chegada da Covid-19 ao Brasil trouxe mudan\u00e7as consistentes na forma de consumo de l\u00e1cteos pelos brasileiros e pode, inclusive, trazer mudan\u00e7as expressivas nas rela\u00e7\u00f5es internacionais. Segundo Valter Galan, s\u00f3cio do MilkPoint Mercado, h\u00e1 novas oportunidades se abrindo, principalmente com a situa\u00e7\u00e3o cambial que favorece exporta\u00e7\u00f5es e inibe as importa\u00e7\u00f5es. Ele falou sobre o assunto durante sua participa\u00e7\u00e3o no Milkpoint Experts, debate online realizado na tarde desta quinta-feira (16\/4). O objetivo do evento foi tirar d\u00favidas de produtores, t\u00e9cnicos, estudantes e demais envolvidos na produ\u00e7\u00e3o leiteira sobre o atual cen\u00e1rio.<\/p>\n<p>Galan alertou que a forma de comercializa\u00e7\u00e3o dos produtos l\u00e1cteos tamb\u00e9m est\u00e1 passando por transforma\u00e7\u00f5es em tempos de coronav\u00edrus. Antes da pandemia, o estoque de leite UHT estava em alta. Com a chegada da doen\u00e7a, caiu e, agora, est\u00e1 aumentando novamente. Isso porque, com incertezas sobre o futuro, o consumidor acaba estocando alimentos. Com o isolamento social, a grande parte da popula\u00e7\u00e3o est\u00e1 optando por fazer as compras online. A tend\u00eancia \u00e9 de que ap\u00f3s o per\u00edodo de quarentena determinados h\u00e1bitos sejam mantidos, segundo Val\u00e9ria Ragoni, gerente de Desenvolvimento de Neg\u00f3cios da Nielsen. Para a profissional, o varejo online tende a ser um canal de compras que deve se perpetuar.<\/p>\n<p>Participando do debate, o secret\u00e1rio-executivo do Sindicato da Ind\u00fastria de Latic\u00ednios do Rio Grande do Sul (Sindilat), Darlan Palharini, frisou que o Brasil n\u00e3o deve ter as exporta\u00e7\u00f5es de l\u00e1cteos t\u00e3o afetadas porque elas ainda s\u00e3o pouco expressivas frente ao mercado interno. Esse sim preocupa uma vez que h\u00e1 temor com o \u00edndice de desemprego. \u201c\u00c9 dif\u00edcil fazer qualquer previs\u00e3o. De um lado o petr\u00f3leo est\u00e1 baixando, talvez alguns custos baixem, mas \u00e9 um momento de bastante cautela. Temos que aguardar e ver como ficar\u00e1 a abertura dos com\u00e9rcios no RS\u201d, ressalta.<\/p>\n<p>O alerta a ser feito nesse momento, pontua Palharini, \u00e9 manter competitividade para que o Brasil n\u00e3o seja invadido por estoques de r\u00f3tulos europeus. \u201cTemos que nos manter competitivos no mercado interno para que n\u00e3o sejamos atingidos por uma importa\u00e7\u00e3o muito grande de outros pa\u00edses j\u00e1 que Europa e Estados Unidos est\u00e3o com um estoque muito grande, principalmente de queijo e leite em p\u00f3\u201d, afirma.<\/p>\n<p>Durante o evento tamb\u00e9m foram tratados assuntos como sa\u00fade dos animais durante a pandemia, os cuidados necess\u00e1rios que devem ser mantidos por produtores e o panorama do mercado internacional por Roulber Carvalho Gomes da Silva, gerente T\u00e9cnico de Grandes Animais da Boehringer Ingelheim Sa\u00fade Animal e Andres Padilla especialista em Ind\u00fastria do Rabobank.<\/p>\n","protected":false},"excerpt":{"rendered":"<p>A chegada da Covid-19 ao Brasil trouxe mudan\u00e7as consistentes na forma de consumo de l\u00e1cteos pelos brasileiros e pode, inclusive, trazer mudan\u00e7as expressivas nas rela\u00e7\u00f5es internacionais. Segundo Valter Galan, s\u00f3cio do MilkPoint Mercado, h\u00e1 novas oportunidades se abrindo, principalmente com a situa\u00e7\u00e3o cambial que favorece exporta\u00e7\u00f5es e inibe as importa\u00e7\u00f5es. Ele falou sobre o assunto <a href=\"https:\/\/www.sindilat.com.br\/site\/2020\/04\/16\/covid-19-muda-consumo-de-lacteos-no-brasil-e-setor-internacional-chama-atencao\/\" class=\"more-link\">...continuar lendo<span class=\"screen-reader-text\"> \"Covid-19 muda consumo de l\u00e1cteos no Brasil e setor internacional chama aten\u00e7\u00e3o\"<\/span><\/a><\/p>\n","protected":false},"author":3,"featured_media":4991,"comment_status":"open","ping_status":"open","sticky":false,"template":"","format":"standard","meta":{"ngg_post_thumbnail":0,"footnotes":""},"categories":[18,31],"tags":[],"class_list":{"0":"post-4984","1":"post","2":"type-post","3":"status-publish","4":"format-standard","5":"has-post-thumbnail","7":"category-noticias","8":"category-noticias-sindilat-tv","9":"h-entry","10":"hentry","11":"h-as-article"},"_links":{"self":[{"href":"https:\/\/www.sindilat.com.br\/site\/wp-json\/wp\/v2\/posts\/4984","targetHints":{"allow":["GET"]}}],"collection":[{"href":"https:\/\/www.sindilat.com.br\/site\/wp-json\/wp\/v2\/posts"}],"about":[{"href":"https:\/\/www.sindilat.com.br\/site\/wp-json\/wp\/v2\/types\/post"}],"author":[{"embeddable":true,"href":"https:\/\/www.sindilat.com.br\/site\/wp-json\/wp\/v2\/users\/3"}],"replies":[{"embeddable":true,"href":"https:\/\/www.sindilat.com.br\/site\/wp-json\/wp\/v2\/comments?post=4984"}],"version-history":[{"count":1,"href":"https:\/\/www.sindilat.com.br\/site\/wp-json\/wp\/v2\/posts\/4984\/revisions"}],"predecessor-version":[{"id":4989,"href":"https:\/\/www.sindilat.com.br\/site\/wp-json\/wp\/v2\/posts\/4984\/revisions\/4989"}],"wp:featuredmedia":[{"embeddable":true,"href":"https:\/\/www.sindilat.com.br\/site\/wp-json\/wp\/v2\/media\/4991"}],"wp:attachment":[{"href":"https:\/\/www.sindilat.com.br\/site\/wp-json\/wp\/v2\/media?parent=4984"}],"wp:term":[{"taxonomy":"category","embeddable":true,"href":"https:\/\/www.sindilat.com.br\/site\/wp-json\/wp\/v2\/categories?post=4984"},{"taxonomy":"post_tag","embeddable":true,"href":"https:\/\/www.sindilat.com.br\/site\/wp-json\/wp\/v2\/tags?post=4984"}],"curies":[{"name":"wp","href":"https:\/\/api.w.org\/{rel}","templated":true}]}}