{"id":4978,"date":"2020-04-14T21:20:50","date_gmt":"2020-04-14T21:20:50","guid":{"rendered":"http:\/\/www.sindilat.com.br\/site\/?p=4978"},"modified":"2020-04-14T21:20:50","modified_gmt":"2020-04-14T21:20:50","slug":"camara-do-leite-une-se-por-pedido-de-credito-ao-produtor-e-a-industria","status":"publish","type":"post","link":"https:\/\/www.sindilat.com.br\/site\/2020\/04\/14\/camara-do-leite-une-se-por-pedido-de-credito-ao-produtor-e-a-industria\/","title":{"rendered":"C\u00e2mara do Leite une-se por pedido de cr\u00e9dito ao produtor e \u00e0 ind\u00fastria"},"content":{"rendered":"<p style=\"font-weight: 400;\">Representantes dos produtores, ind\u00fastrias e do governo uniram-se em um pleito coletivo por oferta de linhas de cr\u00e9dito oficiais que viabilizem a manuten\u00e7\u00e3o da atividade no setor l\u00e1cteo ga\u00facho. Durante reuni\u00e3o virtual da C\u00e2mara Setorial da Cadeia Produtiva do Leite, na manh\u00e3 desta ter\u00e7a-feira (14\/4), foi solicitado ao secret\u00e1rio da Agricultura, Covatti Filho, que interceda junto aos bancos em favor do setor. As ind\u00fastrias reivindicam cr\u00e9dito para estoques e capital de giro tendo em vista que alguns clientes, principalmente do setor de food service, est\u00e3o solicitando prorroga\u00e7\u00e3o de pagamentos em virtude da suspens\u00e3o de opera\u00e7\u00f5es com a quarentena e n\u00e3o h\u00e1 inten\u00e7\u00e3o de repassar esse \u00f4nus ao campo. \u201cAs empresas est\u00e3o solicitando mais prazo. A ind\u00fastria est\u00e1 entre o produtor e o varejista e n\u00e3o quer repassar esse custo. Temos que achar equil\u00edbrio para manter a estabilidade do setor\u201d, frisou o presidente do Sindilat, Alexandre Guerra. Segundo ele, \u00e9 essencial que o produtor tamb\u00e9m tenha acesso a essas linhas de cr\u00e9dito de forma a assegurar a manuten\u00e7\u00e3o de sua atividade e renda no campo.<\/p>\n<p style=\"font-weight: 400;\">Covatti Filho refor\u00e7ou que o pedido \u00e9 relevante e solicitou ao setor um levantamento do volume de recursos necess\u00e1rio e das condi\u00e7\u00f5es que tornariam essas linhas de cr\u00e9dito vi\u00e1veis ao setor. Segundo ele, outros segmentos do agroneg\u00f3cio j\u00e1 solicitaram demandas parecidas e isso precisar\u00e1 ser tratado junto aos bancos ligados ao governo do Estado. Covatti ficou de agendar uma reuni\u00e3o entre o setor l\u00e1cteo e representantes do Banrisul e Badesul para tratar da quest\u00e3o. O chefe de gabinete da Secretaria de Agricultura, Pecu\u00e1ria e Desenvolvimento Rural (Seapdr), Erli Teixeira, refor\u00e7ou que essa linha de cr\u00e9dito emergencial \u00e9 quest\u00e3o de sobreviv\u00eancia do produtor, principalmente dos pequenos. \u201c\u00c9 uma quest\u00e3o social, precisamos pensar no conjunto\u201d, frisou.<\/p>\n<p style=\"font-weight: 400;\">O diretor de Pol\u00edtica Agr\u00edcola da Secretaria, Ivan Bonetti, explicou que as resolu\u00e7\u00f5es do Banco Central que prorrogaram os custeios e os investimentos do cr\u00e9dito rural aportaram recursos para as cooperativas, disponibilizar\u00e3o R$ 20 mil por produtor da agricultura familiar e falou do deslocamento de milho para o Estado atrav\u00e9s do programa Milho Balc\u00e3o Conab.<\/p>\n<p style=\"font-weight: 400;\">O secret\u00e1rio Covatti Filho ainda citou a compra governamental de cestas b\u00e1sicas, o que ser\u00e1 feito por meio de recursos da merenda escolar. A aquisi\u00e7\u00e3o dos kits \u2013 que conter\u00e3o leite em p\u00f3 \u2013 deve auxiliar pelo menos algumas empresas do setor que ser\u00e3o contempladas diretamente.<\/p>\n<p style=\"font-weight: 400;\">Coordenada pelo diretor-tesoureiro do Sindilat, J\u00e9ferson Adonias Smaniotto, a reuni\u00e3o ainda tratou sobre a necessidade de isen\u00e7\u00f5es tribut\u00e1rias (Pis\/Cofins) sobre adubos, sementes&nbsp; e medicamentos veterin\u00e1rios. O presidente do Fundesa, Rog\u00e9rio Kerber, citou que a isen\u00e7\u00e3o do ICMS que, inicialmente iria at\u00e9 30 de abril, foi estendida pelo Confaz at\u00e9 31 de dezembro de 2020. Smaniotto ainda lembrou que \u00e9 essencial desburocratizar o limite de cr\u00e9dito de forma a permitir que o produtor que j\u00e1 tem seu Pronaf comprometido possa ter linha especial para passar esse momento principalmente com estiagem.<\/p>\n<p style=\"font-weight: 400;\">O setor l\u00e1cteo tamb\u00e9m abordou a necessidade de Pr\u00eamio de Escoamento da Produ\u00e7\u00e3o (PEP) para viabilizar a libera\u00e7\u00e3o dos altos estoques que se acumulam principalmente nas queijarias ga\u00fachas. \u201cForam setores impactados duramente pela parada do setor de food service\u201d, alertou Guerra.<\/p>\n","protected":false},"excerpt":{"rendered":"<p>Representantes dos produtores, ind\u00fastrias e do governo uniram-se em um pleito coletivo por oferta de linhas de cr\u00e9dito oficiais que viabilizem a manuten\u00e7\u00e3o da atividade no setor l\u00e1cteo ga\u00facho. Durante reuni\u00e3o virtual da C\u00e2mara Setorial da Cadeia Produtiva do Leite, na manh\u00e3 desta ter\u00e7a-feira (14\/4), foi solicitado ao secret\u00e1rio da Agricultura, Covatti Filho, que interceda <a href=\"https:\/\/www.sindilat.com.br\/site\/2020\/04\/14\/camara-do-leite-une-se-por-pedido-de-credito-ao-produtor-e-a-industria\/\" class=\"more-link\">...continuar lendo<span class=\"screen-reader-text\"> \"C\u00e2mara do Leite une-se por pedido de cr\u00e9dito ao produtor e \u00e0 ind\u00fastria\"<\/span><\/a><\/p>\n","protected":false},"author":3,"featured_media":4979,"comment_status":"open","ping_status":"open","sticky":false,"template":"","format":"standard","meta":{"ngg_post_thumbnail":0,"footnotes":""},"categories":[18,31],"tags":[],"class_list":{"0":"post-4978","1":"post","2":"type-post","3":"status-publish","4":"format-standard","5":"has-post-thumbnail","7":"category-noticias","8":"category-noticias-sindilat-tv","9":"h-entry","10":"hentry","11":"h-as-article"},"_links":{"self":[{"href":"https:\/\/www.sindilat.com.br\/site\/wp-json\/wp\/v2\/posts\/4978","targetHints":{"allow":["GET"]}}],"collection":[{"href":"https:\/\/www.sindilat.com.br\/site\/wp-json\/wp\/v2\/posts"}],"about":[{"href":"https:\/\/www.sindilat.com.br\/site\/wp-json\/wp\/v2\/types\/post"}],"author":[{"embeddable":true,"href":"https:\/\/www.sindilat.com.br\/site\/wp-json\/wp\/v2\/users\/3"}],"replies":[{"embeddable":true,"href":"https:\/\/www.sindilat.com.br\/site\/wp-json\/wp\/v2\/comments?post=4978"}],"version-history":[{"count":1,"href":"https:\/\/www.sindilat.com.br\/site\/wp-json\/wp\/v2\/posts\/4978\/revisions"}],"predecessor-version":[{"id":4980,"href":"https:\/\/www.sindilat.com.br\/site\/wp-json\/wp\/v2\/posts\/4978\/revisions\/4980"}],"wp:featuredmedia":[{"embeddable":true,"href":"https:\/\/www.sindilat.com.br\/site\/wp-json\/wp\/v2\/media\/4979"}],"wp:attachment":[{"href":"https:\/\/www.sindilat.com.br\/site\/wp-json\/wp\/v2\/media?parent=4978"}],"wp:term":[{"taxonomy":"category","embeddable":true,"href":"https:\/\/www.sindilat.com.br\/site\/wp-json\/wp\/v2\/categories?post=4978"},{"taxonomy":"post_tag","embeddable":true,"href":"https:\/\/www.sindilat.com.br\/site\/wp-json\/wp\/v2\/tags?post=4978"}],"curies":[{"name":"wp","href":"https:\/\/api.w.org\/{rel}","templated":true}]}}