{"id":4941,"date":"2020-04-03T21:17:12","date_gmt":"2020-04-03T21:17:12","guid":{"rendered":"http:\/\/www.sindilat.com.br\/site\/?p=4941"},"modified":"2020-04-03T21:20:21","modified_gmt":"2020-04-03T21:20:21","slug":"governo-prorroga-pagamento-de-pis-cofins","status":"publish","type":"post","link":"https:\/\/www.sindilat.com.br\/site\/2020\/04\/03\/governo-prorroga-pagamento-de-pis-cofins\/","title":{"rendered":"Governo prorroga pagamento de PIS\/Cofins"},"content":{"rendered":"<p>O Minist\u00e9rio da Economia publicou, nesta sexta feira (3\/4), a <a href=\"http:\/\/www.in.gov.br\/en\/web\/dou\/-\/portaria-n-139-de-3-de-abril-de-2020-251138204\">portaria n\u00ba 139<\/a>, que prorroga o recolhimento do PIS\/COFINS e da contribui\u00e7\u00e3o previdenci\u00e1ria (INSS) por parte dos empregadores. Os pagamentos, assim como as Declara\u00e7\u00e3o de D\u00e9bitos e Cr\u00e9ditos Tribut\u00e1rios Federais (DCTF) e Escritura\u00e7\u00f5es Fiscais Digitais de Contribui\u00e7\u00f5es (EFD- contribui\u00e7\u00f5es) dos meses de mar\u00e7o e abril de 2020, que inicialmente deveriam ser pagas em abril e maio de 2020, poder\u00e3o agora ser integralizadas em agosto e outubro. A medida foi estabelecida pelo Governo Federal como forma de aliviar o fluxo de caixa das empresas no per\u00edodo de crise causado pela pandemia do coronav\u00edrus. Segundo consultor jur\u00eddico do Sindilat, advogado Mateus Zommer, do escrit\u00f3rio Rafael Pandolfo Advogados Associados, a decis\u00e3o favorece as empresas porque gera um al\u00edvio de caixa. \u201cA decis\u00e3o d\u00e1 um f\u00f4lego para as empresas\u201d conclui.<\/p>\n<p>Os prazos de pagamento do PIS e COFINS ficar\u00e3o da seguinte forma:<br \/>\n\u2022 O per\u00edodo de apura\u00e7\u00e3o 03\/2020, com vencimento original em 24\/04, ficar\u00e1 com vencimento para 25\/08.<br \/>\n\u2022 O per\u00edodo de apura\u00e7\u00e3o 04\/2020, com vencimento original em 25\/05, ficar\u00e1 com vencimento para 23\/10<\/p>\n<p>Quanto ao INSS, o prazo ficar\u00e1 da seguinte forma:<br \/>\n\u2022 O per\u00edodo de apura\u00e7\u00e3o 03\/2020, com vencimento original em 20\/04, ficar\u00e1 com vencimento para 20\/08.<br \/>\n\u2022 O per\u00edodo de apura\u00e7\u00e3o 04\/2020, com vencimento original em 20\/05, ficar\u00e1 com vencimento para 20\/10<\/p>\n<p>O secret\u00e1rio da Receita Federal, Jos\u00e9 Tostes Neto, informou que as al\u00edquotas de IOF sobre opera\u00e7\u00f5es de cr\u00e9dito tamb\u00e9m ficar\u00e3o zeradas por 90 dias, delibera\u00e7\u00e3o que veio por meio do Decreto n\u00ba 10.305\/20. A medida se aplica tamb\u00e9m para opera\u00e7\u00f5es de desconto, inclusive na de aliena\u00e7\u00e3o a empresas de factoring de direitos credit\u00f3rios resultantes de vendas a prazo; opera\u00e7\u00f5es em que h\u00e1 adiantamento a depositante e prorroga\u00e7\u00e3o, renova\u00e7\u00e3o, nova\u00e7\u00e3o, composi\u00e7\u00e3o, consolida\u00e7\u00e3o, confiss\u00e3o de d\u00edvida e neg\u00f3cios assemelhados, de opera\u00e7\u00e3o de cr\u00e9dito em que n\u00e3o haja substitui\u00e7\u00e3o de devedor.<\/p>\n<p>Com informa\u00e7\u00f5es: Exatus<\/p>\n","protected":false},"excerpt":{"rendered":"<p>O Minist\u00e9rio da Economia publicou, nesta sexta feira (3\/4), a portaria n\u00ba 139, que prorroga o recolhimento do PIS\/COFINS e da contribui\u00e7\u00e3o previdenci\u00e1ria (INSS) por parte dos empregadores. Os pagamentos, assim como as Declara\u00e7\u00e3o de D\u00e9bitos e Cr\u00e9ditos Tribut\u00e1rios Federais (DCTF) e Escritura\u00e7\u00f5es Fiscais Digitais de Contribui\u00e7\u00f5es (EFD- contribui\u00e7\u00f5es) dos meses de mar\u00e7o e abril <a href=\"https:\/\/www.sindilat.com.br\/site\/2020\/04\/03\/governo-prorroga-pagamento-de-pis-cofins\/\" class=\"more-link\">...continuar lendo<span class=\"screen-reader-text\"> \"Governo prorroga pagamento de PIS\/Cofins\"<\/span><\/a><\/p>\n","protected":false},"author":3,"featured_media":4942,"comment_status":"open","ping_status":"open","sticky":false,"template":"","format":"standard","meta":{"ngg_post_thumbnail":0,"footnotes":""},"categories":[18,31],"tags":[],"class_list":{"0":"post-4941","1":"post","2":"type-post","3":"status-publish","4":"format-standard","5":"has-post-thumbnail","7":"category-noticias","8":"category-noticias-sindilat-tv","9":"h-entry","10":"hentry","11":"h-as-article"},"_links":{"self":[{"href":"https:\/\/www.sindilat.com.br\/site\/wp-json\/wp\/v2\/posts\/4941","targetHints":{"allow":["GET"]}}],"collection":[{"href":"https:\/\/www.sindilat.com.br\/site\/wp-json\/wp\/v2\/posts"}],"about":[{"href":"https:\/\/www.sindilat.com.br\/site\/wp-json\/wp\/v2\/types\/post"}],"author":[{"embeddable":true,"href":"https:\/\/www.sindilat.com.br\/site\/wp-json\/wp\/v2\/users\/3"}],"replies":[{"embeddable":true,"href":"https:\/\/www.sindilat.com.br\/site\/wp-json\/wp\/v2\/comments?post=4941"}],"version-history":[{"count":2,"href":"https:\/\/www.sindilat.com.br\/site\/wp-json\/wp\/v2\/posts\/4941\/revisions"}],"predecessor-version":[{"id":4944,"href":"https:\/\/www.sindilat.com.br\/site\/wp-json\/wp\/v2\/posts\/4941\/revisions\/4944"}],"wp:featuredmedia":[{"embeddable":true,"href":"https:\/\/www.sindilat.com.br\/site\/wp-json\/wp\/v2\/media\/4942"}],"wp:attachment":[{"href":"https:\/\/www.sindilat.com.br\/site\/wp-json\/wp\/v2\/media?parent=4941"}],"wp:term":[{"taxonomy":"category","embeddable":true,"href":"https:\/\/www.sindilat.com.br\/site\/wp-json\/wp\/v2\/categories?post=4941"},{"taxonomy":"post_tag","embeddable":true,"href":"https:\/\/www.sindilat.com.br\/site\/wp-json\/wp\/v2\/tags?post=4941"}],"curies":[{"name":"wp","href":"https:\/\/api.w.org\/{rel}","templated":true}]}}