{"id":4804,"date":"2020-03-12T20:30:14","date_gmt":"2020-03-12T20:30:14","guid":{"rendered":"http:\/\/www.sindilat.com.br\/site\/?p=4804"},"modified":"2020-03-12T20:31:09","modified_gmt":"2020-03-12T20:31:09","slug":"12-03-2020","status":"publish","type":"post","link":"https:\/\/www.sindilat.com.br\/site\/2020\/03\/12\/12-03-2020\/","title":{"rendered":"12\/03\/2020"},"content":{"rendered":"<div style=\"text-align: center;\"><strong><em><img decoding=\"async\" style=\"width: 643px; height: 89px;\" src=\"http:\/\/cache.mail2easy.com.br\/i\/6186\/3074\" alt=\"\"><\/em><\/strong><\/div>\n<div style=\"text-align: center;\">\n<p><strong><em>Porto Alegre, 12 de mar\u00e7o de 2020<\/em><\/strong><strong><em>&nbsp; &nbsp; &nbsp; &nbsp; &nbsp; &nbsp; &nbsp; &nbsp; &nbsp; &nbsp; &nbsp; &nbsp; &nbsp; &nbsp; &nbsp; &nbsp; &nbsp; &nbsp; &nbsp; &nbsp; &nbsp; &nbsp; &nbsp; Ano 14 - N\u00b0 3.180<\/em><\/strong><img decoding=\"async\" style=\"width: 673px; height: 22px;\" src=\"http:\/\/cache.mail2easy.com.br\/i\/6186\/3078\" alt=\"\"><\/p>\n<p><img decoding=\"async\" src=\"http:\/\/cache.mail2easy.com.br\/i\/6186\/3075\" border=\"0\"><\/p>\n<p style=\"text-align: justify;\"><img decoding=\"async\" style=\"text-align: justify; border-width: 0px; border-style: solid; float: left;\" src=\"http:\/\/cache.mail2easy.com.br\/i\/6186\/3079\"><\/p>\n<div style=\"text-align: justify;\"><strong>\"N\u00e3o \u00e9 retirada da vacina, \u00e9 substitui\u00e7\u00e3o de a\u00e7\u00f5es\"<\/strong><\/div>\n<div style=\"text-align: justify;\">O diretor do Departamento de Sa\u00fade Animal do Minist\u00e9rio da Agricultura, Geraldo Moraes disse hoje, em reuni\u00e3o com representantes das cadeias produtivas do Rio Grande do Sul, que n\u00e3o se trata de retirada da vacina contra a febre aftosa e, sim, de substitui\u00e7\u00e3o de a\u00e7\u00f5es. \"Precisamos trocar a vacina por notifica\u00e7\u00f5es de suspeitas, defesa agropecu\u00e1ria, vigil\u00e2ncia e preven\u00e7\u00e3o\", declarou. Moraes tamb\u00e9m afirmou estar otimista em rela\u00e7\u00e3o \u00e0 inten\u00e7\u00e3o de o estado investir no setor.&nbsp;<\/div>\n<div style=\"text-align: justify;\">O secret\u00e1rio substituto, Luiz Fernando Rodriguez J\u00fanior e a equipe t\u00e9cnica da Secretaria da Agricultura apresentaram a Moraes o andamento das a\u00e7\u00f5es do Plano de A\u00e7\u00e3o para obter a autoriza\u00e7\u00e3o para suspender a vacina. O presidente do Fundesa, Rog\u00e9rio Kerber, pontuou a import\u00e2ncia de todos os setores da iniciativa privada estarem presentes e contribuindo para o avan\u00e7o de status.&nbsp; \"Existe o entendimento de que \u00e9 preciso fortalecer a arrecada\u00e7\u00e3o do Fundesa, e tamb\u00e9m o envolvimento e o comprometimento dos setores produtivos em contribuir neste avan\u00e7o\", pontuou.&nbsp;<\/div>\n<div style=\"text-align: justify;\">For\u00e7as de seguran\u00e7a: Na parte da tarde, foi apresentado \u00e0s for\u00e7as de seguran\u00e7a, Pol\u00edcia Civil, Brigada Militar, Ag\u00eancia Brasileira de Intelig\u00eancia, Pol\u00edcia Rodovi\u00e1ria Federal, Ex\u00e9rcito e Corregedoria Geral de Justi\u00e7a, o plano da Secretaria da Agricultura para o Programa de Vigil\u00e2ncia de Fronteiras - Sentinela.&nbsp;&nbsp;<\/div>\n<div style=\"text-align: justify;\">Segundo Francisco Alves, chefe da Divis\u00e3o de Controle de Informa\u00e7\u00f5es Sanit\u00e1rias da SeapDR, o plano prev\u00ea a\u00e7\u00f5es nas \u00e1reas de fronteira com o Uruguai e Argentina.&nbsp; S\u00e3o 59 munic\u00edpios e 4,5 milh\u00f5es de cabe\u00e7as de gado envolvidas. O trabalho de An\u00e1lise de Redes de Movimenta\u00e7\u00e3o Animal, produzido pela Universidade da Carolina do Norte atrav\u00e9s de conv\u00eanio com o Fundesa foi utilizado para a defini\u00e7\u00e3o dos principais pontos que dever\u00e3o receber a aten\u00e7\u00e3o das autoridades.&nbsp;&nbsp;<\/div>\n<div style=\"text-align: justify;\">Vacina antecipada: A abertura da etapa de vacina\u00e7\u00e3o contra a febre aftosa acontece no dia 16 de mar\u00e7o, se encerrando em 14 de abril. A solenidade oficial de abertura desta que pode ser a \u00faltima etapa de vacina\u00e7\u00e3o do Rio Grande do Sul ocorrer\u00e1 no dia 17, em Gua\u00edba, com a presen\u00e7a do governador Eduardo Leite. (Assessoria de imprensa Fundesa)<\/div>\n<div style=\"text-align: justify;\">&nbsp;<\/div>\n<div style=\"text-align: left;\">\n<div style=\"text-align: justify;\">\n<div style=\"text-align: center;\"><img decoding=\"async\" style=\"text-align: center;\" src=\"http:\/\/cache.mail2easy.com.br\/i\/6186\/3078\" border=\"0\"><\/div>\n<div><strong>Cresce a procura por sistema que permite fazer reuni\u00f5es a dist\u00e2ncia&nbsp;<\/strong><br \/>\n<em>Com a\u00e7\u00f5es negociadas na Nasdaq, a Zoom tem valoriza\u00e7\u00e3o de quase 58% neste ano<\/em><\/div>\n<div>Na medida em que os casos da Covid-19 crescem pelo mundo e companhias suspendem viagens de seus funcion\u00e1rios, tamb\u00e9m aumenta a procura por sistemas de videoconfer\u00eancia. Nas \u00faltimas semanas, empresas como Google, Microsoft, Cisco, BlueJeans, Zoom Video Communications e LogMeIn anunciaram que seus produtos estar\u00e3o dispon\u00edveis de gra\u00e7a, ou com mais recursos que os oferecidos anteriormente.&nbsp;<\/div>\n<div>A ideia \u00e9 ajudar empresas e organiza\u00e7\u00f5es a manterem a produtividade em um cen\u00e1rio de mobilidade restrita. O esfor\u00e7o \u201chumanit\u00e1rio\u201d tamb\u00e9m tende, obviamente, a render dividendos em termos de neg\u00f3cios. Uma vez contido o surto, quem experimentou essa facilidade pode vir a contratar ou ampliar os gastos com esse tipo de tecnologia.&nbsp;<\/div>\n<div>De acordo com o Google, o interesse pelo assunto videoconfer\u00eancia atingiu, na semana passada, o n\u00edvel mais alto dos \u00faltimos 90 dias, com um aumento nas buscas de 34% em todo o mundo. J\u00e1 a express\u00e3o \u201cwork from home\u201d (\u201ctrabalhar de casa\u201d) registrou, nos \u00faltimos sete dias, o maior n\u00famero de buscas dos \u00faltimos tr\u00eas meses. Os EUA lideram as buscas, com Cingapura e \u00cdndia tamb\u00e9m aparecendo na lista dos cinco pa\u00edses com mais interesse no tema.&nbsp;<\/div>\n<div>Desce que anunciou, h\u00e1 cerca de dez dias, que quatro produtos de sua linha GoToMeeting estar\u00e3o dispon\u00edveis gratuitamente por um prazo de 90 dias, a americana LogMeIn viu o uso crescer mais de 20%. Em \u00e1reas mais atingidas, como a \u00c1sia e a It\u00e1lia, o acesso dobrou em rela\u00e7\u00e3o ao uso normal. A BlueJeans viu o tr\u00e1fego quadruplicar na China e triplicar na \u00c1sia como um todo entre o come\u00e7o de janeiro e meados de fevereiro.&nbsp;<\/div>\n<div>Com a\u00e7\u00f5es negociadas na Nasdaq, a Zoom tem sido um destaque positivo em meio \u00e0s turbul\u00eancias do mercado como um todo. Seus pap\u00e9is apresentam uma valoriza\u00e7\u00e3o de quase 58% no acumulado do ano, frente a uma queda de 16% no S&amp;P 500.<br \/>\nSegundo Peter Kodic, diretor comercial para a Am\u00e9rica Latina da LogMeIn, no Brasil ainda n\u00e3o h\u00e1 uma demanda adicional por conta do coronav\u00edrus. A procura continua sendo impulsionada pela ado\u00e7\u00e3o do trabalho remoto. \u201cQuando profissionais mais jovens, que est\u00e3o mais acostumados e s\u00e3o afeitos \u00e0 tecnologia, v\u00e3o chegando a posi\u00e7\u00f5es de gest\u00e3o, o uso avan\u00e7a\u201d, disse. O executivo disse acreditar, entretanto, que o fator coronav\u00edrus tende a entrar na conta nas pr\u00f3ximas semanas com o aumento do n\u00famero de casos registrados no pa\u00eds.&nbsp;<\/div>\n<div>Segundo uma pesquisa da Fortune Business Insights divulgada no fim do ano passado, o mercado global de videoconfer\u00eancia vai mais que dobrar at\u00e9 2026, passando de US$ 3,02 bilh\u00f5es em 2018 para US$ 6,37 bilh\u00f5es. O crescimento tem sido puxado pelas melhorias na qualidade das conex\u00f5es \u00e0 internet, que permitem chamadas mais est\u00e1veis e de melhor resolu\u00e7\u00e3o e tamb\u00e9m pela maior facilidade no uso dos servi\u00e7os - que j\u00e1 n\u00e3o exigem equipamentos ou espa\u00e7os dedicados para serem acessados.&nbsp;<\/div>\n<div>De acordo com Kodic, chamadas de v\u00eddeo de servi\u00e7os gratuitos como WhatsApp e FaceTime, da Apple n\u00e3o representam uma concorr\u00eancia. \u201cQuando voc\u00ea fala em fechar neg\u00f3cios, voc\u00ea precisa de servi\u00e7os mais seguros e est\u00e1veis\u201d, disse. (Valor Econ\u00f4mico)<\/div>\n<div>\n<p><strong>Aprovada proposta que reconhece Expoleite Fenasul como de relevante interesse<\/strong><br \/>\nFoi aprovado na Assembleia Legislativa do Estado do Rio Grande do Sul o Projeto de Lei 488\/2019, de autoria do deputado Rodrigo Lorenzoni, que reconhece como de relevante interesse cultural do Estado a Expoleite Fenasul. A vota\u00e7\u00e3o de plen\u00e1rio foi de 47 votos favor\u00e1veis e nenhum contr\u00e1rio em rela\u00e7\u00e3o ao evento criado e mantido pela Associa\u00e7\u00e3o dos Criadores de Gado Holand\u00eas do Rio Grande do Sul (Gadolando), entrando em vigor imediatamente ap\u00f3s \u00e0 aprova\u00e7\u00e3o.&nbsp;<\/p>\n<\/div>\n<div>A not\u00edcia foi comemorada pelos criadores da ra\u00e7a Holandesa. \"N\u00f3s, do gado holand\u00eas, sempre entendemos o valor da nossa Expoleite que \u00e9 t\u00e3o antiga quanto a Expointer. Para n\u00f3s sempre foi uma feira important\u00edssima e muito voltada pra n\u00f3s criadores. Esta feira de outono sempre esteve no nosso calend\u00e1rio no m\u00eas de maio, sempre esteve na mente do criador ga\u00facho\", destaca o presidente da Gadolando, Marcos Tang.&nbsp;&nbsp;<\/div>\n<div>Com o advento do Projeto de Lei, para Tang, ser\u00e1 mais um atrativo para entidades e empresas do setor participarem da feira, construindo e consolidando cada vez mais o evento junto ao setor e \u00e0 sociedade. \"\u00c9 uma homenagem hist\u00f3rica que se faz a quem sempre trabalhou por essa feira. Ela sempre foi gerida e parida pela Gadolando juntamente com os seus parceiros. Essa ajuda e esse reconhecimento pol\u00edtico administrativo certamente vem para facilitar e para que conseguimos consolidar cada mais a Expoleite Fenasul\", observa.&nbsp;<\/div>\n<div>A Expoleite entrou oficialmente para o calend\u00e1rio de eventos do Governo do Estado em abril de 1977, quando foi declarada exposi\u00e7\u00e3o oficial pelo Decreto n\u00ba 25.405\/1977. Nos anos 2000, a Fenasul foi criada para abrigar todas as ra\u00e7as e eventos participantes. O evento deste ano j\u00e1 tem data marcada: de 13 a 17 de maio no Parque de Exposi\u00e7\u00f5es Assis Brasil, em Esteio (RS).&nbsp; (Agrolink)<\/div>\n<div>&nbsp;<\/div>\n<div style=\"text-align: center;\">&nbsp; &nbsp; &nbsp; &nbsp; &nbsp; &nbsp; &nbsp;<img decoding=\"async\" style=\"text-align: center;\" src=\"http:\/\/cache.mail2easy.com.br\/i\/6186\/3078\" border=\"0\"><\/div>\n<div style=\"text-align: center;\"><em style=\"text-align: center;\"><img decoding=\"async\" src=\"http:\/\/cache.mail2easy.com.br\/i\/6186\/3077\" border=\"0\"><\/em><\/div>\n<div style=\"text-align: center;\"><em><strong>Produtor pode notificar emerg\u00eancias veterin\u00e1rias pela internet<\/strong><br \/>\nProdutores rurais e m\u00e9dicos veterin\u00e1rios podem fazer notifica\u00e7\u00f5es de emerg\u00eancias com animais pela internet, por meio do Sistema Brasileiro de Emerg\u00eancia Veterin\u00e1ria (e-Sisbravet), do Minist\u00e9rio da Agricultura, Pecu\u00e1ria e Abastecimento (Mapa). Como parte do servi\u00e7o veterin\u00e1rio oficial, a Secretaria da Agricultura, Pecu\u00e1ria e Desenvolvimento Rural (Seapdr) fica respons\u00e1vel por ir a campo investigar as notifica\u00e7\u00f5es referentes ao Rio Grande do Sul. \u201cO sistema vem para trazer mais agilidade ao procedimento de notifica\u00e7\u00e3o de suspeitas de doen\u00e7as em animais de produ\u00e7\u00e3o, evitando, assim, que uma doen\u00e7a se propague\u201d, destaca o secret\u00e1rio Covatti Filho. Qualquer cidad\u00e3o pode fazer uma notifica\u00e7\u00e3o, que \u00e9 imediatamente disparada, eletronicamente, para todas as unidades veterin\u00e1rias respons\u00e1veis pela propriedade com os animais sob suspeita. A partir da\u00ed, o servi\u00e7o veterin\u00e1rio local ir\u00e1 a campo, o mais r\u00e1pido poss\u00edvel, para iniciar a investiga\u00e7\u00e3o. O link para o e-Sisbravet est\u00e1 dispon\u00edvel no site da Secretaria da Agricultura. Al\u00e9m deste canal, a Seapdr conta com WhatsApp pr\u00f3prio para estas notifica\u00e7\u00f5es: (51) 98445-2033. (Seapdr)<\/em><\/div>\n<div style=\"text-align: center;\">&nbsp;<em><img decoding=\"async\" src=\"http:\/\/cache.mail2easy.com.br\/i\/6186\/3078\" border=\"0\"><\/em><\/div>\n<\/div>\n<\/div>\n<\/div>\n<p>&nbsp;<\/p>\n","protected":false},"excerpt":{"rendered":"<p>Porto Alegre, 12 de mar\u00e7o de 2020&nbsp; &nbsp; &nbsp; &nbsp; &nbsp; &nbsp; &nbsp; &nbsp; &nbsp; &nbsp; &nbsp; &nbsp; &nbsp; &nbsp; &nbsp; &nbsp; &nbsp; &nbsp; &nbsp; &nbsp; &nbsp; &nbsp; &nbsp; Ano 14 - N\u00b0 3.180 \"N\u00e3o \u00e9 retirada da vacina, \u00e9 substitui\u00e7\u00e3o de a\u00e7\u00f5es\" O diretor do Departamento de Sa\u00fade Animal do Minist\u00e9rio da Agricultura, Geraldo <a href=\"https:\/\/www.sindilat.com.br\/site\/2020\/03\/12\/12-03-2020\/\" class=\"more-link\">...continuar lendo<span class=\"screen-reader-text\"> \"12\/03\/2020\"<\/span><\/a><\/p>\n","protected":false},"author":2,"featured_media":0,"comment_status":"open","ping_status":"open","sticky":false,"template":"","format":"standard","meta":{"ngg_post_thumbnail":0,"footnotes":""},"categories":[28],"tags":[],"class_list":{"0":"post-4804","1":"post","2":"type-post","3":"status-publish","4":"format-standard","6":"category-newsletter","7":"h-entry","8":"hentry","9":"h-as-article"},"_links":{"self":[{"href":"https:\/\/www.sindilat.com.br\/site\/wp-json\/wp\/v2\/posts\/4804","targetHints":{"allow":["GET"]}}],"collection":[{"href":"https:\/\/www.sindilat.com.br\/site\/wp-json\/wp\/v2\/posts"}],"about":[{"href":"https:\/\/www.sindilat.com.br\/site\/wp-json\/wp\/v2\/types\/post"}],"author":[{"embeddable":true,"href":"https:\/\/www.sindilat.com.br\/site\/wp-json\/wp\/v2\/users\/2"}],"replies":[{"embeddable":true,"href":"https:\/\/www.sindilat.com.br\/site\/wp-json\/wp\/v2\/comments?post=4804"}],"version-history":[{"count":1,"href":"https:\/\/www.sindilat.com.br\/site\/wp-json\/wp\/v2\/posts\/4804\/revisions"}],"predecessor-version":[{"id":4805,"href":"https:\/\/www.sindilat.com.br\/site\/wp-json\/wp\/v2\/posts\/4804\/revisions\/4805"}],"wp:attachment":[{"href":"https:\/\/www.sindilat.com.br\/site\/wp-json\/wp\/v2\/media?parent=4804"}],"wp:term":[{"taxonomy":"category","embeddable":true,"href":"https:\/\/www.sindilat.com.br\/site\/wp-json\/wp\/v2\/categories?post=4804"},{"taxonomy":"post_tag","embeddable":true,"href":"https:\/\/www.sindilat.com.br\/site\/wp-json\/wp\/v2\/tags?post=4804"}],"curies":[{"name":"wp","href":"https:\/\/api.w.org\/{rel}","templated":true}]}}