{"id":477,"date":"2015-06-15T20:00:49","date_gmt":"2015-06-15T20:00:49","guid":{"rendered":"http:\/\/www.sindilat.com.br\/site\/2015\/06\/15\/15-06-2015\/"},"modified":"2015-06-15T20:00:49","modified_gmt":"2015-06-15T20:00:49","slug":"15-06-2015","status":"publish","type":"post","link":"https:\/\/www.sindilat.com.br\/site\/2015\/06\/15\/15-06-2015\/","title":{"rendered":"15\/06\/2015"},"content":{"rendered":"<p> <title><\/title> <\/p>\n<div style=\"text-align: center;\"><span style=\"font-family: verdana,geneva,sans-serif;\"><span style=\"font-size: 12px;\"><span style=\"display: none;\">&nbsp;&nbsp;&nbsp;&nbsp;&nbsp;&nbsp;&nbsp;&nbsp;&nbsp;<\/span><\/span><\/span><\/div>\n<div style=\"text-align: center;\"><center style=\"font-family: Arial,Helvetica,sans-serif; font-size: 10px;\"><center style=\"font-family: Arial,Helvetica,sans-serif; font-size: 10px;\"><center style=\"font-family: Arial,Helvetica,sans-serif; font-size: 10px;\"> <\/p>\n<div style=\"text-align: center;\"><a href=\"http:\/\/www.sindilat.com.br\" style=\"font-size: 12px; font-family: verdana, geneva, sans-serif; line-height: 24px;\"><img decoding=\"async\" alt=\"\" src=\"http:\/\/cache.mail2easy.com.br\/i\/6186\/5\" style=\"width: 643px; height: 82px;\" \/><\/a><\/div>\n<p> <\/center><\/center><\/center> <\/p>\n<p>&nbsp;<\/p>\n<p class=\"MsoNormal\"><span style=\"font-size: 12px;\"><span style=\"font-family: tahoma, geneva, sans-serif;\"><b><i>Porto Alegre, 15 de junho de 2015 &nbsp; &nbsp; &nbsp; &nbsp; &nbsp; &nbsp; &nbsp; &nbsp; &nbsp; &nbsp; &nbsp; &nbsp; &nbsp; &nbsp; &nbsp; &nbsp; &nbsp; &nbsp; &nbsp; &nbsp; &nbsp; &nbsp; &nbsp; &nbsp; Ano 9 - N\u00b0 2.060<\/i><\/b><\/span><\/span><\/p>\n<p class=\"MsoNormal\" style=\"text-align: justify;\">&nbsp;<\/p>\n<p class=\"MsoNormal\"><span style=\"font-size: 12px;\"><span style=\"font-family: tahoma, geneva, sans-serif;\"><img decoding=\"async\" border=\"0\" src=\"http:\/\/cache.mail2easy.com.br\/i\/6186\/6\" \/><\/span><\/span><\/p>\n<p class=\"MsoNormal\"><strong style=\"text-align: justify;\"><span face=\"tahoma, geneva, sans-serif\" style=\"font-family: tahoma, geneva, sans-serif;\"><span style=\"font-size: 12px;\"><\/span><\/span><\/strong><span style=\"font-size: 12px;\"><span style=\"font-family: tahoma, geneva, sans-serif;\"><img decoding=\"async\" alt=\"\" src=\"http:\/\/cache.mail2easy.com.br\/i\/6186\/7\" style=\"width: 811px; height: 16px; text-align: justify; font-family: verdana, geneva, sans-serif;\" \/><\/span><\/span><\/p>\n<div style=\"text-align: justify;\"><strong><span style=\"text-decoration: underline;\"><span style=\"font-size: 12px;\"><span style=\"font-family: tahoma, geneva, sans-serif;\"><img decoding=\"async\" alt=\"\" src=\"http:\/\/cache.mail2easy.com.br\/i\/6186\/8\" style=\"width: 53px; height: 34px; float: left;\" \/><\/span><\/span><\/span><\/strong><\/div>\n<div style=\"text-align: justify;\"><strong>Com a palavra, os especialistas<\/strong><\/p>\n<p> Caber\u00e1 a um grupo de 25 especialistas, do Brasil e do exterior, analisar informa\u00e7\u00f5es do levantamento das \u00e1reas de risco de febre aftosa no Rio Grande do Sul. Com os nomes ainda mantidos em sigilo, est\u00e3o entre eles veterin\u00e1rios, servidores p\u00fablicos e pecuaristas, que ir\u00e3o responder a um question\u00e1rio durante a segunda quinzena de junho. O relat\u00f3rio final, a ser entregue at\u00e9 o come\u00e7o de 2016 para o governo ga\u00facho, ir\u00e1 embasar a decis\u00e3o do Estado de optar ou n\u00e3o pela retirada da vacina\u00e7\u00e3o contra a doen\u00e7a.<\/p>\n<p> \"Eles v\u00e3o avaliar as vari\u00e1veis que fazem parte do modelo de risco, dizer se elas est\u00e3o adequadas e qual o peso de cada uma\", explica Diego Viali dos Santos, fiscal federal agropecu\u00e1rio do Minist\u00e9rio da Agricultura e um dos coordenadores da pesquisa, realizada a pedido do Fundo de Desenvolvimento e Defesa Sanit\u00e1ria Animal (Fundesa). Os nomes foram escolhidos por uma t\u00e9cnica conhecida como snowball (em portugu\u00eas, bola de neve).<\/p><\/div>\n<div style=\"text-align: justify;\"> Ou seja, um grupo de especialistas seleciona outros nomes, baseado em uma s\u00e9rie de requisitos. De acordo com Santos, trata-se de um corpo heterog\u00eaneo, com integrantes do Rio Grande do Sul e de outros estados, assim como do Uruguai e da Argentina.<\/div>\n<div style=\"text-align: justify;\">&nbsp;<\/div>\n<div style=\"text-align: justify;\"><img decoding=\"async\" alt=\"\" src=\"http:\/\/cache.mail2easy.com.br\/i\/6186\/1202\" style=\"width: 500px; height: 274px;\" \/><\/p>\n<p> O grupo ter\u00e1 a miss\u00e3o de avaliar um conjunto de 60 vari\u00e1veis, j\u00e1 elencadas, que podem indicar se uma regi\u00e3o corre o risco de apresentar um foco da doen\u00e7a. Entre as principais, est\u00e3o a densidade de bovinos, de su\u00ednos, dist\u00e2ncia da fronteira e movimenta\u00e7\u00e3o de animais. Caber\u00e1 ao grupo t\u00e9cnico conferir o devido peso a cada vari\u00e1vel. Uma esp\u00e9cie de \"m\u00e9dia\" com a opini\u00e3o dos especialistas ir\u00e1 constar no relat\u00f3rio final.<\/p>\n<p> Conforme Santos, o objetivo do estudo \u00e9 colocar \u00e0 disposi\u00e7\u00e3o do Estado uma ferramenta que poder\u00e1 justificar a decis\u00e3o sobre o futuro da vacina\u00e7\u00e3o, apontando as regi\u00f5es onde \u00e9 necess\u00e1rio fortalecer as a\u00e7\u00f5es de defesa sanit\u00e1ria. Para acessar a mat\u00e9ria na \u00edntegra, <a href=\"http:\/\/sindilat.com.br\/index.php\/noticias\/391-com-a-palavra-os-especialistas\">clique aqui<\/a>.<\/div>\n<div style=\"text-align: justify;\">&nbsp;<\/div>\n<div style=\"text-align: justify;\">&nbsp;<\/div>\n<div style=\"text-align: justify;\"><img decoding=\"async\" alt=\"\" src=\"http:\/\/cache.mail2easy.com.br\/i\/6186\/7\" style=\"font-size: 12px; width: 811px; height: 16px; font-family: verdana, geneva, sans-serif;\" \/><\/div>\n<div style=\"text-align: justify;\">\n<div style=\"text-align: justify;\">\n<div>\n<div style=\"text-align: justify;\">&nbsp;<\/div>\n<div style=\"text-align: justify;\"><strong>Avan\u00e7o em bloco ainda distante<\/strong><\/p>\n<p> Embora esteja em discuss\u00e3o pelos estados que comp\u00f5em o Codesul (Rio Grande do Sul, Santa Catarina, Paran\u00e1 e Mato Grosso do Sul), o encaminhamento de um avan\u00e7o sanit\u00e1rio&nbsp;em conjunto \u00e9 visto como dif\u00edcil de ser alcan\u00e7ado segundo o secret\u00e1rio de Agricultura do RS, Ernani Polo, que nesta semana discutiu o tema com seus colegas que comp\u00f5em o Conselho. \"Cada um tem situa\u00e7\u00f5es e realidades diferentes, talvez n\u00e3o seja poss\u00edvel\", considera. Os quatro estados, por\u00e9m, trabalham na elabora\u00e7\u00e3o de um diagn\u00f3stico sobre a situa\u00e7\u00e3o da defesa sanit\u00e1ria em cada territ\u00f3rio. O resultado ser\u00e1 apresentado em 90 dias. Coordenador da Comiss\u00e3o de Agricultura do Codesul, Polo afirma que tamb\u00e9m seria importante que o Minist\u00e9rio da Agricultura envolvesse Uruguai e Argentina na discuss\u00e3o sobre a defesa sanit\u00e1ria, para analisar com estes dois pa\u00edses o poss\u00edvel avan\u00e7o no status.<\/p>\n<p> Para o veterin\u00e1rio Luiz Alberto Pitta Pinheiro, assessor t\u00e9cnico da Farsul, a an\u00e1lise de risco em andamento deve contemplar toda a regi\u00e3o, o que n\u00e3o significa que todos os estados devem tomar posi\u00e7\u00e3o no mesmo momento. Ele ressalta ainda que a mudan\u00e7a no status altera o tr\u00e2nsito de animais, j\u00e1 que na regi\u00e3o que suspende a vacina n\u00e3o poder\u00e3o mais entrar animais vacinados. \"Por outro lado, o setor da suinocultura tem restri\u00e7\u00f5es de mercado pelo uso da vacina nos bovinos\", pondera. Para ler a mat\u00e9ria na \u00edntegra, <a href=\"http:\/\/sindilat.com.br\/index.php\/noticias\/392-avanco-em-bloco-ainda-distante\">clique aqui<\/a><\/div>\n<div style=\"text-align: justify;\">&nbsp;<\/div>\n<div style=\"text-align: justify;\">&nbsp;<\/div>\n<div style=\"text-align: justify;\"> <strong>Auditoria em meio a controv\u00e9rsia<\/strong><\/p>\n<p> Se no Rio Grande do Sul a decis\u00e3o sobre a retirada da vacina ainda est\u00e1 longe de ser tomada, no Paran\u00e1 a auditoria de t\u00e9cnicos do Minist\u00e9rio da Agricultura j\u00e1 est\u00e1 em andamento. Com um rebanho de 9,1 milh\u00f5es de cabe\u00e7as, o Estado ir\u00e1 passar por um \"pente fino\" antes de formalizar o avan\u00e7o do status sanit\u00e1rio \u00e0 Organiza\u00e7\u00e3o Mundial para a Sa\u00fade Animal (OIE). \"Eles (t\u00e9cnicos do minist\u00e9rio) est\u00e3o vindo aqui avaliar a condi\u00e7\u00e3o do Paran\u00e1 no controle da fiscaliza\u00e7\u00e3o do tr\u00e2nsito, na reforma dos nossos postos, fiscaliza\u00e7\u00e3o volante e recursos humanos\", explica o diretor da Ag\u00eancia de Defesa Agropecu\u00e1ria do Paran\u00e1, Adriano Riesemberg. Uma segunda etapa da auditoria ser\u00e1 feita em setembro. Se tudo correr bem, a estimativa do Paran\u00e1 \u00e9 de que at\u00e9 2017 o Estado tenha em m\u00e3os o certificado de livre de aftosa sem vacina\u00e7\u00e3o.<\/p>\n<p> <img decoding=\"async\" alt=\"\" src=\"http:\/\/cache.mail2easy.com.br\/i\/6186\/1203\" style=\"text-align: justify; width: 500px; height: 341px;\" \/><\/p>\n<p> Conforme Riesemberg, os tr\u00eas estados da regi\u00e3o Sul est\u00e3o em uma mesma situa\u00e7\u00e3o sanit\u00e1ria e seria interessante que compartilhassem o status. Por\u00e9m, os estados que mais preocupam s\u00e3o Mato Grosso do Sul e S\u00e3o Paulo, que embarcam mais terneiros para o territ\u00f3rio paranaense. Para ler a mat\u00e9ria na \u00edntegra, <a href=\"http:\/\/sindilat.com.br\/index.php\/noticias\/393-auditoria-em-meio-a-controversia\">clique aqui<\/a><\/div>\n<div style=\"text-align: justify;\"> <img decoding=\"async\" alt=\"\" src=\"http:\/\/cache.mail2easy.com.br\/i\/6186\/7\" style=\"text-indent: 42.55pt; line-height: 13.5pt; font-size: 12px; width: 803px; height: 16px; font-family: verdana, geneva, sans-serif;\" \/><\/div>\n<\/p><\/div>\n<\/p><\/div>\n<\/p><\/div>\n<div style=\"text-align: center;\">\n<div style=\"text-align: center;\"><img decoding=\"async\" alt=\"\" src=\"http:\/\/cache.mail2easy.com.br\/i\/6186\/9\" style=\"font-size: 12px; width: 231px; height: 30px; font-family: verdana, geneva, sans-serif;\" \/><\/div>\n<div style=\"text-align: center;\"><em>Receita ficou abaixo do esperado<br \/> A Secretaria Estadual da Fazenda est\u00e1 realizando reuni\u00f5es di\u00e1rias para acompanhar a movimenta\u00e7\u00e3o do fluxo de caixa. No primeiro quadrimestre do ano, a receita ficou abaixo do estimado. O ingresso de recursos sem contabilizar opera\u00e7\u00f5es de cr\u00e9dito, mas apenas de tributos como ICMS e IPVA, ficou em cerca de R$ 13,1 bilh\u00f5es, R$ 1,8 bilh\u00e3o inferior ao esperado. A estimativa era de que o valor atingisse R$ 14,9 bilh\u00f5es.<\/em><\/div>\n<div style=\"text-align: center;\">&nbsp;<\/div>\n<div style=\"text-align: center;\">&nbsp;<\/div>\n<\/p><\/div>\n<\/p><\/div>\n<p> <center style=\"font-family: Arial,Helvetica,sans-serif; font-size: 10px;\"><center style=\"font-family: Arial,Helvetica,sans-serif; font-size: 10px;\"> <\/p>\n<p style=\"text-align: center;\"><span style=\"display: none;\">&nbsp; <\/span><\/p>\n<p> <\/center><\/center> <\/p>\n<div style=\"text-align: center;\"><span style=\"font-size: 12px;\"><span style=\"font-family: tahoma, geneva, sans-serif;\"><span style=\"display: none;\">&nbsp;&nbsp;&nbsp;&nbsp; <\/span><\/span><\/span><\/div>\n<div style=\"text-align: center;\"><span style=\"font-family: verdana,geneva,sans-serif;\"><span style=\"font-size: 12px;\"><span id=\"cke_bm_97E\" style=\"display: none;\"><\/span><span id=\"cke_bm_503E\" style=\"display: none;\"><\/span><\/span><\/span><\/div>\n<p>&nbsp;<\/p>\n","protected":false},"excerpt":{"rendered":"<p>&nbsp;&nbsp;&nbsp;&nbsp;&nbsp;&nbsp;&nbsp;&nbsp;&nbsp; &nbsp; Porto Alegre, 15 de junho de 2015 &nbsp; &nbsp; &nbsp; &nbsp; &nbsp; &nbsp; &nbsp; &nbsp; &nbsp; &nbsp; &nbsp; &nbsp; &nbsp; &nbsp; &nbsp; &nbsp; &nbsp; &nbsp; &nbsp; &nbsp; &nbsp; &nbsp; &nbsp; &nbsp; Ano 9 - N\u00b0 2.060 &nbsp; Com a palavra, os especialistas Caber\u00e1 a um grupo de 25 especialistas, do Brasil e do <a href=\"https:\/\/www.sindilat.com.br\/site\/2015\/06\/15\/15-06-2015\/\" class=\"more-link\">...continuar lendo<span class=\"screen-reader-text\"> \"15\/06\/2015\"<\/span><\/a><\/p>\n","protected":false},"author":1,"featured_media":0,"comment_status":"open","ping_status":"open","sticky":false,"template":"","format":"standard","meta":{"ngg_post_thumbnail":0,"footnotes":""},"categories":[28],"tags":[],"class_list":{"0":"post-477","1":"post","2":"type-post","3":"status-publish","4":"format-standard","6":"category-newsletter","7":"h-entry","8":"hentry","9":"h-as-article"},"_links":{"self":[{"href":"https:\/\/www.sindilat.com.br\/site\/wp-json\/wp\/v2\/posts\/477","targetHints":{"allow":["GET"]}}],"collection":[{"href":"https:\/\/www.sindilat.com.br\/site\/wp-json\/wp\/v2\/posts"}],"about":[{"href":"https:\/\/www.sindilat.com.br\/site\/wp-json\/wp\/v2\/types\/post"}],"author":[{"embeddable":true,"href":"https:\/\/www.sindilat.com.br\/site\/wp-json\/wp\/v2\/users\/1"}],"replies":[{"embeddable":true,"href":"https:\/\/www.sindilat.com.br\/site\/wp-json\/wp\/v2\/comments?post=477"}],"version-history":[{"count":0,"href":"https:\/\/www.sindilat.com.br\/site\/wp-json\/wp\/v2\/posts\/477\/revisions"}],"wp:attachment":[{"href":"https:\/\/www.sindilat.com.br\/site\/wp-json\/wp\/v2\/media?parent=477"}],"wp:term":[{"taxonomy":"category","embeddable":true,"href":"https:\/\/www.sindilat.com.br\/site\/wp-json\/wp\/v2\/categories?post=477"},{"taxonomy":"post_tag","embeddable":true,"href":"https:\/\/www.sindilat.com.br\/site\/wp-json\/wp\/v2\/tags?post=477"}],"curies":[{"name":"wp","href":"https:\/\/api.w.org\/{rel}","templated":true}]}}