{"id":4753,"date":"2020-02-27T20:08:49","date_gmt":"2020-02-27T20:08:49","guid":{"rendered":"http:\/\/www.sindilat.com.br\/site\/?p=4753"},"modified":"2020-02-27T20:08:49","modified_gmt":"2020-02-27T20:08:49","slug":"27-02-2020","status":"publish","type":"post","link":"https:\/\/www.sindilat.com.br\/site\/2020\/02\/27\/27-02-2020\/","title":{"rendered":"27\/02\/2020"},"content":{"rendered":"<p>&nbsp;<\/p>\n<div style=\"text-align: center;\">&nbsp;<\/div>\n<div style=\"text-align: center;\"><strong><em><img decoding=\"async\" style=\"width: 643px; height: 89px;\" src=\"http:\/\/cache.mail2easy.com.br\/i\/6186\/3074\" alt=\"\"><\/em><\/strong><\/div>\n<div style=\"text-align: center;\">\n<p><strong><em>Porto Alegre, 27 de fevereiro de 2020<\/em><\/strong><strong><em>&nbsp; &nbsp; &nbsp; &nbsp; &nbsp; &nbsp; &nbsp; &nbsp; &nbsp; &nbsp; &nbsp; &nbsp; &nbsp; &nbsp; &nbsp; &nbsp; &nbsp; &nbsp; &nbsp; &nbsp; &nbsp; &nbsp; &nbsp; Ano 14 - N\u00b0 3.172<\/em><\/strong><img decoding=\"async\" style=\"width: 673px; height: 22px;\" src=\"http:\/\/cache.mail2easy.com.br\/i\/6186\/3078\" alt=\"\"><\/p>\n<p><img decoding=\"async\" src=\"http:\/\/cache.mail2easy.com.br\/i\/6186\/3075\" border=\"0\"><\/p>\n<p style=\"text-align: justify;\"><img decoding=\"async\" style=\"text-align: justify; border-width: 0px; border-style: solid; float: left;\" src=\"http:\/\/cache.mail2easy.com.br\/i\/6186\/3079\"><\/p>\n<div style=\"text-align: justify;\"><strong>Argentina deve taxar mais exporta\u00e7\u00e3o de soja<\/strong>&nbsp;<\/div>\n<div style=\"text-align: justify;\">O governo argentino fechou ontem o registro de exporta\u00e7\u00f5es agr\u00edcolas. A medida sinaliza iminente alta de 30% a 33% do imposto sobre exporta\u00e7\u00f5es da soja e derivados&nbsp;<\/div>\n<div style=\"text-align: justify;\">O governo argentino fechou ontem o registro de exporta\u00e7\u00f5es agr\u00edcolas. A medida sinaliza iminente alta de 30% a 33% do imposto sobre exporta\u00e7\u00f5es da soja e derivados. O clima \u00e9 de tens\u00e3o entre o governo e o agroneg\u00f3cio, com amea\u00e7as de locaute - quando produtores suspendem a venda de seus produtos como forma de fazer press\u00e3o.&nbsp;<\/div>\n<div style=\"text-align: justify;\">Os rumores de aumento do impostos come\u00e7aram na semana passada. O ministro de Agricultura, Luis Basterra, convocou ent\u00e3o l\u00edderes das principais entidades do setor para uma reuni\u00e3o hoje.<br \/>\nMas o fechamento das exporta\u00e7\u00f5es ontem surpreendeu representantes do setor. A Confedera\u00e7\u00e3o Rural Argentina (CRA) acusou o governo de ter cometido \u201cuma nova trai\u00e7\u00e3o\u201d ao setor. Em nota, a entidade disse que o fechamento das exporta\u00e7\u00f5es foi decidido sem nenhuma consulta e \u201cdeixa uma profunda sensa\u00e7\u00e3o de engano\u201d.&nbsp;<\/div>\n<div style=\"text-align: justify;\">Na campanha eleitoral do ano passado, o presidente Alberto Fern\u00e1ndez prometeu ao setor \u201cn\u00e3o repetir os erros do passado\u201d, em refer\u00eancia ao governo kirchnerista [2003-2015] que taxou fortemente as exporta\u00e7\u00f5es. (Valor Econ\u00f4mico)<\/div>\n<div style=\"text-align: justify;\">&nbsp;<\/div>\n<div style=\"text-align: left;\">\n<div style=\"text-align: justify;\">\n<div style=\"text-align: center;\"><img decoding=\"async\" style=\"text-align: center; width: 673px; height: 22px;\" src=\"http:\/\/cache.mail2easy.com.br\/i\/6186\/3078\" alt=\"\"><\/div>\n<div>\n<div><strong>O coronav\u00edrus impacta na cadeia l\u00e1ctea chinesa<\/strong><br \/>\nL\u00e1cteos \u2013 O coronav\u00edrus est\u00e1 afetando a economia chinesa, e pelo peso que esta tem no mercado mundial, os efeitos atingem v\u00e1rios pontos do mundo. Os l\u00e1cteos n\u00e3o escapam dessa situa\u00e7\u00e3o. Sandy Chen, analista s\u00eanior de l\u00e1cteos do Rabobank, analisou os poss\u00edveis efeitos no mercado mundial de produtos l\u00e1cteos, e que eles n\u00e3o podem ser ignorados.&nbsp;<\/div>\n<div>\n<p>\u201cO impacto da epidemia na demanda de produtos l\u00e1cteos deveria ser de curto prazo\u201d, mas, advertiu que \u201ca incerteza sobre a dura\u00e7\u00e3o real do impacto e o persistente reflexo psicol\u00f3gico poder\u00e3o ocasionar danos significativos ao consumo, que longo afeta o processamento, a produ\u00e7\u00e3o e a importa\u00e7\u00e3o\u201d.<br \/>\n&nbsp;<br \/>\nOs produtos l\u00e1cteos, que tradicionalmente s\u00e3o comprados para eventos comemorativos foram afetados gravemente. O Rabobank estima que, em 30 dias, o impacto do coronav\u00edrus poder\u00e1 representar redu\u00e7\u00e3o de 2 a 4% no consumo de leite fluido na China.<br \/>\n&nbsp;<br \/>\nTamb\u00e9m, se for levado em considera\u00e7\u00e3o que o consumo de queijos na China \u00e9 atrav\u00e9s dos canais de servi\u00e7os de alimentos, o Rabobank entende que em 30 dias as importa\u00e7\u00f5es poder\u00e3o ter redu\u00e7\u00e3o de 5%.<\/p>\n<p>Chen disse que a capta\u00e7\u00e3o de leite cru e o reabastecimento dos processadores ficaram atrasados em decorr\u00eancia dos r\u00edgidos controles e escassez de m\u00e3o de obra depois do Ano Novo Chin\u00eas.<\/p>\n<p>Ao n\u00edvel das fazendas, s\u00e3o os estabelecimentos pequenos e m\u00e9dios que sofrem os maiores golpes.<br \/>\n&nbsp;<br \/>\nO governo alerta sobre a import\u00e2ncia de se manter a oferta de alimentos est\u00e1vel, em termos de produ\u00e7\u00e3o, distribui\u00e7\u00e3o e log\u00edstica, o que pode exercer maior press\u00e3o, do que o habitual, sobre o pre\u00e7o dos l\u00e1cteos.<\/p>\n<p>Chen disse que em 2019 a China importou quase 670.000 toneladas de leite em p\u00f3 integral (+30%), e um recorde de 340.000 toneladas de leite em p\u00f3 desnatado (+23%). Inicialmente, o Rabobank esperava que as importa\u00e7\u00f5es da China no primeiro semestre de 2020 cairiam 3% e cresceriam 1% durante todo o ano.<br \/>\n&nbsp;<br \/>\nMas, o coronav\u00edrus imp\u00f4s mudan\u00e7as no progn\u00f3stico do Rabobank, que agora projeta um 2020 com queda de 1% na demanda total de l\u00e1cteos, podendo representar potencial redu\u00e7\u00e3o de 11% nas importa\u00e7\u00f5es. Se a demanda total de l\u00e1cteos cair 5%, as importa\u00e7\u00f5es poder\u00e3o ser 25% menores em 2020.<br \/>\n&nbsp;<br \/>\nE faz uma advert\u00eancia: \u201co grande impacto no servi\u00e7o de alimentos, os efeitos colaterais poder\u00e3o impulsionar os exportadores desse segmento a mudar parte da produ\u00e7\u00e3o de queijo, manteiga e creme para leite em p\u00f3 integral e desnatado, o que resultaria em maiores estoques no mercado mundial\u201d.<br \/>\n&nbsp;<br \/>\nO diretor do mercado de l\u00e1cteos da consultoria INTK FCStone, Nate Donnay, lembrou que nos pr\u00f3ximos 12 meses os l\u00e1cteos chineses poder\u00e3o ter uma queda de 3 a 10% nos pre\u00e7os devido ao coronav\u00edrus. (Todo El Campo)<\/p>\n<\/div>\n<div>&nbsp;<\/div>\n<div>\n<p><strong>GO: \u00edndice de pre\u00e7os da cesta de derivados l\u00e1cteos apresentou queda de 1,3%<\/strong><br \/>\nO Boletim de mercado do setor l\u00e1cteo goiano tem como objetivo apresentar os resultados do \u00edndice de pre\u00e7os da cesta de derivados l\u00e1cteos definida pela C\u00e2mara T\u00e9cnica e de Concilia\u00e7\u00e3o da Cadeia L\u00e1ctea de Goi\u00e1s. A seguir, s\u00e3o apresentados os resultados para o m\u00eas de refer\u00eancia de fevereiro e que foram levados \u00e0 reuni\u00e3o deliberativa da c\u00e2mara t\u00e9cnica no dia 27 de fevereiro de 2020.<\/p>\n<p><img decoding=\"async\" style=\"width: 500px; height: 188px;\" src=\"http:\/\/cache.mail2easy.com.br\/i\/6186\/3976\" alt=\"\"><\/p>\n<p>No m\u00eas de fevereiro, a ind\u00fastria de latic\u00ednios do estado de Goi\u00e1s teve uma redu\u00e7\u00e3o do pre\u00e7o m\u00e9dio da sua cesta de derivados l\u00e1cteos, comparado com o m\u00eas anterior1. As baixas nos pre\u00e7os m\u00e9dios foram observadas para o leite UHT, queijo mu\u00e7arela e creme de leite a granel que ca\u00edram, respectivamente, \u22121,22%, \u22123,21% e \u22125,5%. Por outro lado, os pre\u00e7os m\u00e9dios do leite em p\u00f3 e do leite condensado aumentaram 1,03% e 1,63%, respectivamente.<br \/>\n&nbsp;<br \/>\nCom base nessas varia\u00e7\u00f5es individuais, o \u00edndice da cesta de derivados l\u00e1cteos teve uma varia\u00e7\u00e3o total ponderada de \u22121,30%, indicando, portanto, uma tend\u00eancia de queda para o pre\u00e7o do leite in natura, comercializado no pr\u00f3ximo m\u00eas.<\/p>\n<\/div>\n<div>Obs: Os pre\u00e7os do leite condensado se referem aos meses de dezembro e janeiro, respectivamente. Essa defasagem ocorre porque a pesquisa de pre\u00e7os do leite condensado possui periodicidade mensal e os valores s\u00e3o divulgados apenas na \u00faltima semana do m\u00eas de refer\u00eancia. (As informa\u00e7\u00f5es s\u00e3o da Secretaria de Estado de Agricultura, Pecu\u00e1ria e Abastecimento de Goi\u00e1s e do Instituto Mauro Borges)<\/div>\n<div>&nbsp;<\/div>\n<\/div>\n<div style=\"text-align: center;\"><img decoding=\"async\" style=\"text-align: center;\" src=\"http:\/\/cache.mail2easy.com.br\/i\/6186\/3078\" border=\"0\"><\/div>\n<div style=\"text-align: center;\"><em style=\"text-align: center;\"><img decoding=\"async\" src=\"http:\/\/cache.mail2easy.com.br\/i\/6186\/3077\" border=\"0\"><\/em><\/div>\n<div style=\"text-align: center;\"><em><strong>PIB \u2013 Expans\u00e3o pode chegar a 4,1%<\/strong><br \/>\nO Instituto de Pesquisa Econ\u00f4mica Aplicada (Ipea) estima crescer de at\u00e9 4,1% para o Produto Interno Bruto do Setor agropecu\u00e1rio em 2020. Os melhores desempenhos ser\u00e3o do caf\u00e9 (13,1%), da soja (8,7%) e da Suinocultura (4,5%). O c\u00e1lculo usou os progn\u00f3sticos de safra do Instituto Brasileiro de Geografia (IBGE) e da Companhia Nacional de Abastecimento (Conab)<\/em><\/div>\n<div style=\"text-align: center;\">&nbsp;<\/div>\n<div style=\"text-align: center;\"><em><img decoding=\"async\" src=\"http:\/\/cache.mail2easy.com.br\/i\/6186\/3078\" border=\"0\"><\/em><\/div>\n<\/div>\n<\/div>\n<\/div>\n<p>&nbsp;<\/p>\n","protected":false},"excerpt":{"rendered":"<p>&nbsp; &nbsp; Porto Alegre, 27 de fevereiro de 2020&nbsp; &nbsp; &nbsp; &nbsp; &nbsp; &nbsp; &nbsp; &nbsp; &nbsp; &nbsp; &nbsp; &nbsp; &nbsp; &nbsp; &nbsp; &nbsp; &nbsp; &nbsp; &nbsp; &nbsp; &nbsp; &nbsp; &nbsp; Ano 14 - N\u00b0 3.172 Argentina deve taxar mais exporta\u00e7\u00e3o de soja&nbsp; O governo argentino fechou ontem o registro de exporta\u00e7\u00f5es agr\u00edcolas. A medida <a href=\"https:\/\/www.sindilat.com.br\/site\/2020\/02\/27\/27-02-2020\/\" class=\"more-link\">...continuar lendo<span class=\"screen-reader-text\"> \"27\/02\/2020\"<\/span><\/a><\/p>\n","protected":false},"author":2,"featured_media":0,"comment_status":"open","ping_status":"open","sticky":false,"template":"","format":"standard","meta":{"ngg_post_thumbnail":0,"footnotes":""},"categories":[28],"tags":[],"class_list":{"0":"post-4753","1":"post","2":"type-post","3":"status-publish","4":"format-standard","6":"category-newsletter","7":"h-entry","8":"hentry","9":"h-as-article"},"_links":{"self":[{"href":"https:\/\/www.sindilat.com.br\/site\/wp-json\/wp\/v2\/posts\/4753","targetHints":{"allow":["GET"]}}],"collection":[{"href":"https:\/\/www.sindilat.com.br\/site\/wp-json\/wp\/v2\/posts"}],"about":[{"href":"https:\/\/www.sindilat.com.br\/site\/wp-json\/wp\/v2\/types\/post"}],"author":[{"embeddable":true,"href":"https:\/\/www.sindilat.com.br\/site\/wp-json\/wp\/v2\/users\/2"}],"replies":[{"embeddable":true,"href":"https:\/\/www.sindilat.com.br\/site\/wp-json\/wp\/v2\/comments?post=4753"}],"version-history":[{"count":1,"href":"https:\/\/www.sindilat.com.br\/site\/wp-json\/wp\/v2\/posts\/4753\/revisions"}],"predecessor-version":[{"id":4754,"href":"https:\/\/www.sindilat.com.br\/site\/wp-json\/wp\/v2\/posts\/4753\/revisions\/4754"}],"wp:attachment":[{"href":"https:\/\/www.sindilat.com.br\/site\/wp-json\/wp\/v2\/media?parent=4753"}],"wp:term":[{"taxonomy":"category","embeddable":true,"href":"https:\/\/www.sindilat.com.br\/site\/wp-json\/wp\/v2\/categories?post=4753"},{"taxonomy":"post_tag","embeddable":true,"href":"https:\/\/www.sindilat.com.br\/site\/wp-json\/wp\/v2\/tags?post=4753"}],"curies":[{"name":"wp","href":"https:\/\/api.w.org\/{rel}","templated":true}]}}