{"id":4732,"date":"2020-02-21T18:08:14","date_gmt":"2020-02-21T18:08:14","guid":{"rendered":"http:\/\/www.sindilat.com.br\/site\/?p=4732"},"modified":"2020-02-21T18:25:14","modified_gmt":"2020-02-21T18:25:14","slug":"21-02-2020","status":"publish","type":"post","link":"https:\/\/www.sindilat.com.br\/site\/2020\/02\/21\/21-02-2020\/","title":{"rendered":"21\/02\/2020"},"content":{"rendered":"<p><strong><em><img decoding=\"async\" style=\"width: 643px; height: 89px;\" src=\"http:\/\/cache.mail2easy.com.br\/i\/6186\/3074\" alt=\"\"><\/em><\/strong><\/p>\n<div style=\"text-align: center;\">\n<p><strong><em>Porto Alegre, 21 de fevereiro de 2020<\/em><\/strong><strong><em>&nbsp; &nbsp; &nbsp; &nbsp; &nbsp; &nbsp; &nbsp; &nbsp; &nbsp; &nbsp; &nbsp; &nbsp; &nbsp; &nbsp; &nbsp; &nbsp; &nbsp; &nbsp; &nbsp; &nbsp; &nbsp; &nbsp; &nbsp; Ano 14 - N\u00b0 3.170<\/em><\/strong><img decoding=\"async\" style=\"width: 673px; height: 22px;\" src=\"http:\/\/cache.mail2easy.com.br\/i\/6186\/3078\" alt=\"\"><\/p>\n<p><img decoding=\"async\" src=\"http:\/\/cache.mail2easy.com.br\/i\/6186\/3075\" border=\"0\"><\/p>\n<p style=\"text-align: justify;\"><img decoding=\"async\" style=\"text-align: justify; border-width: 0px; border-style: solid; float: left;\" src=\"http:\/\/cache.mail2easy.com.br\/i\/6186\/3079\"><\/p>\n<div style=\"text-align: justify;\"><strong>Carlos Joel \u00e9 empossado presidente da Fetag-RS para 2020\/2024<\/strong><\/div>\n<div style=\"text-align: justify;\"><img decoding=\"async\" style=\"width: 1280px; height: 960px;\" src=\"http:\/\/cache.mail2easy.com.br\/i\/6186\/3974\" alt=\"\"><\/div>\n<div style=\"text-align: justify;\"><em>Foto: Let\u00edcia Breda<\/em><\/div>\n<div style=\"text-align: justify;\">&nbsp;<\/div>\n<div style=\"text-align: justify;\">O presidente reeleito da Federa\u00e7\u00e3o dos Trabalhadores na Agricultura (Fetag-RS), Carlos Joel da Silva, foi empossado nesta sexta-feira (21\/02) para assumir a entidade na gest\u00e3o 2020\/2024. A cerim\u00f4nia foi realizada na sede da federa\u00e7\u00e3o, em Porto Alegre, e contou com a presen\u00e7a de autoridades pol\u00edticas, como o governador Eduardo Leite, o secret\u00e1rio da Agricultura Familiar e Cooperativismo do Minist\u00e9rio da Agricultura Pecu\u00e1ria e Abastecimento (MAPA), Fernando Schwanke, o secret\u00e1rio da Agricultura do Estado, Covatti Filho, o senador Luis Carlos Heinze, o deputado federal Heitor Schuch, o deputado federal Jer\u00f4nimo Goergen, o deputado estadual Elton Weber, o prefeito de Porto Alegre, Nelson Marchezan, entre outras. O Sindilat esteve representado pelo diretor tesoureiro, Jeferson Smaniotto e o pelo secret\u00e1rio-executivo, Darlan Palharini. Al\u00e9m disso, ainda estiveram presentes representantes das Cooperativa Pi\u00e1 e Languiru, agricultores ga\u00fachos e jornalistas.<\/div>\n<div style=\"text-align: justify;\">Durante seu discurso de posse, Silva destacou que os agricultores est\u00e3o vivendo a d\u00e9cada das Na\u00e7\u00f5es Unidas para a agricultura familiar, o que representa a import\u00e2ncia e visibilidade que a categoria vem conquistando no mundo. \u201cO Brasil e o mundo est\u00e3o voltando sua aten\u00e7\u00e3o para o espa\u00e7o dos agricultores familiares na sociedade\u201d, afirmou. Para o presidente, o agricultor est\u00e1 produzindo cada vez mais, mas ainda existem problemas. \u201cPrecisamos de um olhar para o futuro\u201d, refor\u00e7ou.&nbsp;<\/div>\n<div style=\"text-align: justify;\">Para o Sindilat, a Fetag e o sindicato cultivam um importante relacionamento em prol da produ\u00e7\u00e3o de leite, parceria que foi utilizada em diversos momentos da \u00faltima gest\u00e3o. \u201cAcreditamos no trabalho do presidente reeleito Carlos Joel da Silva e estaremos ao lado da Fetag para seguir trilhando um caminho de crescimento em prol do agroneg\u00f3cio ga\u00facho\u201d, destacou Smaniotto. (Assessoria de Imprensa Sindilat)<\/div>\n<div style=\"text-align: left;\">\n<div style=\"text-align: justify;\">\n<div style=\"text-align: center;\"><img decoding=\"async\" style=\"text-align: center; width: 673px; height: 22px;\" src=\"http:\/\/cache.mail2easy.com.br\/i\/6186\/3078\" alt=\"\"><\/div>\n<div>\n<div>&nbsp;<\/div>\n<div><strong>Conseleite\/SC<\/strong><\/div>\n<div>A diretoria do Conseleite Santa Catarina reunida no dia 21 de Fevereiro de 2020 na cidade de Chapec\u00f3, atendendo os dispositivos disciplinados no artigo 15 do seu Estatuto, inciso I, aprova e divulga os valores de refer\u00eancia da mat\u00e9ria-prima leite, realizados no m\u00eas de Janeiro e a proje\u00e7\u00e3o dos valores de refer\u00eancia para o m\u00eas de Fevereiro de 2020. Os valores divulgados compreendem os pre\u00e7os de refer\u00eancia para o leite padr\u00e3o, bem como o maior e menor valor de refer\u00eancia, de acordo com os par\u00e2metros de \u00e1gio e des\u00e1gio em rela\u00e7\u00e3o ao Leite Padr\u00e3o, calculados segundo metodologia definida pelo Conseleite-Santa Catarina.<\/div>\n<div>&nbsp;<\/div>\n<div>VALORES DE REFER\u00caNCIA1 DA MAT\u00c9RIA-PRIMA (LEITE)<\/div>\n<div><img decoding=\"async\" style=\"width: 1438px; height: 342px;\" src=\"http:\/\/cache.mail2easy.com.br\/i\/6186\/3972\" alt=\"\"><img decoding=\"async\" style=\"width: 1390px; height: 311px;\" src=\"http:\/\/cache.mail2easy.com.br\/i\/6186\/3973\" alt=\"\"><\/div>\n<div>1 - Valor, em R$\/litro, para o leite posto propriedade com Funrural incluso.<\/div>\n<div>Per\u00edodos de apura\u00e7\u00e3o<\/div>\n<div>M\u00eas de Dezembro\/2019: De 02\/12\/2019 a 29\/12\/2019<\/div>\n<div>M\u00eas de Janeiro\/2020: De 30\/12\/2019 a 02\/02\/2020<\/div>\n<div>Dec\u00eandio de Fevereiro\/2020: De 03\/02 a 16\/02\/2020<\/div>\n<div>O leite padr\u00e3o \u00e9 aquele que cont\u00e9m entre 3,50 e 3,59% de gordura, entre 3,11 e 3,15% de prote\u00edna, entre 450 e 499 mil c\u00e9lulas som\u00e1ticas\/ml e 251 a 300 mil ufc\/ml de contagem bacteriana e volume individual entregue de at\u00e9 50 litros\/dia. O Conseleite Santa Catarina n\u00e3o precifica leites com qualidades inferiores ao leite abaixo do padr\u00e3o. (Conseleite\/SC)<\/div>\n<div>&nbsp;<\/div>\n<div>&nbsp;<\/div>\n<div><strong>Consumo de l\u00e1cteos reduz a apneia do sono<\/strong><br \/>\nOs alimentos l\u00e1cteos desempenham um papel importante na melhoria do sono. E agora, um relat\u00f3rio recente, publicado no Journal of Advances in Dairy Research, aponta que o leite e seus derivados podem reduzir a quantidade de interrup\u00e7\u00f5es respirat\u00f3rias de uma pessoa durante o repouso, dist\u00farbio conhecido como apneia do sono.<\/div>\n<div>&nbsp;<\/div>\n<div>Nos Estados Unidos, entre 3% e 7% da popula\u00e7\u00e3o sofrem com a apneia do sono, que \u00e9 considerada um fator de risco para o desenvolvimento de doen\u00e7as cardiovasculares, hipertens\u00e3o e diabetes tipo 2. Identificar quais alimentos tornam a apneia do sono melhor ou pior poderia ter efeitos positivos no desenvolvimento dessas doen\u00e7as cr\u00f4nicas.<\/div>\n<div>A dieta e o sono de mais de 100 pessoas foram estudados. Os especialistas realizaram a medi\u00e7\u00e3o do n\u00famero de interrup\u00e7\u00f5es respirat\u00f3rias por hora, assim como os alimentos ingeridos pelo grupo analisado. Al\u00e9m de identificar os alimentos que est\u00e3o associados \u00e0 maior frequ\u00eancia de apneia durante o sono, os autores relataram que os participantes do estudo que consumiram duas por\u00e7\u00f5es de latic\u00ednios por dia apresentaram apneias menos severas. (Blog Nutron)<\/div>\n<div>&nbsp;<\/div>\n<div>&nbsp;<\/div>\n<div><strong>Santa Clara lan\u00e7a Queijo Cheddar inspirado na receita original inglesa<\/strong><br \/>\nPara ampliar sua linha de produtos e oferecer ainda mais op\u00e7\u00f5es aos consumidores, a Cooperativa Santa Clara lan\u00e7a o Queijo Tipo Cheddar, produzido com base na receita genu\u00edna do produto, de origem inglesa. A novidade chega \u00e0s g\u00f4ndolas na vers\u00e3o cunha, com aproximadamente 180g, e em forma de cerca de 5kg, ambas com matura\u00e7\u00e3o de 120 dias. Com estes lan\u00e7amentos, a Santa Clara soma 43 tipos de queijos em 80 apresenta\u00e7\u00f5es diferentes.&nbsp;<\/div>\n<div>Entre as principais caracter\u00edsticas do Queijo Cheddar Santa Clara est\u00e1 sua colora\u00e7\u00e3o alaranjada e sabor suave e marcante, al\u00e9m de sua consist\u00eancia semidura, que ainda mant\u00e9m o derretimento ideal para diversos preparos.<\/div>\n<div>A variedade atende as necessidades do consumidor final e para uso food service, com duas op\u00e7\u00f5es de gramatura, e pode ser utilizada em diferentes pratos, como em molhos, hamb\u00fargueres, sandu\u00edches quentes, gratinados, al\u00e9m de t\u00e1buas de frios. Harmoniza perfeitamente com as cervejas Ipa e Pale Ale e vinhos mais frutados como Cabernet Sauvignon ou Porto Tawny 10 anos.&nbsp; (Santa Clara)<\/div>\n<\/div>\n<div style=\"text-align: center;\"><img decoding=\"async\" style=\"text-align: center;\" src=\"http:\/\/cache.mail2easy.com.br\/i\/6186\/3078\" border=\"0\"><\/div>\n<div style=\"text-align: center;\"><em style=\"text-align: center;\"><img decoding=\"async\" src=\"http:\/\/cache.mail2easy.com.br\/i\/6186\/3077\" border=\"0\"><\/em><\/div>\n<div style=\"text-align: center;\"><em><strong>Novo presidente da Conab<\/strong><br \/>\nGuilherme Soria Bastos Filho \u00e9 o novo diretor-presidente da Companhia Nacional de Abastecimento (Conab). Ele assume a condu\u00e7\u00e3o da estatal, no lugar de Newton Ara\u00fajo Silva J\u00fanior, que ficou no cargo durante um ano e foi exonerado a pedido. O comunicado foi publicado nesta quinta-feira (20), em resolu\u00e7\u00e3o do Conselho de Administra\u00e7\u00e3o da Conab (Consad). Desde fevereiro de 2019, Bastos havia ocupado o cargo de Diretor de Pol\u00edtica Agr\u00edcola e Informa\u00e7\u00f5es da empresa. Formado em agronomia pela Universidade Federal de Vi\u00e7osa, Guilherme Bastos possui mestrado em agricultura com concentra\u00e7\u00e3o em economia pela Escola Superior de Agricultura Luiz de Queiroz (Esalq)\/USP e mestrado em Agricultural Economics pela University of Maryland\/EUA. Atuou como consultor de gest\u00e3o e mercados agr\u00edcolas em empresas privadas e como especialista de an\u00e1lises econ\u00f4micas da Funda\u00e7\u00e3o Get\u00falio Vargas, do Instituto Brasileiro de Economia e do Centro de Estudos Agr\u00edcolas (IBRE\/CEA). Quem assume a Diretoria de Pol\u00edtica Agr\u00edcola e Informa\u00e7\u00f5es da Companhia \u00e9 Bruno Scalon Cordeiro, atualmente diretor de Opera\u00e7\u00f5es e Abastecimento do \u00f3rg\u00e3o, que acumula interinamente a vaga. (Conab)<\/em><\/div>\n<div style=\"text-align: center;\"><em><img decoding=\"async\" src=\"http:\/\/cache.mail2easy.com.br\/i\/6186\/3078\" border=\"0\"><\/em><\/div>\n<\/div>\n<\/div>\n<\/div>\n<p>&nbsp;<\/p>\n","protected":false},"excerpt":{"rendered":"<p>Porto Alegre, 21 de fevereiro de 2020&nbsp; &nbsp; &nbsp; &nbsp; &nbsp; &nbsp; &nbsp; &nbsp; &nbsp; &nbsp; &nbsp; &nbsp; &nbsp; &nbsp; &nbsp; &nbsp; &nbsp; &nbsp; &nbsp; &nbsp; &nbsp; &nbsp; &nbsp; Ano 14 - N\u00b0 3.170 Carlos Joel \u00e9 empossado presidente da Fetag-RS para 2020\/2024 Foto: Let\u00edcia Breda &nbsp; O presidente reeleito da Federa\u00e7\u00e3o dos Trabalhadores na <a href=\"https:\/\/www.sindilat.com.br\/site\/2020\/02\/21\/21-02-2020\/\" class=\"more-link\">...continuar lendo<span class=\"screen-reader-text\"> \"21\/02\/2020\"<\/span><\/a><\/p>\n","protected":false},"author":2,"featured_media":0,"comment_status":"open","ping_status":"open","sticky":false,"template":"","format":"standard","meta":{"ngg_post_thumbnail":0,"footnotes":""},"categories":[28],"tags":[],"class_list":{"0":"post-4732","1":"post","2":"type-post","3":"status-publish","4":"format-standard","6":"category-newsletter","7":"h-entry","8":"hentry","9":"h-as-article"},"_links":{"self":[{"href":"https:\/\/www.sindilat.com.br\/site\/wp-json\/wp\/v2\/posts\/4732","targetHints":{"allow":["GET"]}}],"collection":[{"href":"https:\/\/www.sindilat.com.br\/site\/wp-json\/wp\/v2\/posts"}],"about":[{"href":"https:\/\/www.sindilat.com.br\/site\/wp-json\/wp\/v2\/types\/post"}],"author":[{"embeddable":true,"href":"https:\/\/www.sindilat.com.br\/site\/wp-json\/wp\/v2\/users\/2"}],"replies":[{"embeddable":true,"href":"https:\/\/www.sindilat.com.br\/site\/wp-json\/wp\/v2\/comments?post=4732"}],"version-history":[{"count":1,"href":"https:\/\/www.sindilat.com.br\/site\/wp-json\/wp\/v2\/posts\/4732\/revisions"}],"predecessor-version":[{"id":4737,"href":"https:\/\/www.sindilat.com.br\/site\/wp-json\/wp\/v2\/posts\/4732\/revisions\/4737"}],"wp:attachment":[{"href":"https:\/\/www.sindilat.com.br\/site\/wp-json\/wp\/v2\/media?parent=4732"}],"wp:term":[{"taxonomy":"category","embeddable":true,"href":"https:\/\/www.sindilat.com.br\/site\/wp-json\/wp\/v2\/categories?post=4732"},{"taxonomy":"post_tag","embeddable":true,"href":"https:\/\/www.sindilat.com.br\/site\/wp-json\/wp\/v2\/tags?post=4732"}],"curies":[{"name":"wp","href":"https:\/\/api.w.org\/{rel}","templated":true}]}}