{"id":471,"date":"2015-06-15T19:18:08","date_gmt":"2015-06-15T19:18:08","guid":{"rendered":"http:\/\/www.sindilat.com.br\/site\/2015\/06\/15\/12-06-2015\/"},"modified":"2015-06-15T19:18:08","modified_gmt":"2015-06-15T19:18:08","slug":"12-06-2015","status":"publish","type":"post","link":"https:\/\/www.sindilat.com.br\/site\/2015\/06\/15\/12-06-2015\/","title":{"rendered":"12\/06\/2015"},"content":{"rendered":"<div style=\"text-align: center;\">\n<p><span style=\"font-family: verdana,geneva,sans-serif;\"><span style=\"font-size: 12px;\"><a href=\"http:\/\/www.sindilat.com.br\"><img decoding=\"async\" alt=\"\" src=\"http:\/\/cache.mail2easy.com.br\/i\/6186\/5\" style=\"width: 643px; height: 82px;\" \/><\/a><\/span><\/span><br \/> &nbsp;<\/p>\n<p class=\"MsoNormal\"><span style=\"font-size: 12px;\"><span style=\"font-family: tahoma, geneva, sans-serif;\"><b><i>Porto Alegre, 12 de junho de 2015 &nbsp; &nbsp; &nbsp; &nbsp; &nbsp; &nbsp; &nbsp; &nbsp; &nbsp; &nbsp; &nbsp; &nbsp; &nbsp; &nbsp; &nbsp; &nbsp; &nbsp; &nbsp; &nbsp; &nbsp; &nbsp; &nbsp; &nbsp; &nbsp; Ano 9 - N\u00b0 2.059<\/i><\/b><\/span><\/span><\/p>\n<p class=\"MsoNormal\" style=\"text-align: justify;\">&nbsp;<\/p>\n<p class=\"MsoNormal\"><span style=\"font-size: 12px;\"><span style=\"font-family: tahoma, geneva, sans-serif;\"><img decoding=\"async\" border=\"0\" src=\"http:\/\/cache.mail2easy.com.br\/i\/6186\/6\" \/><\/span><\/span><\/p>\n<p class=\"MsoNormal\"><strong style=\"text-align: justify;\"><span face=\"tahoma, geneva, sans-serif\" style=\"font-family: tahoma, geneva, sans-serif;\"><span style=\"font-size: 12px;\"><\/span><\/span><\/strong><span style=\"font-size: 12px;\"><span style=\"font-family: tahoma, geneva, sans-serif;\"><img decoding=\"async\" alt=\"\" src=\"http:\/\/cache.mail2easy.com.br\/i\/6186\/7\" style=\"width: 811px; height: 16px; text-align: justify; font-family: verdana, geneva, sans-serif;\" \/><\/span><\/span><\/p>\n<div style=\"text-align: justify;\"><strong><span style=\"text-decoration: underline;\"><span style=\"font-size: 12px;\"><span style=\"font-family: tahoma, geneva, sans-serif;\"><img decoding=\"async\" alt=\"\" src=\"http:\/\/cache.mail2easy.com.br\/i\/6186\/8\" style=\"width: 53px; height: 34px; float: left;\" \/><\/span><\/span><\/span><\/strong><\/div>\n<div style=\"text-align: justify;\"><strong>&nbsp;Importa\u00e7\u00f5es de leite em p\u00f3 integral da China foram as menores desde 2012<\/strong><br \/> &nbsp;<br \/> Embora os pre\u00e7os de commodities como queijos e manteiga nos Estados Unidos continuem se fortalecendo, os mercados globais continuam com os menores valores em seis anos, de acordo com os \u00faltimos dados do Conselho de Exporta\u00e7\u00f5es de L\u00e1cteos do pa\u00eds (USDEC). O principal respons\u00e1vel por isso \u00e9 a China.<\/p>\n<p> As importa\u00e7\u00f5es de l\u00e1cteos da China ca\u00edram em quase 40% nos primeiros quatro meses do ano - o equivalente a 562.000 toneladas de leite a menos por m\u00eas. Em outras palavras, isso \u00e9 o mesmo que se a produ\u00e7\u00e3o de leite dos cinco principais exportadores (UE-28, Estados Unidos, Nova Zel\u00e2ndia, Austr\u00e1lia e Argentina) aumentasse em 2,4% nesse ano.<\/p>\n<p> &nbsp;<img decoding=\"async\" alt=\"\" src=\"http:\/\/cache.mail2easy.com.br\/i\/6186\/1201\" style=\"width: 500px; height: 339px;\" \/><\/p>\n<p> A maioria do decr\u00e9scimo diz respeito a um grande corte nas importa\u00e7\u00f5es de leite em p\u00f3 integral, que ca\u00edram em 53% com rela\u00e7\u00e3o ao ano anterior. As compras desse ano foram as menores desde 2012.<\/p>\n<p> Em contraste, as importa\u00e7\u00f5es chinesas de leite fluido e creme de leite aumentaram em 27% nos primeiros quatro meses do ano e as importa\u00e7\u00f5es de f\u00f3rmulas infantis aumentaram em 18%. (USDEC)<\/p><\/div>\n<div style=\"text-align: justify;\">&nbsp;<\/div>\n<div style=\"text-align: justify;\">&nbsp;<\/div>\n<div style=\"text-align: justify;\">&nbsp;<\/div>\n<div style=\"text-align: justify;\"><img decoding=\"async\" alt=\"\" src=\"http:\/\/cache.mail2easy.com.br\/i\/6186\/7\" style=\"font-size: 12px; width: 811px; height: 16px; font-family: verdana, geneva, sans-serif;\" \/><\/div>\n<div style=\"text-align: justify;\">\n<div style=\"text-align: justify;\">\n<div>\n<div style=\"text-align: justify;\">&nbsp;<\/div>\n<div style=\"text-align: justify;\"><strong>F\u00f3rum discute de onde vir\u00e3o os alimentos<\/strong><\/div>\n<div style=\"text-align: justify;\"> Depois do sucesso do ciclo de debates 'De Onde Vir\u00e3o os Terneiros?', o Sistema Farsul d\u00e1 in\u00edcio a uma discuss\u00e3o mais ampla: 'De Onde Vir\u00e3o os Alimentos? \u00ac O Desafio do Futuro'.&nbsp;<\/div>\n<div style=\"text-align: justify;\"> Esse \u00e9 o tema da 66\u00aa edi\u00e7\u00e3o do F\u00f3rum Permanente do Agroneg\u00f3cio, uma iniciativa da Farsul, Senar\u00ac\/RS e Casa Rural \u00ac Centro do Agroneg\u00f3cio. O evento est\u00e1 marcado para os dias 17 e 18 de junho, no hotel Gramado Master Palace, na Serra Ga\u00facha.&nbsp;<\/div>\n<div style=\"text-align: justify;\"> As inscri\u00e7\u00f5es j\u00e1 podem ser feitas pelo site www.casaruralrs.com.br ou pelo telefone 51.3221-6460. A ideia \u00e9 reunir representantes de empresas que desenvolvem tecnologia, produtores rurais, e entidades para debater t\u00e9cnicas de produ\u00e7\u00e3o e seguran\u00e7a alimentar. Segundo proje\u00e7\u00f5es da FAO, organiza\u00e7\u00e3o das Na\u00e7\u00f5es Unidas para Agricultura e Alimenta\u00e7\u00e3o, para alimentar um mundo com 9 bilh\u00f5es de habitantes, projetados para 2050, a produ\u00e7\u00e3o de alimentos deve aumentar 40% em 25 anos.&nbsp;<\/div>\n<div style=\"text-align: justify;\"> \" Precisamos agora debater o futuro da produ\u00e7\u00e3o de alimentos, produzindo cada vez mais, e com maior seguran\u00e7a ao consumidor final.\", explica o chefe da Divis\u00e3o T\u00e9cnica do Senar\u00ac\/RS, Jo\u00e3o Augusto Telles. Nos \u00faltimos 30 anos, a produtividade da lavoura de gr\u00e3os brasileira aumentou 141%, passando de 1.465 quilos por hectare, na safra 1984\/1985, para 3.535 quilos por hectare na 2014\/2015, de acordo com a Conab.&nbsp;<\/div>\n<div style=\"text-align: justify;\"> No Rio Grande do Sul, tamb\u00e9m mais do que dobrou, passando de 1.792 para 3.793 quilos por hectare no mesmo per\u00edodo. A expectativa \u00e9 receber cerca de 400 produtores no evento de Gramado. Entre os palestrantes, est\u00e3o o ex-ministro da Agricultura e presidente da Abramilho, Alysson Paolinelli. (Farsul)<\/div>\n<\/p><\/div>\n<div style=\"text-align: justify;\">&nbsp;<\/div>\n<div style=\"text-align: justify;\">&nbsp;<\/div>\n<div style=\"text-align: justify;\"><strong>Piracanjuba comemora 60 anos em grande estilo<\/strong><br \/> &nbsp;<br \/> A Piracanjuba recebe, no dia 15 de junho, parceiros, colaboradores, clientes, autoridades e imprensa para a comemora\u00e7\u00e3o dos 60 anos da marca. O jantar, para mais de 500 convidados, acontecer\u00e1 no Infinity Hall, em Goi\u00e2nia (GO), a partir das 19h30. \"Uma data t\u00e3o importante precisa ser comemorada com as pessoas que nos ajudam, diariamente, a construir a bela hist\u00f3ria da Piracanjuba. Hoje, estamos entre as 20 marcas mais presentes nos lares de todo o pa\u00eds e muito nos orgulha completar 60 anos em um momento de pleno crescimento\", afirma a gerente de marketing da Piracanjuba, Lisiane Guimar\u00e3es.<\/p>\n<p> Casa Lis assina o buffet do jantar e a decora\u00e7\u00e3o ficar\u00e1 a cargo da Vero Festas e da Realizza Eventos. A Lozi Eventos responde pelo cerimonial e a trilha sonora do evento ser\u00e1 comandada pelo Quarteto de Jazz da Orquestra Obra Prima.<br \/> &nbsp;<br \/> <em>Palestra com Carlos Sardenberg<\/em><br \/> Na tarde do dia 15 de junho, antes do jantar, a Piracanjuba promover\u00e1 uma palestra com o renomado jornalista, escritor e apresentador, Carlos Alberto Sardenberg. O evento ser\u00e1 fechado para convidados e acontecer\u00e1 no audit\u00f3rio do Hotel K, em Goi\u00e2nia.<br \/> &nbsp;<br \/> <em>Eventos institucionais<\/em><br \/> Para os colaboradores internos, a Piracanjuba preparou eventos em suas tr\u00eas unidades fabris: Bela Vista (GO), Maravilha (SC) e Governador Valadares (MG). \"Somos uma grande fam\u00edlia e trabalhamos juntos, com o objetivo maior de desenvolver produtos e servi\u00e7os que proporcionem qualidade de vida e bem-estar aos consumidores\", finaliza Lisiane. (Terra Viva)<\/div>\n<div style=\"text-align: justify;\">&nbsp;<\/div>\n<div>&nbsp;<\/div>\n<div>\n<p style=\"margin: 0cm; margin-bottom: .0001pt; text-align: justify;\"><img decoding=\"async\" alt=\"\" src=\"http:\/\/cache.mail2easy.com.br\/i\/6186\/7\" style=\"text-indent: 42.55pt; line-height: 13.5pt; font-size: 12px; width: 803px; height: 16px; font-family: verdana, geneva, sans-serif;\" \/><\/p>\n<\/p><\/div>\n<\/p><\/div>\n<\/p><\/div>\n<div style=\"text-align: center;\">\n<div style=\"text-align: center;\"><img decoding=\"async\" alt=\"\" src=\"http:\/\/cache.mail2easy.com.br\/i\/6186\/9\" style=\"font-size: 12px; width: 231px; height: 30px; font-family: verdana, geneva, sans-serif;\" \/><\/div>\n<div style=\"text-align: center;\"><em>Audi\u00eancia p\u00fablica debate leite em Iju\u00ed<br \/> A Comiss\u00e3o de Agricultura e Reforma Agr\u00e1ria do Senado marcou uma audi\u00eancia p\u00fablica para discutir os \"Mercados e Perspectivas para o Futuro da Produ\u00e7\u00e3o Leiteira no Brasil\" no dia 10 de julho, em Iju\u00ed. A cidade do Noroeste foi escolhida para sediar o encontro por estar em meio \u00e0 regi\u00e3o que \u00e9 considerada o principal polo produtor de leite do Estado. Ser\u00e3o convidados representantes do setor, do governo, senadores, deputados, especialistas na \u00e1rea e produtores. A audi\u00eancia come\u00e7a \u00e0s 14h, no audit\u00f3rio do campus da Uniju\u00ed.<em><img decoding=\"async\" alt=\"\" src=\"http:\/\/cache.mail2easy.com.br\/i\/6186\/7\" style=\"text-align: justify; line-height: 13.5pt; font-size: 12px; width: 803px; height: 16px; font-family: verdana, geneva, sans-serif;\" \/><\/em><\/em><\/div>\n<div style=\"text-align: center;\">&nbsp;<\/div>\n<div style=\"text-align: center;\"><span style=\"line-height: 24px;\"><\/span><\/div>\n<\/p><\/div>\n<\/p><\/div>\n","protected":false},"excerpt":{"rendered":"<p>&nbsp; Porto Alegre, 12 de junho de 2015 &nbsp; &nbsp; &nbsp; &nbsp; &nbsp; &nbsp; &nbsp; &nbsp; &nbsp; &nbsp; &nbsp; &nbsp; &nbsp; &nbsp; &nbsp; &nbsp; &nbsp; &nbsp; &nbsp; &nbsp; &nbsp; &nbsp; &nbsp; &nbsp; Ano 9 - N\u00b0 2.059 &nbsp; &nbsp;Importa\u00e7\u00f5es de leite em p\u00f3 integral da China foram as menores desde 2012 &nbsp; Embora os pre\u00e7os <a href=\"https:\/\/www.sindilat.com.br\/site\/2015\/06\/15\/12-06-2015\/\" class=\"more-link\">...continuar lendo<span class=\"screen-reader-text\"> \"12\/06\/2015\"<\/span><\/a><\/p>\n","protected":false},"author":1,"featured_media":0,"comment_status":"open","ping_status":"open","sticky":false,"template":"","format":"standard","meta":{"ngg_post_thumbnail":0,"footnotes":""},"categories":[28],"tags":[],"class_list":{"0":"post-471","1":"post","2":"type-post","3":"status-publish","4":"format-standard","6":"category-newsletter","7":"h-entry","8":"hentry","9":"h-as-article"},"_links":{"self":[{"href":"https:\/\/www.sindilat.com.br\/site\/wp-json\/wp\/v2\/posts\/471","targetHints":{"allow":["GET"]}}],"collection":[{"href":"https:\/\/www.sindilat.com.br\/site\/wp-json\/wp\/v2\/posts"}],"about":[{"href":"https:\/\/www.sindilat.com.br\/site\/wp-json\/wp\/v2\/types\/post"}],"author":[{"embeddable":true,"href":"https:\/\/www.sindilat.com.br\/site\/wp-json\/wp\/v2\/users\/1"}],"replies":[{"embeddable":true,"href":"https:\/\/www.sindilat.com.br\/site\/wp-json\/wp\/v2\/comments?post=471"}],"version-history":[{"count":0,"href":"https:\/\/www.sindilat.com.br\/site\/wp-json\/wp\/v2\/posts\/471\/revisions"}],"wp:attachment":[{"href":"https:\/\/www.sindilat.com.br\/site\/wp-json\/wp\/v2\/media?parent=471"}],"wp:term":[{"taxonomy":"category","embeddable":true,"href":"https:\/\/www.sindilat.com.br\/site\/wp-json\/wp\/v2\/categories?post=471"},{"taxonomy":"post_tag","embeddable":true,"href":"https:\/\/www.sindilat.com.br\/site\/wp-json\/wp\/v2\/tags?post=471"}],"curies":[{"name":"wp","href":"https:\/\/api.w.org\/{rel}","templated":true}]}}