{"id":467,"date":"2015-06-09T17:32:41","date_gmt":"2015-06-09T17:32:41","guid":{"rendered":"http:\/\/www.sindilat.com.br\/site\/2015\/06\/09\/o-presidente-do-sindicato-da-industria-de-laticinios-do-estado-do-rs-sindilat-rs-alexandre-guerra-ve-perdas-no-setor-lacteo-com-o-recente-anuncio-do-governo-do-estado-em-relacao-a-diminuicao-de-benefi\/"},"modified":"2015-06-09T17:32:41","modified_gmt":"2015-06-09T17:32:41","slug":"o-presidente-do-sindicato-da-industria-de-laticinios-do-estado-do-rs-sindilat-rs-alexandre-guerra-ve-perdas-no-setor-lacteo-com-o-recente-anuncio-do-governo-do-estado-em-relacao-a-diminuicao-de-benefi","status":"publish","type":"post","link":"https:\/\/www.sindilat.com.br\/site\/2015\/06\/09\/o-presidente-do-sindicato-da-industria-de-laticinios-do-estado-do-rs-sindilat-rs-alexandre-guerra-ve-perdas-no-setor-lacteo-com-o-recente-anuncio-do-governo-do-estado-em-relacao-a-diminuicao-de-benefi\/","title":{"rendered":"Sindilat vai a Bras\u00edlia sensibilizar governo para san\u00e7\u00e3o da MP 668\/2015"},"content":{"rendered":"<p style=\"text-align: justify;\"><img loading=\"lazy\" decoding=\"async\" class=\" alignright size-full wp-image-466\" src=\"http:\/\/www.sindilat.com.br\/site\/wp-content\/uploads\/2015\/06\/DUD_4233.JPG\" alt=\"DUD 4233\" style=\"float: right;\" width=\"284\" height=\"189\" srcset=\"https:\/\/www.sindilat.com.br\/site\/wp-content\/uploads\/2015\/06\/DUD_4233.JPG 500w, https:\/\/www.sindilat.com.br\/site\/wp-content\/uploads\/2015\/06\/DUD_4233-300x200.jpg 300w\" sizes=\"auto, (max-width: 284px) 100vw, 284px\" \/>O presidente do Sindicato da Ind\u00fastria de Latic\u00ednios do Estado do RS (Sindilat\/RS), Alexandre Guerra, v\u00ea perdas no setor l\u00e1cteo com o recente an\u00fancio do Governo do Estado em rela\u00e7\u00e3o \u00e0 diminui\u00e7\u00e3o de benef\u00edcios fiscais. \"Os benef\u00edcios foram criados para dar competitividade ao setor\", afirma. Ele lembra que al\u00e9m do aumento de custos para as ind\u00fastrias e os produtores, o setor foi onerado pelo acr\u00e9scimo dos combust\u00edveis, energia e eleva\u00e7\u00e3o das taxas de juros. \"N\u00e3o h\u00e1 ambiente nem condi\u00e7\u00f5es de aumentar a carga fiscal, pois necessitamos comercializar mais de 60% da nossa produ\u00e7\u00e3o em outros estados da federa\u00e7\u00e3o, que concedem benef\u00edcios \u00e0s suas ind\u00fastrias inclusive com incentivos fiscais superiores ao que o Rio Grande do Sul oferece ao setor produtivo de l\u00e1cteos\", informa Guerra.<\/p>\n<p style=\"text-align: justify;\">Segundo o projeto de lei encaminhado pelo governador Jos\u00e9 Ivo Sartori \u00e0 Assembleia Legislativa, na \u00faltima quarta-feira (03\/06), a inten\u00e7\u00e3o do Estado \u00e9 limitar os benef\u00edcios fiscais at\u00e9 o patamar de 70% do valor originalmente concedido para os exerc\u00edcios de 2016, 2017 e 2018. \"N\u00e3o temos condi\u00e7\u00f5es de absorver uma nova perda, sem reflexos diretos aos produtores e menor movimenta\u00e7\u00e3o financeiras nos munic\u00edpios\", alerta o presidente do Sindilat-RS. Guerra revela que a entidade demonstrar\u00e1 ao governo estadual e aos deputados a situa\u00e7\u00e3o do setor l\u00e1cteo, que n\u00e3o pode suportar mais nenhuma onera\u00e7\u00e3o fiscal. \"N\u00e3o podemos perder a isonomia fiscal, caso contr\u00e1rio n\u00e3o teremos competitividade\", argumenta o dirigente. (.DOC Assessoria de Comunica\u00e7\u00e3o | Assessoria de Imprensa do SINDILAT\/RS)<\/p>\n","protected":false},"excerpt":{"rendered":"<p>O presidente do Sindicato da Ind\u00fastria de Latic\u00ednios do Estado do RS (Sindilat\/RS), Alexandre Guerra, v\u00ea perdas no setor l\u00e1cteo com o recente an\u00fancio do Governo do Estado em rela\u00e7\u00e3o \u00e0 diminui\u00e7\u00e3o de benef\u00edcios fiscais. \"Os benef\u00edcios foram criados para dar competitividade ao setor\", afirma. Ele lembra que al\u00e9m do aumento de custos para as <a href=\"https:\/\/www.sindilat.com.br\/site\/2015\/06\/09\/o-presidente-do-sindicato-da-industria-de-laticinios-do-estado-do-rs-sindilat-rs-alexandre-guerra-ve-perdas-no-setor-lacteo-com-o-recente-anuncio-do-governo-do-estado-em-relacao-a-diminuicao-de-benefi\/\" class=\"more-link\">...continuar lendo<span class=\"screen-reader-text\"> \"Sindilat vai a Bras\u00edlia sensibilizar governo para san\u00e7\u00e3o da MP 668\/2015\"<\/span><\/a><\/p>\n","protected":false},"author":1,"featured_media":466,"comment_status":"open","ping_status":"open","sticky":false,"template":"","format":"standard","meta":{"ngg_post_thumbnail":0,"footnotes":""},"categories":[18],"tags":[],"class_list":{"0":"post-467","1":"post","2":"type-post","3":"status-publish","4":"format-standard","5":"has-post-thumbnail","7":"category-noticias","8":"h-entry","9":"hentry","10":"h-as-article"},"_links":{"self":[{"href":"https:\/\/www.sindilat.com.br\/site\/wp-json\/wp\/v2\/posts\/467","targetHints":{"allow":["GET"]}}],"collection":[{"href":"https:\/\/www.sindilat.com.br\/site\/wp-json\/wp\/v2\/posts"}],"about":[{"href":"https:\/\/www.sindilat.com.br\/site\/wp-json\/wp\/v2\/types\/post"}],"author":[{"embeddable":true,"href":"https:\/\/www.sindilat.com.br\/site\/wp-json\/wp\/v2\/users\/1"}],"replies":[{"embeddable":true,"href":"https:\/\/www.sindilat.com.br\/site\/wp-json\/wp\/v2\/comments?post=467"}],"version-history":[{"count":0,"href":"https:\/\/www.sindilat.com.br\/site\/wp-json\/wp\/v2\/posts\/467\/revisions"}],"wp:featuredmedia":[{"embeddable":true,"href":"https:\/\/www.sindilat.com.br\/site\/wp-json\/wp\/v2\/media\/466"}],"wp:attachment":[{"href":"https:\/\/www.sindilat.com.br\/site\/wp-json\/wp\/v2\/media?parent=467"}],"wp:term":[{"taxonomy":"category","embeddable":true,"href":"https:\/\/www.sindilat.com.br\/site\/wp-json\/wp\/v2\/categories?post=467"},{"taxonomy":"post_tag","embeddable":true,"href":"https:\/\/www.sindilat.com.br\/site\/wp-json\/wp\/v2\/tags?post=467"}],"curies":[{"name":"wp","href":"https:\/\/api.w.org\/{rel}","templated":true}]}}