{"id":463,"date":"2015-06-08T17:04:56","date_gmt":"2015-06-08T17:04:56","guid":{"rendered":"http:\/\/www.sindilat.com.br\/site\/2015\/06\/08\/fao-reelege-graziano-como-diretor-geral\/"},"modified":"2015-06-08T17:04:56","modified_gmt":"2015-06-08T17:04:56","slug":"fao-reelege-graziano-como-diretor-geral","status":"publish","type":"post","link":"https:\/\/www.sindilat.com.br\/site\/2015\/06\/08\/fao-reelege-graziano-como-diretor-geral\/","title":{"rendered":"FAO reelege Graziano como diretor-geral"},"content":{"rendered":"<p style=\"text-align: justify;\">08\/06\/2015<\/p>\n<p style=\"text-align: justify;\"><img loading=\"lazy\" decoding=\"async\" class=\" alignright size-full wp-image-244\" src=\"http:\/\/www.sindilat.com.br\/site\/wp-content\/uploads\/2015\/03\/download.jpg\" alt=\"download\" style=\"float: right;\" width=\"268\" height=\"188\" \/>O brasileiro Jos\u00e9 Graziano foi reeleito ontem diretor-geral da Organiza\u00e7\u00e3o das Na\u00e7\u00f5es Unidas para a Agricultura e a Alimenta\u00e7\u00e3o (FAO), o principal \u00f3rg\u00e3o das institui\u00e7\u00f5es internacionais para o combate \u00e0 fome no mundo. Um dos criadores do programa Fome Zero, adotado no in\u00edcio do primeiro mandato do ex-presidente Lula \u2013 mas logo abandonado para fortalecer o Bolsa Fam\u00edlia -, Graziano era candidato \u00fanico e teve 177 votos de um total de 182 delegados nacionais que votaram na 39\u00aa assembleia-geral da institui\u00e7\u00e3o. Com isso o brasileiro, que assumiu a posi\u00e7\u00e3o em 2011, gra\u00e7as \u00e0s gest\u00f5es diplom\u00e1ticas de Bras\u00edlia, permanecer\u00e1 no cargo at\u00e9 2019. Graziano agradeceu a confian\u00e7a dos delegados e, em um breve discurso, disse que vai trabalhar para aprimorar a gest\u00e3o da FAO e aperfei\u00e7oar a luta contra a fome e a inseguran\u00e7a alimentar em todo o no mundo. (Correio do Povo)<\/p>\n","protected":false},"excerpt":{"rendered":"<p>08\/06\/2015 O brasileiro Jos\u00e9 Graziano foi reeleito ontem diretor-geral da Organiza\u00e7\u00e3o das Na\u00e7\u00f5es Unidas para a Agricultura e a Alimenta\u00e7\u00e3o (FAO), o principal \u00f3rg\u00e3o das institui\u00e7\u00f5es internacionais para o combate \u00e0 fome no mundo. Um dos criadores do programa Fome Zero, adotado no in\u00edcio do primeiro mandato do ex-presidente Lula \u2013 mas logo abandonado para <a href=\"https:\/\/www.sindilat.com.br\/site\/2015\/06\/08\/fao-reelege-graziano-como-diretor-geral\/\" class=\"more-link\">...continuar lendo<span class=\"screen-reader-text\"> \"FAO reelege Graziano como diretor-geral\"<\/span><\/a><\/p>\n","protected":false},"author":1,"featured_media":244,"comment_status":"open","ping_status":"open","sticky":false,"template":"","format":"standard","meta":{"ngg_post_thumbnail":0,"footnotes":""},"categories":[18],"tags":[],"class_list":{"0":"post-463","1":"post","2":"type-post","3":"status-publish","4":"format-standard","5":"has-post-thumbnail","7":"category-noticias","8":"h-entry","9":"hentry","10":"h-as-article"},"_links":{"self":[{"href":"https:\/\/www.sindilat.com.br\/site\/wp-json\/wp\/v2\/posts\/463","targetHints":{"allow":["GET"]}}],"collection":[{"href":"https:\/\/www.sindilat.com.br\/site\/wp-json\/wp\/v2\/posts"}],"about":[{"href":"https:\/\/www.sindilat.com.br\/site\/wp-json\/wp\/v2\/types\/post"}],"author":[{"embeddable":true,"href":"https:\/\/www.sindilat.com.br\/site\/wp-json\/wp\/v2\/users\/1"}],"replies":[{"embeddable":true,"href":"https:\/\/www.sindilat.com.br\/site\/wp-json\/wp\/v2\/comments?post=463"}],"version-history":[{"count":0,"href":"https:\/\/www.sindilat.com.br\/site\/wp-json\/wp\/v2\/posts\/463\/revisions"}],"wp:featuredmedia":[{"embeddable":true,"href":"https:\/\/www.sindilat.com.br\/site\/wp-json\/wp\/v2\/media\/244"}],"wp:attachment":[{"href":"https:\/\/www.sindilat.com.br\/site\/wp-json\/wp\/v2\/media?parent=463"}],"wp:term":[{"taxonomy":"category","embeddable":true,"href":"https:\/\/www.sindilat.com.br\/site\/wp-json\/wp\/v2\/categories?post=463"},{"taxonomy":"post_tag","embeddable":true,"href":"https:\/\/www.sindilat.com.br\/site\/wp-json\/wp\/v2\/tags?post=463"}],"curies":[{"name":"wp","href":"https:\/\/api.w.org\/{rel}","templated":true}]}}