{"id":453,"date":"2015-06-03T20:14:28","date_gmt":"2015-06-03T20:14:28","guid":{"rendered":"http:\/\/www.sindilat.com.br\/site\/2015\/06\/03\/projetos-identificam-potencialidades-e-incremento-em-propriedades-de-jovens\/"},"modified":"2015-06-03T20:14:28","modified_gmt":"2015-06-03T20:14:28","slug":"projetos-identificam-potencialidades-e-incremento-em-propriedades-de-jovens","status":"publish","type":"post","link":"https:\/\/www.sindilat.com.br\/site\/2015\/06\/03\/projetos-identificam-potencialidades-e-incremento-em-propriedades-de-jovens\/","title":{"rendered":"Projetos identificam potencialidades e incremento em propriedades de jovens"},"content":{"rendered":"<p style=\"text-align: justify;\">03\/06\/2015<\/p>\n<p style=\"text-align: justify;\">O potencial de empreender para tornar a propriedade mais lucrativa e rent\u00e1vel foi o ponto-chave do Encontro do Projeto Sucess\u00e3o Familiar realizado na \u00faltima quinta-feira, dia 21 de maio. Sete jovens da Turma 2 surpreenderam os conselheiros de Administra\u00e7\u00e3o da D\u00e1lia Alimentos ao apresentar seus respectivos projetos, que culminaram a conclus\u00e3o do curso, que teve dura\u00e7\u00e3o de 16 meses para os alunos da Turma 2.<br \/>Coordenados pelo professor Lucildo Ahlert, os alunos apresentaram seus respectivos projetos com \u00eanfase para investimentos e melhorias que projetam e\/ou pretendem realizar nas propriedades. Em todos os trabalhos, o objetivo \u00e9 melhorar os resultados financeiros e projetar aumentos e incremento de produ\u00e7\u00e3o.<br \/>Ahlert iniciou o encontro ressaltando a sistem\u00e1tica das aulas do projeto, a encerrar-se oficialmente em junho. Falou acerca do sistema de inform\u00e1tica utilizado para compila\u00e7\u00e3o das informa\u00e7\u00f5es e o formato adotado para inser\u00e7\u00e3o dos dados em planilhas e tabelas. \u201cTodos os projetos ser\u00e3o analisados para que apresentem viabilidade t\u00e9cnica e econ\u00f4mica e que possam ser aplicados na propriedade\u201d, explica o docente, complementando que estes trabalhos t\u00eam como objetivo inserir os jovens como parceiros nas propriedades dos pais. \u201cEm todos os projetos os participantes t\u00eam garantida a inser\u00e7\u00e3o na propriedade e, a partir disso, tamb\u00e9m ter\u00e3o a sua participa\u00e7\u00e3o nos resultados\u201d, complementa.<\/p>\n<p style=\"text-align: justify;\">Projetos apresentados<br \/>De forma individual e resumida, cada jovem detalhou o seu projeto. Afonso Nicolini (20), de Progresso, destacou o incremento na atividade suin\u00edcola que pretende fazer junto do pai, saltando de 1,5 mil para 2,5 mil su\u00ednos alojados. O investimento dever\u00e1 ultrapassar os R$ 200 mil para edifica\u00e7\u00e3o da nova instala\u00e7\u00e3o e aquisi\u00e7\u00e3o de equipamentos. <br \/>De Anta Gorda, Tiago Dalla Vecchia (24) destacou o projeto de incremento de 30% na produ\u00e7\u00e3o de leite. Hoje, a fam\u00edlia atua com su\u00ednos e pretende ampliar e qualificar a atividade leiteira. O investimento est\u00e1 or\u00e7ado em R$ 85 mil. Do mesmo munic\u00edpio, Marcelo Bert\u00e9 (21) deu \u00eanfase ao projeto de aumento da produ\u00e7\u00e3o suin\u00edcola, saltando de dois mil para 4,1 mil su\u00ednos alojados, num total de R$ 400 mil que dever\u00e1 ser aplicado na constru\u00e7\u00e3o da nova granja. <br \/>Em Progresso, Izequiel Zuffo (25) demostrou interesse em qualificar o rebanho e a qualidade do leite, aumentando em 80% a produ\u00e7\u00e3o. O or\u00e7amento do projeto \u00e9 de R$ 56 mil. Maicon Matiello (25) mora em Guapor\u00e9 e tamb\u00e9m almeja incrementar a produ\u00e7\u00e3o na bovinocultura leiteira. Com um investimento estimado de R$ 6,7 mil, pretende trabalhar no melhoramento gen\u00e9tico, nas instala\u00e7\u00f5es e no aumento da litragem e qualidade do leite produzido.<br \/>Jucimar Magoga (18) reside em Vista Alegre do Prata e almeja ampliar a granja de su\u00ednos existente na propriedade, saltando de 700 para 1,2 mil su\u00ednos alojados. O novo pavilh\u00e3o demandar\u00e1 a aplica\u00e7\u00e3o de R$ 218 mil. Por fim, a jovem Fabiane Zampeze (20) deu enfoque ao projeto de reutiliza\u00e7\u00e3o de um antigo galp\u00e3o, transformando-o em sala de pr\u00e9-parto para as vacas. A readequa\u00e7\u00e3o da infraestrutura demandar\u00e1 investimento de R$ 21 mil.<\/p>\n<p style=\"text-align: justify;\">Projetos elogiados<br \/>Impressionados com os trabalhos apresentados, o presidente do Conselho de Administra\u00e7\u00e3o da D\u00e1lia Alimentos, Gilberto Ant\u00f4nio Piccinini, e o presidente Executivo, Carlos Alberto de Figueiredo Freitas, elogiaram a metodologia aplicada pelo professor no curso e o enfoque dado pelos alunos em cada projeto. \u201cS\u00e3o ferramentas de gest\u00e3o do neg\u00f3cio, belos e excelentes projetos. Com certeza este conhecimento \u00e9 o maior patrim\u00f4nio que voc\u00eas podem ter. Parab\u00e9ns pela decis\u00e3o de estarem aqui\u201d, disse Piccinini.<br \/>Freitas parabenizou o professor e os alunos e garantiu que hoje, no Brasil, poucas universidades t\u00eam profissionais que conhecem o sistema que os jovens utilizaram para montagem dos projetos. \u201cVoc\u00eas s\u00e3o conhecedores, j\u00e1 det\u00eam a informa\u00e7\u00e3o. S\u00e3o vencedores e merecedores do sucesso que s\u00f3 vem com trabalho e muita persist\u00eancia.\u201d<\/p>\n<p style=\"text-align: justify;\">Congresso Internacional em julho<br \/>Em junho, a Turma 2 voltar\u00e1 a reunir-se para um encontro de avalia\u00e7\u00e3o de todas as a\u00e7\u00f5es desenvolvidas durante os 16 meses de aula. Haver\u00e1 apresenta\u00e7\u00e3o dos aspectos positivos e negativos, sugest\u00f5es e melhorias.<br \/>J\u00e1 no m\u00eas de julho, como ponto culminante, ocorrer\u00e1 uma confraterniza\u00e7\u00e3o com formatura e entrega de Certificado de Conclus\u00e3o em Forma\u00e7\u00e3o e Implanta\u00e7\u00e3o de Gest\u00e3o em Empreendimentos Rurais Familiares aos alunos que frequentarem as aulas.<br \/>Os jovens que atingiram a presen\u00e7a determinada e pr\u00e9-estabelecida participar\u00e3o, nos dias 29 e 30 de julho, em Porto Alegre, do Congresso Internacional do Leite. O evento \u00e9 uma realiza\u00e7\u00e3o da Embrapa Gado de Leite de Juiz de Fora (MG) e do Instituto Ga\u00facho de Leite (IGL), do qual Piccinini \u00e9 presidente.&nbsp;(Imprensa D\u00e1lia)<\/p>\n<p style=\"text-align: justify;\">&nbsp;<\/p>\n","protected":false},"excerpt":{"rendered":"<p>03\/06\/2015 O potencial de empreender para tornar a propriedade mais lucrativa e rent\u00e1vel foi o ponto-chave do Encontro do Projeto Sucess\u00e3o Familiar realizado na \u00faltima quinta-feira, dia 21 de maio. Sete jovens da Turma 2 surpreenderam os conselheiros de Administra\u00e7\u00e3o da D\u00e1lia Alimentos ao apresentar seus respectivos projetos, que culminaram a conclus\u00e3o do curso, que <a href=\"https:\/\/www.sindilat.com.br\/site\/2015\/06\/03\/projetos-identificam-potencialidades-e-incremento-em-propriedades-de-jovens\/\" class=\"more-link\">...continuar lendo<span class=\"screen-reader-text\"> \"Projetos identificam potencialidades e incremento em propriedades de jovens\"<\/span><\/a><\/p>\n","protected":false},"author":1,"featured_media":0,"comment_status":"open","ping_status":"open","sticky":false,"template":"","format":"standard","meta":{"ngg_post_thumbnail":0,"footnotes":""},"categories":[18],"tags":[],"class_list":{"0":"post-453","1":"post","2":"type-post","3":"status-publish","4":"format-standard","6":"category-noticias","7":"h-entry","8":"hentry","9":"h-as-article"},"_links":{"self":[{"href":"https:\/\/www.sindilat.com.br\/site\/wp-json\/wp\/v2\/posts\/453","targetHints":{"allow":["GET"]}}],"collection":[{"href":"https:\/\/www.sindilat.com.br\/site\/wp-json\/wp\/v2\/posts"}],"about":[{"href":"https:\/\/www.sindilat.com.br\/site\/wp-json\/wp\/v2\/types\/post"}],"author":[{"embeddable":true,"href":"https:\/\/www.sindilat.com.br\/site\/wp-json\/wp\/v2\/users\/1"}],"replies":[{"embeddable":true,"href":"https:\/\/www.sindilat.com.br\/site\/wp-json\/wp\/v2\/comments?post=453"}],"version-history":[{"count":0,"href":"https:\/\/www.sindilat.com.br\/site\/wp-json\/wp\/v2\/posts\/453\/revisions"}],"wp:attachment":[{"href":"https:\/\/www.sindilat.com.br\/site\/wp-json\/wp\/v2\/media?parent=453"}],"wp:term":[{"taxonomy":"category","embeddable":true,"href":"https:\/\/www.sindilat.com.br\/site\/wp-json\/wp\/v2\/categories?post=453"},{"taxonomy":"post_tag","embeddable":true,"href":"https:\/\/www.sindilat.com.br\/site\/wp-json\/wp\/v2\/tags?post=453"}],"curies":[{"name":"wp","href":"https:\/\/api.w.org\/{rel}","templated":true}]}}