{"id":451,"date":"2015-06-03T17:11:02","date_gmt":"2015-06-03T17:11:02","guid":{"rendered":"http:\/\/www.sindilat.com.br\/site\/2015\/06\/03\/bovinocultura-de-leite-ganha-frente-parlamentar\/"},"modified":"2015-06-03T17:11:02","modified_gmt":"2015-06-03T17:11:02","slug":"bovinocultura-de-leite-ganha-frente-parlamentar","status":"publish","type":"post","link":"https:\/\/www.sindilat.com.br\/site\/2015\/06\/03\/bovinocultura-de-leite-ganha-frente-parlamentar\/","title":{"rendered":"Bovinocultura de leite ganha Frente Parlamentar"},"content":{"rendered":"<p style=\"text-align: justify;\">03\/09\/2015<\/p>\n<p style=\"text-align: justify;\">Na data em que se comemora o Dia Mundial do Leite - 1\u00ba de junho - parlamentares, produtores e representantes do setor l\u00e1cteo celebraram mais uma conquista: o lan\u00e7amento da Frente Parlamentar pela Valoriza\u00e7\u00e3o do Setor de Bovinocultura do Leite na C\u00e2mara dos Deputados.<\/p>\n<p style=\"text-align: justify;\">Criada com o objetivo de discutir, elaborar e propor a tramita\u00e7\u00e3o de propostas que incentivem a ind\u00fastria l\u00e1ctea e a democratiza\u00e7\u00e3o do acesso regular e permanente de todos os brasileiros ao consumo de leite de qualidade, a Frente foi lan\u00e7ada durante o \u201cBras\u00edlia FestLeite\u201d, no Museu da Rep\u00fablica, em Bras\u00edlia.<\/p>\n<p style=\"text-align: justify;\">Para Carlos Magno, assessor t\u00e9cnico da Superintend\u00eancia T\u00e9cnica da Confedera\u00e7\u00e3o da Agricultura e Pecu\u00e1ria do Brasil (CNA), a cria\u00e7\u00e3o da Frente veio em momento oportuno, uma vez que o setor tem sofrido achatamento nas margens tanto na produ\u00e7\u00e3o prim\u00e1ria quanto industrial. \u201cOs estudos deste grupo de trabalho vai apontar os gargalos e indicar os melhores caminhos para melhorar a produtividade e a competitividade, auxiliar a \u00e1rea t\u00e9cnica e aumentar o consumo do produto\u201d, justificou.<\/p>\n<p style=\"text-align: justify;\">O presidente da Frente, deputado Celso Maldaner (PMDB\/SC), acrescentou que uma das grandes preocupa\u00e7\u00f5es do setor se refere \u00e0 busca de diretrizes para equilibrar o mercado interno, considerando que o consumo de leite no Pa\u00eds n\u00e3o acompanhou o aumento da produ\u00e7\u00e3o, que na \u00faltima d\u00e9cada foi de 4,5% ao ano. \u201cO setor trabalha para estimular esse consumo e aumentar as exporta\u00e7\u00f5es e rever o atual desiquil\u00edbrio no mercado. O pre\u00e7o pago ao produtor caiu 15%, do ano passado para c\u00e1. Precisamos reverter esse quadro. A maneira mais eficaz de beneficiar o produtor \u00e9 melhorar a competitividade da ind\u00fastria\u201d, disse.<\/p>\n<p style=\"text-align: justify;\">Outra a\u00e7\u00e3o que a Frente Parlamentar quer implementar \u00e9 trabalhar no esclarecimento \u00e0 sociedade sobre os benef\u00edcios nutricionais do leite, bem como a qualidade, enfatizando os rigorosos controles sanit\u00e1rios pelos quais passa o produto em todas as suas etapas de produ\u00e7\u00e3o.<\/p>\n<p style=\"text-align: justify;\">As informa\u00e7\u00f5es s\u00e3o da Assessoria de Comunica\u00e7\u00e3o CNA<\/p>\n","protected":false},"excerpt":{"rendered":"<p>03\/09\/2015 Na data em que se comemora o Dia Mundial do Leite - 1\u00ba de junho - parlamentares, produtores e representantes do setor l\u00e1cteo celebraram mais uma conquista: o lan\u00e7amento da Frente Parlamentar pela Valoriza\u00e7\u00e3o do Setor de Bovinocultura do Leite na C\u00e2mara dos Deputados. Criada com o objetivo de discutir, elaborar e propor a <a href=\"https:\/\/www.sindilat.com.br\/site\/2015\/06\/03\/bovinocultura-de-leite-ganha-frente-parlamentar\/\" class=\"more-link\">...continuar lendo<span class=\"screen-reader-text\"> \"Bovinocultura de leite ganha Frente Parlamentar\"<\/span><\/a><\/p>\n","protected":false},"author":1,"featured_media":0,"comment_status":"open","ping_status":"open","sticky":false,"template":"","format":"standard","meta":{"ngg_post_thumbnail":0,"footnotes":""},"categories":[18],"tags":[],"class_list":{"0":"post-451","1":"post","2":"type-post","3":"status-publish","4":"format-standard","6":"category-noticias","7":"h-entry","8":"hentry","9":"h-as-article"},"_links":{"self":[{"href":"https:\/\/www.sindilat.com.br\/site\/wp-json\/wp\/v2\/posts\/451","targetHints":{"allow":["GET"]}}],"collection":[{"href":"https:\/\/www.sindilat.com.br\/site\/wp-json\/wp\/v2\/posts"}],"about":[{"href":"https:\/\/www.sindilat.com.br\/site\/wp-json\/wp\/v2\/types\/post"}],"author":[{"embeddable":true,"href":"https:\/\/www.sindilat.com.br\/site\/wp-json\/wp\/v2\/users\/1"}],"replies":[{"embeddable":true,"href":"https:\/\/www.sindilat.com.br\/site\/wp-json\/wp\/v2\/comments?post=451"}],"version-history":[{"count":0,"href":"https:\/\/www.sindilat.com.br\/site\/wp-json\/wp\/v2\/posts\/451\/revisions"}],"wp:attachment":[{"href":"https:\/\/www.sindilat.com.br\/site\/wp-json\/wp\/v2\/media?parent=451"}],"wp:term":[{"taxonomy":"category","embeddable":true,"href":"https:\/\/www.sindilat.com.br\/site\/wp-json\/wp\/v2\/categories?post=451"},{"taxonomy":"post_tag","embeddable":true,"href":"https:\/\/www.sindilat.com.br\/site\/wp-json\/wp\/v2\/tags?post=451"}],"curies":[{"name":"wp","href":"https:\/\/api.w.org\/{rel}","templated":true}]}}