{"id":436,"date":"2015-05-26T17:02:23","date_gmt":"2015-05-26T17:02:23","guid":{"rendered":"http:\/\/www.sindilat.com.br\/site\/2015\/05\/26\/conseleite-santa-catarina-maio\/"},"modified":"2015-05-26T17:02:23","modified_gmt":"2015-05-26T17:02:23","slug":"conseleite-santa-catarina-maio","status":"publish","type":"post","link":"https:\/\/www.sindilat.com.br\/site\/2015\/05\/26\/conseleite-santa-catarina-maio\/","title":{"rendered":"CONSELEITE \u2013 SANTA CATARINA: Maio"},"content":{"rendered":"<p>26\/05\/2015<\/p>\n<p>A diretoria do Conseleite Santa Catarina reunida no dia 21 de maio de 2015 na cidade de Joa\u00e7aba, atendendo os dispositivos disciplinados no artigo 15 do seu Estatuto, inciso I, aprova e divulga os pre\u00e7os de refer\u00eancia para a mat\u00e9ria-prima leite, realizado no m\u00eas de abril de 2015 e a proje\u00e7\u00e3o dos pre\u00e7os de refer\u00eancia para o m\u00eas de maio de 2015. Os valores divulgados compreendem os pre\u00e7os de refer\u00eancia para o leite padr\u00e3o, bem como o maior e menor valor de refer\u00eancia, de acordo com os par\u00e2metros de \u00e1gio e des\u00e1gio em rela\u00e7\u00e3o ao Leite Padr\u00e3o, calculados segundo metodologia definida pelo Conseleite-Santa Catarina.<\/p>\n<p><img loading=\"lazy\" decoding=\"async\" class=\" size-full wp-image-435\" src=\"http:\/\/www.sindilat.com.br\/site\/wp-content\/uploads\/2015\/05\/consc.gif\" alt=\"consc\" width=\"330\" height=\"371\" \/><\/p>\n<p>O leite padr\u00e3o \u00e9 aquele que cont\u00e9m entre 3,51 e 3,60% de gordura, entre 3,11 e 3,15% de prote\u00edna, entre 8,61 e 8,70% de s\u00f3lidos n\u00e3o gordurosos, entre 451 e 500 mil c\u00e9lulas som\u00e1ticas\/ml e 251 a 300 mil ufc\/ml de contagem bacteriana.<\/p>\n<p>O leite abaixo do padr\u00e3o \u00e9 aquele que cont\u00e9m 3,00 a 3,05% de gordura, entre 2,90 e 2,95% de prote\u00edna, entre 8,40 e 8,50% de s\u00f3lidos n\u00e3o gordurosos, no m\u00e1ximo 600 mil c\u00e9lulas som\u00e1ticas\/ml e no m\u00e1ximo 600 mil ufc\/ml de contagem bacteriana. O Conseleite Santa Catarina n\u00e3o precifica leites com qualidades inferiores ao leite abaixo do padr\u00e3o. (Conseleite\/SC)<\/p>\n","protected":false},"excerpt":{"rendered":"<p>26\/05\/2015 A diretoria do Conseleite Santa Catarina reunida no dia 21 de maio de 2015 na cidade de Joa\u00e7aba, atendendo os dispositivos disciplinados no artigo 15 do seu Estatuto, inciso I, aprova e divulga os pre\u00e7os de refer\u00eancia para a mat\u00e9ria-prima leite, realizado no m\u00eas de abril de 2015 e a proje\u00e7\u00e3o dos pre\u00e7os de <a href=\"https:\/\/www.sindilat.com.br\/site\/2015\/05\/26\/conseleite-santa-catarina-maio\/\" class=\"more-link\">...continuar lendo<span class=\"screen-reader-text\"> \"CONSELEITE \u2013 SANTA CATARINA: Maio\"<\/span><\/a><\/p>\n","protected":false},"author":1,"featured_media":435,"comment_status":"open","ping_status":"open","sticky":false,"template":"","format":"standard","meta":{"ngg_post_thumbnail":0,"footnotes":""},"categories":[18],"tags":[],"class_list":{"0":"post-436","1":"post","2":"type-post","3":"status-publish","4":"format-standard","5":"has-post-thumbnail","7":"category-noticias","8":"h-entry","9":"hentry","10":"h-as-article"},"_links":{"self":[{"href":"https:\/\/www.sindilat.com.br\/site\/wp-json\/wp\/v2\/posts\/436","targetHints":{"allow":["GET"]}}],"collection":[{"href":"https:\/\/www.sindilat.com.br\/site\/wp-json\/wp\/v2\/posts"}],"about":[{"href":"https:\/\/www.sindilat.com.br\/site\/wp-json\/wp\/v2\/types\/post"}],"author":[{"embeddable":true,"href":"https:\/\/www.sindilat.com.br\/site\/wp-json\/wp\/v2\/users\/1"}],"replies":[{"embeddable":true,"href":"https:\/\/www.sindilat.com.br\/site\/wp-json\/wp\/v2\/comments?post=436"}],"version-history":[{"count":0,"href":"https:\/\/www.sindilat.com.br\/site\/wp-json\/wp\/v2\/posts\/436\/revisions"}],"wp:featuredmedia":[{"embeddable":true,"href":"https:\/\/www.sindilat.com.br\/site\/wp-json\/wp\/v2\/media\/435"}],"wp:attachment":[{"href":"https:\/\/www.sindilat.com.br\/site\/wp-json\/wp\/v2\/media?parent=436"}],"wp:term":[{"taxonomy":"category","embeddable":true,"href":"https:\/\/www.sindilat.com.br\/site\/wp-json\/wp\/v2\/categories?post=436"},{"taxonomy":"post_tag","embeddable":true,"href":"https:\/\/www.sindilat.com.br\/site\/wp-json\/wp\/v2\/tags?post=436"}],"curies":[{"name":"wp","href":"https:\/\/api.w.org\/{rel}","templated":true}]}}