{"id":434,"date":"2015-05-26T16:58:39","date_gmt":"2015-05-26T16:58:39","guid":{"rendered":"http:\/\/www.sindilat.com.br\/site\/2015\/05\/26\/expointer-2015-e-divulgada-durante-evento-da-abiec-em-paris\/"},"modified":"2015-05-26T16:58:39","modified_gmt":"2015-05-26T16:58:39","slug":"expointer-2015-e-divulgada-durante-evento-da-abiec-em-paris","status":"publish","type":"post","link":"https:\/\/www.sindilat.com.br\/site\/2015\/05\/26\/expointer-2015-e-divulgada-durante-evento-da-abiec-em-paris\/","title":{"rendered":"Expointer 2015 \u00e9 divulgada durante evento da ABIEC em Paris"},"content":{"rendered":"<p style=\"text-align: justify;\">26\/05\/2015<\/p>\n<p style=\"text-align: justify;\">A Comitiva Ga\u00facha que participa da 83\u00aa Assembleia Mundial da Organiza\u00e7\u00e3o Mundial de Sa\u00fade Animal (OIE), formada pelos deputados estaduais Frederico Antunes, S\u00e9rgio Turra, Luiz Fernando Mainardi e Alo\u00edsio Classmann, esteve, ao lado da Ministra da Agricultura Katia Abreu, do Secret\u00e1rio da Agricultura e Pecu\u00e1ria do RS, Ernani Polo e dos senadores Ana Am\u00e9lia e Lasier Martins divulgando a realiza\u00e7\u00e3o da Expointer 2015, durante reuni\u00e3o da Associa\u00e7\u00e3o Brasileira das Ind\u00fastrias Exportadoras de Carne (ABIEC), na OIE, em Paris.<\/p>\n<p style=\"text-align: justify;\"><img loading=\"lazy\" decoding=\"async\" class=\" size-full wp-image-433\" src=\"http:\/\/www.sindilat.com.br\/site\/wp-content\/uploads\/2015\/05\/a.jpg\" alt=\"a\" style=\"line-height: 24px;\" width=\"580\" height=\"326\" srcset=\"https:\/\/www.sindilat.com.br\/site\/wp-content\/uploads\/2015\/05\/a.jpg 580w, https:\/\/www.sindilat.com.br\/site\/wp-content\/uploads\/2015\/05\/a-300x169.jpg 300w\" sizes=\"auto, (max-width: 580px) 100vw, 580px\" \/><\/p>\n<p>Na recep\u00e7\u00e3o da ABIEC aos participantes da Assembleia da OIE, a Ministra da Agricultura e Abastecimento K\u00e1tia Abreu refor\u00e7ou o convite para que delega\u00e7\u00f5es de outros pa\u00edses e Estados brasileiros visitem a Expointer, maior feira a c\u00e9u aberto da Am\u00e9rica Latina, de 29 de agosto a 6 de setembro, uma referencia do setor no Brasil e na Am\u00e9rica.<\/p>\n<p>Na quarta-feira (26) haver\u00e1 o lan\u00e7amento da Expointer 2015 para delega\u00e7\u00f5es que participam da Assembleia da OIE, na embaixada brasileira. J\u00e1 na quinta-feira, o secret\u00e1rio da Agricultura e Pecu\u00e1ria, junto com o governador Jos\u00e9 Ivo Sartori, ir\u00e3o receber certificado da OIE, que reconhece o Rio Grande do Sul como Zona Livre da Peste Su\u00edna Cl\u00e1ssica. Em todo o mundo, apenas 21 pa\u00edses receber\u00e3o esse certificado, o que pode alavancar ainda mais os neg\u00f3cios envolvendo o setor de su\u00ednos no Rio Grande do Sul. (SEAPA)<\/p>\n","protected":false},"excerpt":{"rendered":"<p>26\/05\/2015 A Comitiva Ga\u00facha que participa da 83\u00aa Assembleia Mundial da Organiza\u00e7\u00e3o Mundial de Sa\u00fade Animal (OIE), formada pelos deputados estaduais Frederico Antunes, S\u00e9rgio Turra, Luiz Fernando Mainardi e Alo\u00edsio Classmann, esteve, ao lado da Ministra da Agricultura Katia Abreu, do Secret\u00e1rio da Agricultura e Pecu\u00e1ria do RS, Ernani Polo e dos senadores Ana Am\u00e9lia <a href=\"https:\/\/www.sindilat.com.br\/site\/2015\/05\/26\/expointer-2015-e-divulgada-durante-evento-da-abiec-em-paris\/\" class=\"more-link\">...continuar lendo<span class=\"screen-reader-text\"> \"Expointer 2015 \u00e9 divulgada durante evento da ABIEC em Paris\"<\/span><\/a><\/p>\n","protected":false},"author":1,"featured_media":433,"comment_status":"open","ping_status":"open","sticky":false,"template":"","format":"standard","meta":{"ngg_post_thumbnail":0,"footnotes":""},"categories":[18],"tags":[],"class_list":{"0":"post-434","1":"post","2":"type-post","3":"status-publish","4":"format-standard","5":"has-post-thumbnail","7":"category-noticias","8":"h-entry","9":"hentry","10":"h-as-article"},"_links":{"self":[{"href":"https:\/\/www.sindilat.com.br\/site\/wp-json\/wp\/v2\/posts\/434","targetHints":{"allow":["GET"]}}],"collection":[{"href":"https:\/\/www.sindilat.com.br\/site\/wp-json\/wp\/v2\/posts"}],"about":[{"href":"https:\/\/www.sindilat.com.br\/site\/wp-json\/wp\/v2\/types\/post"}],"author":[{"embeddable":true,"href":"https:\/\/www.sindilat.com.br\/site\/wp-json\/wp\/v2\/users\/1"}],"replies":[{"embeddable":true,"href":"https:\/\/www.sindilat.com.br\/site\/wp-json\/wp\/v2\/comments?post=434"}],"version-history":[{"count":0,"href":"https:\/\/www.sindilat.com.br\/site\/wp-json\/wp\/v2\/posts\/434\/revisions"}],"wp:featuredmedia":[{"embeddable":true,"href":"https:\/\/www.sindilat.com.br\/site\/wp-json\/wp\/v2\/media\/433"}],"wp:attachment":[{"href":"https:\/\/www.sindilat.com.br\/site\/wp-json\/wp\/v2\/media?parent=434"}],"wp:term":[{"taxonomy":"category","embeddable":true,"href":"https:\/\/www.sindilat.com.br\/site\/wp-json\/wp\/v2\/categories?post=434"},{"taxonomy":"post_tag","embeddable":true,"href":"https:\/\/www.sindilat.com.br\/site\/wp-json\/wp\/v2\/tags?post=434"}],"curies":[{"name":"wp","href":"https:\/\/api.w.org\/{rel}","templated":true}]}}