{"id":432,"date":"2015-05-26T16:52:13","date_gmt":"2015-05-26T16:52:13","guid":{"rendered":"http:\/\/www.sindilat.com.br\/site\/2015\/05\/26\/quem-se-importa-com-as-exportacoes\/"},"modified":"2015-05-26T16:52:13","modified_gmt":"2015-05-26T16:52:13","slug":"quem-se-importa-com-as-exportacoes","status":"publish","type":"post","link":"https:\/\/www.sindilat.com.br\/site\/2015\/05\/26\/quem-se-importa-com-as-exportacoes\/","title":{"rendered":"Quem se importa com as exporta\u00e7\u00f5es"},"content":{"rendered":"<p style=\"text-align: justify;\">26\/05\/2015<\/p>\n<p style=\"text-align: justify;\"><img loading=\"lazy\" decoding=\"async\" class=\" alignright size-full wp-image-244\" src=\"http:\/\/www.sindilat.com.br\/site\/wp-content\/uploads\/2015\/03\/download.jpg\" alt=\"download\" style=\"float: right;\" width=\"117\" height=\"146\" \/>A controversa Lei Kandir, em vigor desde 1996, disp\u00f5e sobre a isen\u00e7\u00e3o do ICMS aos produtos e servi\u00e7os destinados \u00e0 exporta\u00e7\u00e3o. Na origem, pretendia estimular setores produtivos voltados \u00e0 exporta\u00e7\u00e3o, favorecendo saldos positivos na balan\u00e7a comercial. Na pr\u00e1tica, por\u00e9m, provocou um efeito perverso com perdas relevantes nas receitas estaduais, especialmente dos estados exportadores e se transformou em dor de cabe\u00e7a para os governadores. Ao aderirem \u00e0 pol\u00edtica federal para ampliar as exporta\u00e7\u00f5es e fomentar o desenvolvimento econ\u00f4mico, num mundo globalizado e competitivo, estados como o Rio Grande do Sul abriram m\u00e3o de receitas de ICMS e esses recursos come\u00e7aram a faltar para atender necessidades b\u00e1sicas da popula\u00e7\u00e3o, como sa\u00fade, seguran\u00e7a, educa\u00e7\u00e3o e infraestrutura.<\/p>\n<p style=\"text-align: justify;\">Os Estados exportadores s\u00e3o duplamente penalizados. Primeiro, pela perda de arrecada\u00e7\u00e3o e, depois, pelas compensa\u00e7\u00f5es nem sempre honradas na medida adequada pela Uni\u00e3o. As comunidades e a popula\u00e7\u00e3o que participaram do esfor\u00e7o em favor da produ\u00e7\u00e3o de bens e servi\u00e7os export\u00e1veis ficaram sem os frutos desse empenho de amplia\u00e7\u00e3o de mercados. Al\u00e9m disso, a Uni\u00e3o tem atrasado a aplica\u00e7\u00e3o dos efeitos da renegocia\u00e7\u00e3o da d\u00edvida, j\u00e1 aprovada no Senado, e continua sugando, mensalmente, 13% das j\u00e1 fragilizadas receitas p\u00fablicas do Rio Grande do Sul. Para mitigar os efeitos da Lei Kandir sobre as finan\u00e7as dos Estados exportadores, apresentei proposta de emenda constitucional (PEC 22\/2014) com o apoio de mais 30 senadores, autorizando a troca de parte das d\u00edvidas de Estados e munic\u00edpios com a Uni\u00e3o, com os cr\u00e9ditos fiscais da desonera\u00e7\u00e3o de tributos sobre as exporta\u00e7\u00f5es. \u00c9 um \u201cencontro de contas\u201d decorrente de um cr\u00e9dito, n\u00e3o \u00e9 um favor.<\/p>\n<p style=\"text-align: justify;\">O Rio Grande do Sul recebe, hoje, somente R$ 300 milh\u00f5es\/ano como ressarcimento da Lei Kandir e de outros fundos de compensa\u00e7\u00e3o, ou apenas 10% do que teria direito. Pela regra original que regia tais compensa\u00e7\u00f5es, o Estado seria credor de R$ 3,2 bilh\u00f5es. O ingresso dessa receita garantiria abatimento expressivo na d\u00edvida ga\u00facha no longo prazo _ a parcela mensal da d\u00edvida \u00e9 de R$ 280 milh\u00f5es. A iniciativa, se prosperar, permitir\u00e1 que o Rio Grande e outros Estados exportadores voltem a ter expectativas de novos investimentos, melhorias na presta\u00e7\u00e3o de servi\u00e7os e crescimento econ\u00f4mico, com prioridade nas pessoas. Ou seja, n\u00e3o se trata apenas de uma opera\u00e7\u00e3o financeira, mas uma proposta de dimens\u00e3o social para reafirmar que quem se importa com as exporta\u00e7\u00f5es, deve se importar tamb\u00e9m com o bem-estar da popula\u00e7\u00e3o. (Senadora Ana Am\u00e9lia Lemos \u2013 para Zero Hora)<\/p>\n","protected":false},"excerpt":{"rendered":"<p>26\/05\/2015 A controversa Lei Kandir, em vigor desde 1996, disp\u00f5e sobre a isen\u00e7\u00e3o do ICMS aos produtos e servi\u00e7os destinados \u00e0 exporta\u00e7\u00e3o. Na origem, pretendia estimular setores produtivos voltados \u00e0 exporta\u00e7\u00e3o, favorecendo saldos positivos na balan\u00e7a comercial. Na pr\u00e1tica, por\u00e9m, provocou um efeito perverso com perdas relevantes nas receitas estaduais, especialmente dos estados exportadores e <a href=\"https:\/\/www.sindilat.com.br\/site\/2015\/05\/26\/quem-se-importa-com-as-exportacoes\/\" class=\"more-link\">...continuar lendo<span class=\"screen-reader-text\"> \"Quem se importa com as exporta\u00e7\u00f5es\"<\/span><\/a><\/p>\n","protected":false},"author":1,"featured_media":244,"comment_status":"open","ping_status":"open","sticky":false,"template":"","format":"standard","meta":{"ngg_post_thumbnail":0,"footnotes":""},"categories":[18],"tags":[],"class_list":{"0":"post-432","1":"post","2":"type-post","3":"status-publish","4":"format-standard","5":"has-post-thumbnail","7":"category-noticias","8":"h-entry","9":"hentry","10":"h-as-article"},"_links":{"self":[{"href":"https:\/\/www.sindilat.com.br\/site\/wp-json\/wp\/v2\/posts\/432","targetHints":{"allow":["GET"]}}],"collection":[{"href":"https:\/\/www.sindilat.com.br\/site\/wp-json\/wp\/v2\/posts"}],"about":[{"href":"https:\/\/www.sindilat.com.br\/site\/wp-json\/wp\/v2\/types\/post"}],"author":[{"embeddable":true,"href":"https:\/\/www.sindilat.com.br\/site\/wp-json\/wp\/v2\/users\/1"}],"replies":[{"embeddable":true,"href":"https:\/\/www.sindilat.com.br\/site\/wp-json\/wp\/v2\/comments?post=432"}],"version-history":[{"count":0,"href":"https:\/\/www.sindilat.com.br\/site\/wp-json\/wp\/v2\/posts\/432\/revisions"}],"wp:featuredmedia":[{"embeddable":true,"href":"https:\/\/www.sindilat.com.br\/site\/wp-json\/wp\/v2\/media\/244"}],"wp:attachment":[{"href":"https:\/\/www.sindilat.com.br\/site\/wp-json\/wp\/v2\/media?parent=432"}],"wp:term":[{"taxonomy":"category","embeddable":true,"href":"https:\/\/www.sindilat.com.br\/site\/wp-json\/wp\/v2\/categories?post=432"},{"taxonomy":"post_tag","embeddable":true,"href":"https:\/\/www.sindilat.com.br\/site\/wp-json\/wp\/v2\/tags?post=432"}],"curies":[{"name":"wp","href":"https:\/\/api.w.org\/{rel}","templated":true}]}}