{"id":4239,"date":"2019-11-22T18:11:34","date_gmt":"2019-11-22T18:11:34","guid":{"rendered":"http:\/\/www.sindilat.com.br\/site\/?p=4239"},"modified":"2019-11-22T18:11:34","modified_gmt":"2019-11-22T18:11:34","slug":"22-11-2019-2","status":"publish","type":"post","link":"https:\/\/www.sindilat.com.br\/site\/2019\/11\/22\/22-11-2019-2\/","title":{"rendered":"22\/11\/2019"},"content":{"rendered":"<p><strong><em><img decoding=\"async\" style=\"width: 643px; height: 89px;\" src=\"http:\/\/cache.mail2easy.com.br\/i\/6186\/3074\" alt=\"\"><\/em><\/strong><\/p>\n<div style=\"text-align: center;\">\n<p><strong><em>Porto Alegre, 22 de novembro de 2019<\/em><\/strong><strong><em>&nbsp; &nbsp; &nbsp; &nbsp; &nbsp; &nbsp; &nbsp; &nbsp; &nbsp; &nbsp; &nbsp; &nbsp; &nbsp; &nbsp; &nbsp; &nbsp; &nbsp; &nbsp; &nbsp; &nbsp; &nbsp; &nbsp; &nbsp; Ano 13 - N\u00b0 3.114<\/em><\/strong><img decoding=\"async\" style=\"width: 673px; height: 22px;\" src=\"http:\/\/cache.mail2easy.com.br\/i\/6186\/3078\" alt=\"\"><\/p>\n<p><img decoding=\"async\" src=\"http:\/\/cache.mail2easy.com.br\/i\/6186\/3075\" border=\"0\"><\/p>\n<p style=\"text-align: justify;\"><img decoding=\"async\" style=\"text-align: justify; border-width: 0px; border-style: solid; float: left;\" src=\"http:\/\/cache.mail2easy.com.br\/i\/6186\/3079\"><\/p>\n<p style=\"text-align: left;\"><strong>Perspectivas para a cadeia produtiva do leite \u00e9 tema de encontro em Porto Alegre<\/strong><\/p>\n<p style=\"text-align: justify;\">A Organiza\u00e7\u00e3o das Cooperativas Brasileiras (OCB) e a Federa\u00e7\u00e3o das Cooperativas Agropecu\u00e1rias do Estado do Rio Grande do Sul (Fecoagro\/RS) promovem, na pr\u00f3xima quinta-feira (28\/11), a C\u00e2mara do Leite com o objetivo de debater sobre as perspectivas para a cadeia produtiva do leite em 2020 junto \u00e0s entidades ligadas \u00e0 atividade. O encontro, que tem o apoio do Sindicato da Ind\u00fastria de Latic\u00ednios do RS (Sindilat), ser\u00e1 \u00e0s 14h, no Hotel Deville Prime Porto Alegre, localizado na Avenida dos Estados, 1909. Na pauta tamb\u00e9m est\u00e3o o cooperativismo l\u00e1cteo e os indicadores do pre\u00e7o do leite pago ao produtor.<\/p>\n<p style=\"text-align: justify;\">Segundo o pesquisador da Embrapa Gado de Leite Glauco Carvalho, que ir\u00e1 palestrar no evento, a ideia \u00e9 que as entidades saiam do encontro sabendo o que esperar para o pr\u00f3ximo ano e, assim, consigam tomar decis\u00f5es mais assertivas no campo e na ind\u00fastria. \u201cIrei abordar aspectos econ\u00f4micos como pre\u00e7o, produ\u00e7\u00e3o, consumo, custo, oferta e demanda do leite no cen\u00e1rio nacional e mundial\u201d, conta o pesquisador. Para Carvalho, \u00e9 importante que a cadeia esteja atenta a esses dados para que tenham resultados melhores no futuro.&nbsp;<\/p>\n<p style=\"text-align: justify;\">A iniciativa do Sistema OCB e da Fecoagro em trazer esses temas para discuss\u00e3o \u00e9 de suma import\u00e2ncia, visto que a cadeia l\u00e1ctea est\u00e1 em constante evolu\u00e7\u00e3o no Brasil. De acordo com o secret\u00e1rio-executivo do Sindilat, Darlan Palharini, \u00e9 preciso que todas as pontas da cadeia se adaptem para que haja uma melhora, tamb\u00e9m, na qualidade do leite. \u201cS\u00e3o essas a\u00e7\u00f5es, onde se traz profissionais de entidades que s\u00e3o refer\u00eancia no pa\u00eds, que auxiliam os dirigentes e executivos das ind\u00fastrias de latic\u00ednios do RS a projetar os pr\u00f3ximos anos do setor\u201d, afirma.<\/p>\n<p style=\"text-align: justify;\">Interessados em participar do evento devem realizar a inscri\u00e7\u00e3o clicando aqui. As vagas s\u00e3o limitadas. (Assessoria de imprensa Sindilat\/RS)<\/p>\n<p style=\"text-align: justify;\"><img decoding=\"async\" style=\"width: 639px; height: 928px;\" src=\"http:\/\/cache.mail2easy.com.br\/i\/6186\/3838\" alt=\"\"><\/p>\n<p><img decoding=\"async\" style=\"text-align: center; width: 673px; height: 22px;\" src=\"http:\/\/cache.mail2easy.com.br\/i\/6186\/3078\" alt=\"\"><\/p>\n<div style=\"text-align: left;\">\n<div style=\"text-align: justify;\">\n<div><strong>Leite\/Am\u00e9rica do Sul<\/strong><\/div>\n<div>As temperaturas diurnas continuam a subir na Am\u00e9rica do Sul, aumentando o estresse t\u00e9rmico das vacas leiteiras e diminuindo a produ\u00e7\u00e3o de leite, particularmente na regi\u00e3o do Cone Sul.&nbsp;<br \/>\n&nbsp;<br \/>\nEm outros pa\u00edses do continente, como Brasil, Peru e Equador, a produ\u00e7\u00e3o se aproxima do pico sazonal. O volume de leite ainda \u00e9 adequado para atender as necessidades das ind\u00fastrias de latic\u00ednios dos principais pa\u00edses exportadores, principalmente, Argentina e Uruguai.&nbsp;<\/div>\n<div>A produ\u00e7\u00e3o de queijo, iogurte, leite condensado permanece intensa antes das festas de fim de ano. No entanto, est\u00e1 havendo redu\u00e7\u00e3o do processamento de leite em p\u00f3, o que \u00e9 normal nessa \u00e9poca do ano.<\/div>\n<div>No Cone Sul os pre\u00e7os de exporta\u00e7\u00e3o do leite em p\u00f3 continuam elevados, motivados pela forte demanda, mas tamb\u00e9m, pelos elevados custos de fabrica\u00e7\u00e3o. (Usda \/ Tradu\u00e7\u00e3o: Terra Viva)<\/div>\n<div>&nbsp;<\/div>\n<div><img decoding=\"async\" style=\"width: 663px; height: 289px;\" src=\"http:\/\/cache.mail2easy.com.br\/i\/6186\/3834\" alt=\"\"><\/div>\n<div>&nbsp;<\/div>\n<div><img decoding=\"async\" style=\"width: 669px; height: 300px;\" src=\"http:\/\/cache.mail2easy.com.br\/i\/6186\/3835\" alt=\"\"><\/div>\n<div>&nbsp;<\/div>\n<div>&nbsp;<\/div>\n<div>&nbsp;<\/div>\n<div><strong>Leite\/Europa<\/strong><\/div>\n<div>A produ\u00e7\u00e3o de leite na Uni\u00e3o Europeia (UE), janeiro a setembro, deste ano aumentou 0,4% em rela\u00e7\u00e3o ao mesmo per\u00edodo de 2018.&nbsp;<\/div>\n<div>Entre os pa\u00edses, a produ\u00e7\u00e3o de leite caiu na Alemanha (-0,3%), Fran\u00e7a (-0m7%), Holanda (-1,4%), Reino Unido (+1,4%) e Irlanda (+8%). \u00c0 medida que chegamos ao final do ano, torna-se mais dif\u00edcil aumentar a produ\u00e7\u00e3o de leite. Isto porque a UE se aproxima do ponto baixo sazonal de produ\u00e7\u00e3o.<\/div>\n<div>No entanto existem alguns sinais favor\u00e1veis nos dois maiores pa\u00edses produtores de leite, Alemanha e Fran\u00e7a. Na primeira quinzena de novembro, observadores calculam que a produ\u00e7\u00e3o na Fran\u00e7a foi 1,7% maior do que as semanas correspondentes de 2018, e na Alemanha, aumentou 0,2% na mesma compara\u00e7\u00e3o.<\/div>\n<div>&nbsp;<\/div>\n<div><img decoding=\"async\" style=\"width: 497px; height: 235px;\" src=\"http:\/\/cache.mail2easy.com.br\/i\/6186\/3836\" alt=\"\"><br \/>\n&nbsp;<br \/>\nUma situa\u00e7\u00e3o complicada vem se desenvolvendo no \u00e2mbito da Organiza\u00e7\u00e3o Mundial do Com\u00e9rcio (OMC), com sede em Genebra, na Su\u00ed\u00e7a. Esta \u00e9 a associa\u00e7\u00e3o que decide disputas globais relacionadas ao com\u00e9rcio multinacional. Disputas entre alguns dos Estados membros est\u00e1 impedindo a nomea\u00e7\u00e3o de novos ju\u00edzes que seria necess\u00e1ria at\u00e9 o in\u00edcio de dezembro para compor o f\u00f3rum de apela\u00e7\u00e3o do \u00f3rg\u00e3o, para que possam ser julgadas disputas comerciais. O atraso tamb\u00e9m ir\u00e1 impedir a aprova\u00e7\u00e3o em tempo h\u00e1bil do novo or\u00e7amento. As negocia\u00e7\u00f5es continuam, mas, o resultado e o momento da resolu\u00e7\u00e3o permanecem incertos.<\/div>\n<div>A produ\u00e7\u00e3o de queijo entre janeiro e setembro deste ano na UE aumentou 0,3% em rela\u00e7\u00e3o a 2018. A varia\u00e7\u00e3o de produ\u00e7\u00e3o de queijo entre os pa\u00edses foi de +1,9% na Alemanha, +0,1% na Fran\u00e7a, +2,9% na Holanda, e +1,4% no Reino Unido.<\/div>\n<div>As exporta\u00e7\u00f5es de queijo na UE, de janeiro a setembro deste ano aumentaram 4% em rela\u00e7\u00e3o ao mesmo per\u00edodo de 2018. Entre os tr\u00eas principais destinos, as mudan\u00e7as no percentual de exporta\u00e7\u00e3o foram: Estados Unidos (+12%); Jap\u00e3o (+4%); e Su\u00ed\u00e7a (+1%).<\/div>\n<div>&nbsp;<\/div>\n<div><img decoding=\"async\" style=\"width: 735px; height: 478px;\" src=\"http:\/\/cache.mail2easy.com.br\/i\/6186\/3837\" alt=\"\"><\/div>\n<div>&nbsp;<\/div>\n<div>&nbsp;<\/div>\n<div>&nbsp;<\/div>\n<div style=\"text-align: center;\"><img decoding=\"async\" style=\"text-align: center;\" src=\"http:\/\/cache.mail2easy.com.br\/i\/6186\/3078\" border=\"0\"><\/div>\n<div style=\"text-align: center;\"><em style=\"text-align: center;\"><img decoding=\"async\" src=\"http:\/\/cache.mail2easy.com.br\/i\/6186\/3077\" border=\"0\"><\/em><\/div>\n<div style=\"text-align: center;\"><em><strong>Minist\u00e9rio \u00e9 autorizado a nomear 100 auditores fiscais at\u00e9 o fim do ano<\/strong><br \/>\nO Minist\u00e9rio da Agricultura, Pecu\u00e1ria e Abastecimento est\u00e1 autorizado a nomear 100 candidatos aprovados e n\u00e3o convocados no concurso p\u00fablico realizado em 2017 para o cargo de Auditor Fiscal Federal Agropecu\u00e1rio \u2013 M\u00e9dico Veterin\u00e1rio. As nomea\u00e7\u00f5es deste ano s\u00e3o excedentes, pois a sele\u00e7\u00e3o de 2017 ofereceu 300 vagas que j\u00e1 foram preenchidas em 2018. As nomea\u00e7\u00f5es foram autorizadas pelo ministro da Economia, Paulo Guedes, a t\u00edtulo de provimento adicional. A portaria foi publicada nesta quinta-feira (21) no Di\u00e1rio Oficial da Uni\u00e3o e estabelece que a nomea\u00e7\u00e3o dever\u00e1 ocorrer at\u00e9 31 de dezembro de 2019. A convoca\u00e7\u00e3o dos aprovados foi solicitada ao Minist\u00e9rio da Economia pela ministra Tereza Cristina, em mar\u00e7o deste ano. O pedido da ministra se baseou no decreto 6944\/09, que permite a nomea\u00e7\u00e3o de at\u00e9 50% do total de vagas originais ofertadas pelo edital. O provimento est\u00e1 condicionado \u00e0 exist\u00eancia de vagas na data da nomea\u00e7\u00e3o e \u00e0 declara\u00e7\u00e3o da secretaria executiva do Mapa sobre a adequa\u00e7\u00e3o or\u00e7ament\u00e1ria e financeira das novas despesas com a Lei Or\u00e7ament\u00e1ria Anual e sua compatibilidade com a Lei de Diretrizes Or\u00e7ament\u00e1rias, com a demonstra\u00e7\u00e3o da origem dos recursos. (Mapa)<\/em><\/div>\n<div style=\"text-align: center;\">&nbsp;<\/div>\n<\/div>\n<\/div>\n<div style=\"text-align: justify;\">\n<div style=\"text-align: center;\">\n<div><img decoding=\"async\" src=\"http:\/\/cache.mail2easy.com.br\/i\/6186\/3078\" border=\"0\"><\/div>\n<\/div>\n<\/div>\n<\/div>\n<p>&nbsp;<\/p>\n","protected":false},"excerpt":{"rendered":"<p>Porto Alegre, 22 de novembro de 2019&nbsp; &nbsp; &nbsp; &nbsp; &nbsp; &nbsp; &nbsp; &nbsp; &nbsp; &nbsp; &nbsp; &nbsp; &nbsp; &nbsp; &nbsp; &nbsp; &nbsp; &nbsp; &nbsp; &nbsp; &nbsp; &nbsp; &nbsp; Ano 13 - N\u00b0 3.114 Perspectivas para a cadeia produtiva do leite \u00e9 tema de encontro em Porto Alegre A Organiza\u00e7\u00e3o das Cooperativas Brasileiras (OCB) e <a href=\"https:\/\/www.sindilat.com.br\/site\/2019\/11\/22\/22-11-2019-2\/\" class=\"more-link\">...continuar lendo<span class=\"screen-reader-text\"> \"22\/11\/2019\"<\/span><\/a><\/p>\n","protected":false},"author":2,"featured_media":0,"comment_status":"open","ping_status":"open","sticky":false,"template":"","format":"standard","meta":{"ngg_post_thumbnail":0,"footnotes":""},"categories":[28],"tags":[],"class_list":{"0":"post-4239","1":"post","2":"type-post","3":"status-publish","4":"format-standard","6":"category-newsletter","7":"h-entry","8":"hentry","9":"h-as-article"},"_links":{"self":[{"href":"https:\/\/www.sindilat.com.br\/site\/wp-json\/wp\/v2\/posts\/4239","targetHints":{"allow":["GET"]}}],"collection":[{"href":"https:\/\/www.sindilat.com.br\/site\/wp-json\/wp\/v2\/posts"}],"about":[{"href":"https:\/\/www.sindilat.com.br\/site\/wp-json\/wp\/v2\/types\/post"}],"author":[{"embeddable":true,"href":"https:\/\/www.sindilat.com.br\/site\/wp-json\/wp\/v2\/users\/2"}],"replies":[{"embeddable":true,"href":"https:\/\/www.sindilat.com.br\/site\/wp-json\/wp\/v2\/comments?post=4239"}],"version-history":[{"count":1,"href":"https:\/\/www.sindilat.com.br\/site\/wp-json\/wp\/v2\/posts\/4239\/revisions"}],"predecessor-version":[{"id":4240,"href":"https:\/\/www.sindilat.com.br\/site\/wp-json\/wp\/v2\/posts\/4239\/revisions\/4240"}],"wp:attachment":[{"href":"https:\/\/www.sindilat.com.br\/site\/wp-json\/wp\/v2\/media?parent=4239"}],"wp:term":[{"taxonomy":"category","embeddable":true,"href":"https:\/\/www.sindilat.com.br\/site\/wp-json\/wp\/v2\/categories?post=4239"},{"taxonomy":"post_tag","embeddable":true,"href":"https:\/\/www.sindilat.com.br\/site\/wp-json\/wp\/v2\/tags?post=4239"}],"curies":[{"name":"wp","href":"https:\/\/api.w.org\/{rel}","templated":true}]}}