{"id":377,"date":"2015-05-12T18:19:52","date_gmt":"2015-05-12T18:19:52","guid":{"rendered":"http:\/\/www.sindilat.com.br\/site\/2015\/05\/12\/qualidade-e-mercado-do-leite-serao-os-temas-da-expoleite-fenasul\/"},"modified":"2015-05-12T18:19:52","modified_gmt":"2015-05-12T18:19:52","slug":"qualidade-e-mercado-do-leite-serao-os-temas-da-expoleite-fenasul","status":"publish","type":"post","link":"https:\/\/www.sindilat.com.br\/site\/2015\/05\/12\/qualidade-e-mercado-do-leite-serao-os-temas-da-expoleite-fenasul\/","title":{"rendered":"Qualidade e mercado do leite ser\u00e3o os temas da Expoleite\/Fenasul"},"content":{"rendered":"<p style=\"text-align: justify;\">12\/05\/2015<\/p>\n<p style=\"text-align: justify;\"><img loading=\"lazy\" decoding=\"async\" class=\" alignright size-full wp-image-375\" src=\"http:\/\/www.sindilat.com.br\/site\/wp-content\/uploads\/2015\/05\/discurso_Polo.JPG\" alt=\"discurso Polo\" style=\"float: right;\" width=\"223\" height=\"146\" srcset=\"https:\/\/www.sindilat.com.br\/site\/wp-content\/uploads\/2015\/05\/discurso_Polo.JPG 500w, https:\/\/www.sindilat.com.br\/site\/wp-content\/uploads\/2015\/05\/discurso_Polo-300x196.jpg 300w\" sizes=\"auto, (max-width: 223px) 100vw, 223px\" \/>O presidente do Sindilat\/RS, Alexandre Guerra participou, nesta ter\u00e7a-feira (12) no Galp\u00e3o Crioulo do Pal\u00e1cio Piratini, do evento \"Leite com Caf\u00e9\", para o lan\u00e7amento oficial da Expoleite\/Fenasul 2015, uma promo\u00e7\u00e3o da Associa\u00e7\u00e3o os Criadores de Gado Holand\u00eas do RS e da Secretaria da Agricultura e Pecu\u00e1ria do RS. A 38\u00aa Expoleite e 11\u00aa Fenasul acontece de 27 a 31 de maio, no Parque Assis Brasil, em Esteio.<\/p>\n<p style=\"text-align: justify;\">Para Guerra, durante a feira os produtores de gado leiteiro poder\u00e3o mostrar a qualidade do plantel ga\u00facho, que \u00e9 fundamental no processo de produ\u00e7\u00e3o de l\u00e1cteos. O Sindilat\/RS, estar\u00e1 com a vitrine do leite apresentando aos visitantes a seguran\u00e7a e qualidade do leite no processo da ind\u00fastria. <\/p>\n<p>O governador do Rio Grande do Sul, Jos\u00e9 Ivo Sartori reafirmou a import\u00e2ncia de fortalecer o setor leiteiro, que hoje mobiliza mais de 120 mil fam\u00edlias no Estado, e de ampliar mercados para a mat\u00e9ria-prima. A produ\u00e7\u00e3o di\u00e1ria no RS \u00e9 de aproximadamente 13 milh\u00f5es de litros\/dia e de 4,8 bilh\u00f5es de litros\/ano. O Estado \u00e9 o segundo maior produtor, atr\u00e1s de Minas Gerais. \"A cadeia produtiva do leite movimenta a economia ga\u00facha. Gera emprego no campo e na cidade e orgulha o Rio Grande do Sul\", disse Sartori.<\/p>\n<p style=\"text-align: justify;\">O governador afirmou \u201cque basta de olhar para tr\u00e1s, devemos agora olhar para frente\u201d. E completou: \u201cO leite ga\u00facho tem a melhor qualidade do Pa\u00eds e a uni\u00e3o de toda a cadeia l\u00e1ctea poder\u00e1 ser um exemplo para outros setores. Com um pacto entre todos os envolvidos isso \u00e9 poss\u00edvel. A disposi\u00e7\u00e3o do governo do Estado, por meio da Secretaria da Agricultura e Pecu\u00e1ria, \u00e9 de fortalecer o setor. \u201d<\/p>\n<p style=\"text-align: justify;\">O secret\u00e1rio da Agricultura e Pecu\u00e1ria, Ernani Polo, ressaltou que o desafio \u00e9 buscar novos mercados para a cadeia leiteira. Ele informou que o governo e entidades como Gadolando, Associa\u00e7\u00e3o Brasileira dos Criadores de Cavalo Crioulo e Sindicato da Ind\u00fastria de M\u00e1quinas e Equipamentos do RS (Simers) est\u00e3o trabalhando em conjunto para recuperar o Parque Assis Brasil, que teve \u00e1reas danificadas ap\u00f3s um temporal em dezembro de 2014.<\/p>\n<p style=\"text-align: justify;\"><img loading=\"lazy\" decoding=\"async\" class=\" size-full wp-image-376\" src=\"http:\/\/www.sindilat.com.br\/site\/wp-content\/uploads\/2015\/05\/Alexandre2.JPG\" alt=\"Alexandre2\" width=\"190\" height=\"263\" srcset=\"https:\/\/www.sindilat.com.br\/site\/wp-content\/uploads\/2015\/05\/Alexandre2.JPG 500w, https:\/\/www.sindilat.com.br\/site\/wp-content\/uploads\/2015\/05\/Alexandre2-217x300.jpg 217w\" sizes=\"auto, (max-width: 190px) 100vw, 190px\" \/><\/p>\n<p>O presidente da Associa\u00e7\u00e3o dos Criadores de Gado Holand\u00eas do RS- Gadolando, Marcos Tang, destacou que o Rio Grande do Sul produz mais leite do que consome. Por isso, a import\u00e2ncia do tema \u201cexporta\u00e7\u00e3o\u201d durante o Simp\u00f3sio. Tang acrescentou que o caminho natural \u00e9 a exporta\u00e7\u00e3o pela qualidade do leite ga\u00facho, o mais fiscalizado do Pa\u00eds. Ele sugeriu que a sanidade dos rebanhos precisa ter uma pol\u00edtica cont\u00ednua definida pelo governo.<\/p>\n<p>O presidente da Assembleia, Edson Brum, observou a presen\u00e7a de representantes de toda a cadeia leiteira no lan\u00e7amento oficial da Expoleite\/Fenasul. Tamb\u00e9m reafirmou a import\u00e2ncia do tema \u201cExporta\u00e7\u00e3o\u201d, durante o Simp\u00f3sio. \u201cHoje as barreiras n\u00e3o s\u00e3o mais alfandeg\u00e1rias, mas sanit\u00e1rias. Para exportar temos que ter cada vez mais qualidade na produ\u00e7\u00e3o leiteira e por isso a import\u00e2ncia desta discuss\u00e3o na Expoleite\u201d <br \/>Neste ano, a novidade fica com o espa\u00e7o Mundo do Leite, dentro do Pavilh\u00e3o de Gado Leiteiro, voltado a proporcionar aos jovens estudantes contato com a realidade do segmento leite. O estante Mundo do Leite levar\u00e1 os visitantes a um passeio por toda a cadeia do setor, desde a propriedade rural at\u00e9 o consumidor final. Ser\u00e3o apresentadas todas as etapas pelas quais o produto passa, destacando os processos de boas pr\u00e1ticas. A proje\u00e7\u00e3o ser\u00e1 acompanhada por t\u00e9cnicos que ir\u00e3o interagir com o p\u00fablico infantil. Os visitantes, ao final, ser\u00e3o convidados a degustar produtos l\u00e1cteos. <br \/>Est\u00e3o confirmadas as participa\u00e7\u00f5es das ra\u00e7as Holand\u00eas, Jersey, Girolando, Gir Leiteiro (bovinos de leite), Angus (bovinos de corte), \u00c1rabe e Mangalarga (equinos). As quest\u00f5es t\u00e9cnicas estar\u00e3o em pauta. Est\u00e3o agendados o 5\u00ba Simp\u00f3sio Qualidade e Mercado, o 23\u00ba Semin\u00e1rio dos Secret\u00e1rios Municipais de Agricultura, o 3\u00ba Dia da Qualidade e Gerenciamento de Propriedades Leiteiras. (ComEfeito Comunica\u00e7\u00e3o Estrat\u00e9gica)<\/p>\n","protected":false},"excerpt":{"rendered":"<p>12\/05\/2015 O presidente do Sindilat\/RS, Alexandre Guerra participou, nesta ter\u00e7a-feira (12) no Galp\u00e3o Crioulo do Pal\u00e1cio Piratini, do evento \"Leite com Caf\u00e9\", para o lan\u00e7amento oficial da Expoleite\/Fenasul 2015, uma promo\u00e7\u00e3o da Associa\u00e7\u00e3o os Criadores de Gado Holand\u00eas do RS e da Secretaria da Agricultura e Pecu\u00e1ria do RS. A 38\u00aa Expoleite e 11\u00aa Fenasul <a href=\"https:\/\/www.sindilat.com.br\/site\/2015\/05\/12\/qualidade-e-mercado-do-leite-serao-os-temas-da-expoleite-fenasul\/\" class=\"more-link\">...continuar lendo<span class=\"screen-reader-text\"> \"Qualidade e mercado do leite ser\u00e3o os temas da Expoleite\/Fenasul\"<\/span><\/a><\/p>\n","protected":false},"author":1,"featured_media":375,"comment_status":"open","ping_status":"open","sticky":false,"template":"","format":"standard","meta":{"ngg_post_thumbnail":0,"footnotes":""},"categories":[18],"tags":[],"class_list":{"0":"post-377","1":"post","2":"type-post","3":"status-publish","4":"format-standard","5":"has-post-thumbnail","7":"category-noticias","8":"h-entry","9":"hentry","10":"h-as-article"},"_links":{"self":[{"href":"https:\/\/www.sindilat.com.br\/site\/wp-json\/wp\/v2\/posts\/377","targetHints":{"allow":["GET"]}}],"collection":[{"href":"https:\/\/www.sindilat.com.br\/site\/wp-json\/wp\/v2\/posts"}],"about":[{"href":"https:\/\/www.sindilat.com.br\/site\/wp-json\/wp\/v2\/types\/post"}],"author":[{"embeddable":true,"href":"https:\/\/www.sindilat.com.br\/site\/wp-json\/wp\/v2\/users\/1"}],"replies":[{"embeddable":true,"href":"https:\/\/www.sindilat.com.br\/site\/wp-json\/wp\/v2\/comments?post=377"}],"version-history":[{"count":0,"href":"https:\/\/www.sindilat.com.br\/site\/wp-json\/wp\/v2\/posts\/377\/revisions"}],"wp:featuredmedia":[{"embeddable":true,"href":"https:\/\/www.sindilat.com.br\/site\/wp-json\/wp\/v2\/media\/375"}],"wp:attachment":[{"href":"https:\/\/www.sindilat.com.br\/site\/wp-json\/wp\/v2\/media?parent=377"}],"wp:term":[{"taxonomy":"category","embeddable":true,"href":"https:\/\/www.sindilat.com.br\/site\/wp-json\/wp\/v2\/categories?post=377"},{"taxonomy":"post_tag","embeddable":true,"href":"https:\/\/www.sindilat.com.br\/site\/wp-json\/wp\/v2\/tags?post=377"}],"curies":[{"name":"wp","href":"https:\/\/api.w.org\/{rel}","templated":true}]}}