{"id":372,"date":"2015-05-12T17:32:23","date_gmt":"2015-05-12T17:32:23","guid":{"rendered":"http:\/\/www.sindilat.com.br\/site\/2015\/05\/12\/sindilat-presente-ao-lancamento-do-projeto-de-melhoria-da-competitividade-e-qualidade-do-leite-brasileiro\/"},"modified":"2015-05-12T17:32:23","modified_gmt":"2015-05-12T17:32:23","slug":"sindilat-presente-ao-lancamento-do-projeto-de-melhoria-da-competitividade-e-qualidade-do-leite-brasileiro","status":"publish","type":"post","link":"https:\/\/www.sindilat.com.br\/site\/2015\/05\/12\/sindilat-presente-ao-lancamento-do-projeto-de-melhoria-da-competitividade-e-qualidade-do-leite-brasileiro\/","title":{"rendered":"Sindilat presente ao lan\u00e7amento do Projeto de Melhoria da Competitividade e Qualidade do Leite Brasileiro"},"content":{"rendered":"<p style=\"text-align: justify;\">12\/05\/2015<\/p>\n<p style=\"text-align: justify;\"><img loading=\"lazy\" decoding=\"async\" class=\" alignright size-full wp-image-371\" src=\"http:\/\/www.sindilat.com.br\/site\/wp-content\/uploads\/2015\/05\/brasilia_1205.jpg\" alt=\"brasilia 1205\" width=\"233\" height=\"175\" style=\"float: right;\" srcset=\"https:\/\/www.sindilat.com.br\/site\/wp-content\/uploads\/2015\/05\/brasilia_1205.jpg 960w, https:\/\/www.sindilat.com.br\/site\/wp-content\/uploads\/2015\/05\/brasilia_1205-300x225.jpg 300w, https:\/\/www.sindilat.com.br\/site\/wp-content\/uploads\/2015\/05\/brasilia_1205-768x576.jpg 768w\" sizes=\"auto, (max-width: 233px) 100vw, 233px\" \/>O Sindilat esteve presente nesta ter\u00e7a-feira (12\/05) \u00e0 apresenta\u00e7\u00e3o do Projeto de Melhoria da Competitividade do Setor L\u00e1cteo Brasileiro, pela ministra da Agricultura, Pecu\u00e1ria e Abastecimento (Mapa), K\u00e1tia Abreu, no Mapa, em Bras\u00edlia. O sindicato foi representado pelo 1 \u00ba vice-presidente, Guilherme Portella dos Santos, 2\u00ba vice-presidente, Raul Augusto Lopes do Amaral, e o secret\u00e1rio executivo, Darlan Palharini. O Rio Grande do Sul, segundo maior produtor brasileiro, \u00e9 um dos estados priorit\u00e1rios no projeto.&nbsp;Conforme o Mapa, o projeto visa a alinhar as pol\u00edticas p\u00fablicas do Minist\u00e9rio da Agricultura para o setor, a fim de qualificar ainda mais a produ\u00e7\u00e3o nacional, fazendo com que a competitividade aumente em rela\u00e7\u00e3o ao mercado internacional. \u201cPretendemos trabalhar concomitantemente a amplia\u00e7\u00e3o do consumo interno e a abertura de novos mercados, atuando como parceiros do setor produtivo e induzindo o desenvolvimento da competitividade nacional e internacional\u201d, afirmou a ministra K\u00e1tia Abreu.&nbsp;<\/p>\n<p style=\"text-align: justify;\">Os principais pilares do projeto ser\u00e3o a assist\u00eancia t\u00e9cnica, a abertura de linhas espec\u00edficas para a moderniza\u00e7\u00e3o e otimiza\u00e7\u00e3o de custos no setor, a sanidade animal, a qualidade e a promo\u00e7\u00e3o do consumo de leite. Al\u00e9m do RS, s\u00e3o considerados estados priorit\u00e1rios Santa Catarina, Paran\u00e1, Minas Gerais e Goi\u00e1s. No entanto, o projeto poder\u00e1 ser ampliado para outros estados. <\/p>\n<p>A proposta de assist\u00eancia t\u00e9cnica tem como objetivo a ascens\u00e3o dos produtores de leite das classes D e E, para a classe C, por meio da transfer\u00eancia de conhecimento t\u00e9cnico e gerencial. A meta ser\u00e1 atender um grupo de aproximadamente 80 mil produtores em um per\u00edodo de quatro anos.<\/p>\n<p>Outra meta apresentada no projeto \u00e9 fazer com que o leite chegue \u00e0s plataformas das ind\u00fastrias com melhoria no padr\u00e3o de qualidade. Para tanto, ser\u00e3o realizadas a\u00e7\u00f5es de atualiza\u00e7\u00e3o para produtores e funcion\u00e1rios das fazendas e para t\u00e9cnicos das ind\u00fastrias e de cooperativas, al\u00e9m de educa\u00e7\u00e3o continuada para os transportadores.<\/p>\n<p style=\"text-align: justify;\">&nbsp;<\/p>\n<p>  <!--more-->  <\/p>\n<p><strong>Qualidade do leite<\/strong><br \/>Para melhorar a qualidade do leite produzido nos estados beneficiados, foram estipuladas algumas metas. Entre elas, a reestrutura\u00e7\u00e3o do Programa Nacional de Qualidade do Leite (PNQL), que tem coordena\u00e7\u00e3o do minist\u00e9rio e participa\u00e7\u00e3o do setor privado e da comunidade cient\u00edfica; a cria\u00e7\u00e3o do Sistema Nacional de Monitoramento Espacial e Temoral para Melhoria da Qualidade e Competitividade do Leite (SIMQL), que conter\u00e1 dados analisados pela Rede Brasileira de Laborat\u00f3rios de Controle de Qualidade do Leite (RBQL); o aprimoramento do Sistema de Informa\u00e7\u00f5es Gerenciais do Servi\u00e7o de Inspe\u00e7\u00e3o Federal (SIGSIF) e da Plataforma de Gest\u00e3o Agropecu\u00e1ria (PGA) e o fortalecimento da Rede de Laborat\u00f3rios.<\/p>\n<p><strong>Linha de cr\u00e9dito<\/strong><br \/>Com rela\u00e7\u00e3o \u00e0s linhas de cr\u00e9dito espec\u00edficas para a melhoria da produ\u00e7\u00e3o, a inten\u00e7\u00e3o \u00e9 otimizar os custos da produ\u00e7\u00e3o e promover o investimento em tecnologias para a moderniza\u00e7\u00e3o da atividade. \u201cIsso ir\u00e1 contribuir para a melhoria da qualidade do leite, que consequentemente aumentar\u00e1 a competitividade das ind\u00fastrias, em fun\u00e7\u00e3o do maior rendimento dos produtos\u201d, disse a ministra.<\/p>\n<p><strong>Sanidade animal<\/strong><br \/>O projeto vai contribuir para a revis\u00e3o do Programa Nacional de Controle e Erradica\u00e7\u00e3o da Brucelose e Tuberculose Animal (PNCEBT), sendo que a principal proposta de altera\u00e7\u00e3o \u00e9 a categoriza\u00e7\u00e3o dos estados em classes e n\u00edveis de controle. As classes ser\u00e3o determinadas pelas preval\u00eancias, estimadas por estudos padronizados e realizados pelos servi\u00e7os veterin\u00e1rios oficiais. <\/p>\n<p>Para estabelecer os n\u00edveis, ser\u00e1 avaliada a execu\u00e7\u00e3o das a\u00e7\u00f5es de defesa sanit\u00e1 ria animal, apresentada pelo servi\u00e7o veterin\u00e1rio estadual e aprovada pelo Mapa. Para os pr\u00f3ximos dois anos, a previs\u00e3o \u00e9 de que no m\u00ednimo 80% das bezerras sejam vacinadas contra brucelose. (ComEfeito Comunica\u00e7\u00e3o Estrat\u00e9gica)<\/p>\n<p>&nbsp;<\/p>\n<p style=\"text-align: justify;\">*Com informa\u00e7\u00f5es da Assessoria de Comunica\u00e7\u00e3o do Mapa<\/p>\n","protected":false},"excerpt":{"rendered":"<p>12\/05\/2015 O Sindilat esteve presente nesta ter\u00e7a-feira (12\/05) \u00e0 apresenta\u00e7\u00e3o do Projeto de Melhoria da Competitividade do Setor L\u00e1cteo Brasileiro, pela ministra da Agricultura, Pecu\u00e1ria e Abastecimento (Mapa), K\u00e1tia Abreu, no Mapa, em Bras\u00edlia. O sindicato foi representado pelo 1 \u00ba vice-presidente, Guilherme Portella dos Santos, 2\u00ba vice-presidente, Raul Augusto Lopes do Amaral, e o <a href=\"https:\/\/www.sindilat.com.br\/site\/2015\/05\/12\/sindilat-presente-ao-lancamento-do-projeto-de-melhoria-da-competitividade-e-qualidade-do-leite-brasileiro\/\" class=\"more-link\">...continuar lendo<span class=\"screen-reader-text\"> \"Sindilat presente ao lan\u00e7amento do Projeto de Melhoria da Competitividade e Qualidade do Leite Brasileiro\"<\/span><\/a><\/p>\n","protected":false},"author":1,"featured_media":371,"comment_status":"open","ping_status":"open","sticky":false,"template":"","format":"standard","meta":{"ngg_post_thumbnail":0,"footnotes":""},"categories":[18],"tags":[],"class_list":{"0":"post-372","1":"post","2":"type-post","3":"status-publish","4":"format-standard","5":"has-post-thumbnail","7":"category-noticias","8":"h-entry","9":"hentry","10":"h-as-article"},"_links":{"self":[{"href":"https:\/\/www.sindilat.com.br\/site\/wp-json\/wp\/v2\/posts\/372","targetHints":{"allow":["GET"]}}],"collection":[{"href":"https:\/\/www.sindilat.com.br\/site\/wp-json\/wp\/v2\/posts"}],"about":[{"href":"https:\/\/www.sindilat.com.br\/site\/wp-json\/wp\/v2\/types\/post"}],"author":[{"embeddable":true,"href":"https:\/\/www.sindilat.com.br\/site\/wp-json\/wp\/v2\/users\/1"}],"replies":[{"embeddable":true,"href":"https:\/\/www.sindilat.com.br\/site\/wp-json\/wp\/v2\/comments?post=372"}],"version-history":[{"count":0,"href":"https:\/\/www.sindilat.com.br\/site\/wp-json\/wp\/v2\/posts\/372\/revisions"}],"wp:featuredmedia":[{"embeddable":true,"href":"https:\/\/www.sindilat.com.br\/site\/wp-json\/wp\/v2\/media\/371"}],"wp:attachment":[{"href":"https:\/\/www.sindilat.com.br\/site\/wp-json\/wp\/v2\/media?parent=372"}],"wp:term":[{"taxonomy":"category","embeddable":true,"href":"https:\/\/www.sindilat.com.br\/site\/wp-json\/wp\/v2\/categories?post=372"},{"taxonomy":"post_tag","embeddable":true,"href":"https:\/\/www.sindilat.com.br\/site\/wp-json\/wp\/v2\/tags?post=372"}],"curies":[{"name":"wp","href":"https:\/\/api.w.org\/{rel}","templated":true}]}}