{"id":3177,"date":"2019-03-22T20:22:10","date_gmt":"2019-03-22T20:22:10","guid":{"rendered":"http:\/\/www.sindilat.com.br\/site\/?p=3177"},"modified":"2019-03-22T20:22:10","modified_gmt":"2019-03-22T20:22:10","slug":"22-03-2019","status":"publish","type":"post","link":"https:\/\/www.sindilat.com.br\/site\/2019\/03\/22\/22-03-2019\/","title":{"rendered":"22\/03\/2019"},"content":{"rendered":"<p><strong><em><img decoding=\"async\" style=\"width: 643px; height: 89px;\" src=\"http:\/\/cache.mail2easy.com.br\/i\/6186\/3074\" alt=\"\"><\/em><\/strong><\/p>\n<div style=\"text-align: center;\">\n<p><strong><em>Porto Alegre, 22 de mar\u00e7o de 2019<\/em><\/strong><strong><em>&nbsp; &nbsp; &nbsp; &nbsp; &nbsp; &nbsp; &nbsp; &nbsp; &nbsp; &nbsp; &nbsp; &nbsp; &nbsp; &nbsp; &nbsp; &nbsp; &nbsp; &nbsp; &nbsp; &nbsp; &nbsp; &nbsp; &nbsp; Ano 13 - N\u00b0 2.943<\/em><\/strong><img decoding=\"async\" style=\"width: 673px; height: 22px;\" src=\"http:\/\/cache.mail2easy.com.br\/i\/6186\/3078\" alt=\"\"><\/p>\n<p><img decoding=\"async\" src=\"http:\/\/cache.mail2easy.com.br\/i\/6186\/3075\" border=\"0\"><\/p>\n<p style=\"text-align: justify;\"><img decoding=\"async\" style=\"text-align: justify; border-width: 0px; border-style: solid; float: left;\" src=\"http:\/\/cache.mail2easy.com.br\/i\/6186\/3079\"><\/p>\n<div style=\"text-align: justify;\">\n<p><strong><span style=\"text-align: justify;\">&nbsp; &nbsp; &nbsp;&nbsp;<\/span>CNA discute impactos da tributa\u00e7\u00e3o no setor l\u00e1cteo<\/strong><\/p>\n<p>A Confedera\u00e7\u00e3o da Agricultura e Pecu\u00e1ria do Brasil (CNA) participou na ter\u00e7a (19) da reuni\u00e3o da C\u00e2mara Setorial da Cadeia Produtiva de Leite e Derivados, do Minist\u00e9rio da Agricultura, para discutir os impactos da tributa\u00e7\u00e3o ao setor l\u00e1cteo.<\/p>\n<p>De acordo com o assessor t\u00e9cnico da Comiss\u00e3o Nacional de Pecu\u00e1ria de Leite da CNA, Thiago Rodrigues, um grupo t\u00e9cnico foi criado para avaliar quais os impostos que mais oneram a cadeia produtiva e solicitar ao Minist\u00e9rio da Economia a retirada deles. \u201cO objetivo principal \u00e9 reduzir os custos de produ\u00e7\u00e3o do pecuarista e de comercializa\u00e7\u00e3o da ind\u00fastria e consequentemente, melhorar a competitividade do setor\u201d, disse. Segundo ele, a primeira reuni\u00e3o do grupo, que ser\u00e1 coordenado pela Embrapa Gado de Leite, acontecer\u00e1 na pr\u00f3xima semana, em S\u00e3o Paulo. \u201cEsse tema tamb\u00e9m est\u00e1 sendo discutido dentro do plano de melhoria da competitividade do leite, pois \u00e9 uma das prioridades do setor\u201d.<\/p>\n<p>Durante a reuni\u00e3o, tamb\u00e9m foi debatida, no \u00e2mbito do plano, a necessidade de cria\u00e7\u00e3o de um seguro espec\u00edfico para o produtor de leite.<\/p>\n<\/div>\n<div style=\"text-align: justify;\"><img decoding=\"async\" style=\"width: 600px; height: 400px;\" src=\"http:\/\/cache.mail2easy.com.br\/i\/6186\/3298\" alt=\"\"><\/div>\n<div style=\"text-align: justify;\">\u201c\u00c9 uma demanda que diz respeito \u00e0 mitiga\u00e7\u00e3o de risco. Alguns modelos de seguros, como de renda, produ\u00e7\u00e3o e faturamento j\u00e1 est\u00e3o sendo avaliados para atender melhor o produtor e ser\u00e3o debatidos na pr\u00f3xima semana entre o Mapa, a CNA e um grupo de seguradoras\u201d. (Alfonsin)<\/div>\n<div style=\"text-align: justify;\">&nbsp; &nbsp; &nbsp; &nbsp; &nbsp; &nbsp; &nbsp; &nbsp; &nbsp;<img decoding=\"async\" style=\"text-align: center; width: 673px; height: 22px;\" src=\"http:\/\/cache.mail2easy.com.br\/i\/6186\/3078\" alt=\"\"><\/div>\n<div style=\"text-align: left;\">\n<div style=\"text-align: justify;\">&nbsp;<\/div>\n<div style=\"text-align: justify;\">\n<p><strong>Conseleite\/MS&nbsp;<\/strong><\/p>\n<p>A diretoria do Conseleite \u2013 Mato Grosso do Sul reunida no dia 15 de mar\u00e7o de 2019, aprova e divulga os valores de refer\u00eancia para a mat\u00e9ria-prima, referente ao leite entregue no m\u00eas de fevereiro de 2019 e a proje\u00e7\u00e3o dos valores de refer\u00eancia para leite a ser entregue no m\u00eas de mar\u00e7o de 2019. (Famasul)<\/p>\n<\/div>\n<div style=\"text-align: justify;\"><img decoding=\"async\" style=\"width: 597px; height: 258px;\" src=\"http:\/\/cache.mail2easy.com.br\/i\/6186\/3297\" alt=\"\"><\/div>\n<div style=\"text-align: justify;\">&nbsp;<\/div>\n<div style=\"text-align: justify;\">\n<p><strong>Leite tamb\u00e9m pode sofrer com queda nos pre\u00e7os<\/strong><\/p>\n<p>O relat\u00f3rio sobre perspectivas do Rabobank indicou que a oferta elevada de leite pode acabar limitando os pre\u00e7os do produto no Brasil. De acordo com a publica\u00e7\u00e3o, os bons pre\u00e7os adquiridos no primeiro semestre do ano podem fazer com que os produtores se sintam confiantes para aumentar a oferta.&nbsp;<\/p>\n<p>\u201cDe acordo com o indicador do CEPEA (Centro de Estudos Avan\u00e7ados em Economia Aplicada), os produtores receberam R$1,41\/litro (pre\u00e7o m\u00e9dio l\u00edquido) em fevereiro de 2019, comparado com R$1,06\/litro em fevereiro de 2018 (pre\u00e7o corrigido pela infla\u00e7\u00e3o). Isso significa que o pre\u00e7o de fevereiro de 2019 foi 33% superior ao pre\u00e7o de fevereiro de 2018 em termos reais\u201d, diz o relat\u00f3rio.&nbsp;<\/p>\n<p>Com custos de produ\u00e7\u00e3o levemente superiores aos registrados no in\u00edcio de 2018, as margens do produtor de leite est\u00e3o em territ\u00f3rio positivo no final do primeiro trimestre de 2019 e devem ajudar a estimular a produ\u00e7\u00e3o no segundo trimestre do ano durante o per\u00edodo de entressafra, segundo o Rabobank. \"Com a produ\u00e7\u00e3o aquecida e a chegada da safra de inverno na regi\u00e3o Sul do pa\u00eds, \u00e9 prov\u00e1vel um aumento significativo na oferta de leite no segundo trimestre\u201d, completa.&nbsp;<\/p>\n<p>Levando em considera\u00e7\u00e3o o com\u00e9rcio internacional, as importa\u00e7\u00f5es de l\u00e1cteos \u201ct\u00eam aumentado nos dois primeiros meses do ano, elevando o d\u00e9ficit comercial do Brasil\u201d. Com pre\u00e7os ao produtor no Brasil comparativamente superiores aos praticados no Mercosul, \u201co leite importado da Argentina e do Uruguai est\u00e1 em patamares competitivos e as importa\u00e7\u00f5es podem se manter em n\u00edveis elevados no segundo trimestre de 2019\u201d. (Agrolink)<\/p>\n<\/div>\n<div style=\"text-align: justify;\">&nbsp;<\/div>\n<div style=\"text-align: justify;\">\n<p><strong>Mapa: acesso \u00e0 internet no campo deve ter proposta para amplia\u00e7\u00e3o neste ano<\/strong><\/p>\n<p>O Secretario de Inova\u00e7\u00e3o, Desenvolvimento Rural e Irriga\u00e7\u00e3o, do Minist\u00e9rio da Agricultura, Pecu\u00e1ria e Abastecimento (Mapa), Fernando Camargo, deve entregar a ministra Tereza Cristina neste ano proposta para ampliar a conectividade no campo. Atualmente, informou, \u00e9 poss\u00edvel acessar a internet em qualquer ponto do pa\u00eds por meio de sat\u00e9lite, \u201cmas a um custo proibitivo para pequenos e m\u00e9dios produtores rurais\u201d.<\/p>\n<p>O secret\u00e1rio e equipe t\u00eam discutido alternativas de acesso \u00e0 rede com empresas p\u00fablicas e privadas do setor, com representantes do Minist\u00e9rio da Ci\u00eancia, Te cnologia, Inova\u00e7\u00f5es e Comunica\u00e7\u00f5es (MCTIC), universidades, como a Escola Superior de Agricultura Luiz de Queiroz\/USP.<\/p>\n<p>A necessidade de ampliar o acesso \u00e0 rede de internet foi um dos assuntos que o secret\u00e1rio tratou na XX Reuni\u00e3o da Comiss\u00e3o Brasileira de Agricultura de Precis\u00e3o, no Mapa, na \u00faltima quarta-feira (20). \u201c\u00c9 um recurso que pequenos e m\u00e9dios produtores do agroneg\u00f3cio precisam para a melhoria da sustentabilidade, da competitividade e para a motiva\u00e7\u00e3o da sucess\u00e3o familiar no campo\u201d, disse o secret\u00e1rio. Tamb\u00e9m foi discutida a import\u00e2ncia de fazer o acompanhamento e dar suporte t\u00e9cnico ao Projeto de Lei 355\/19 de autoria da ministra Tereza Cristina, que institui a Pol\u00edtica Nacional de Incentivo \u00e0 Agricultura de Precis\u00e3o. (MAPA)<\/p>\n<p>&nbsp;<\/p>\n<\/div>\n<div style=\"text-align: justify;\">\n<p><strong>Estabilidade nos pre\u00e7os dos l\u00e1cteos na UE<\/strong><\/p>\n<p>O \u00faltimo boletim do Observat\u00f3rio L\u00e1cteo da Uni\u00e3o Europeia (UE), de 21 mar\u00e7o, ressaltou:<\/p>\n<p>- Em compara\u00e7\u00e3o com a semana anterior, os pre\u00e7os m\u00e9dios da manteiga, do leite em p\u00f3 e do queijo cheddar na UE se mantiveram relativamente est\u00e1veis. Os pre\u00e7os do Emmental ca\u00edram 2,5%.<br \/>\n- Na semana passada houve ligeira queda no pre\u00e7o do leite no mercado spot da It\u00e1lia (\u20ac 0,41\/kg)<br \/>\n- Os custos da alimenta\u00e7\u00e3o animal ca\u00edram 3%, e os de energia subiram 1,5%, em rela\u00e7\u00e3o \u00e0 m\u00e9dia das quatro semanas anteriores.<br \/>\n- Tend\u00eancias divergentes nas cota\u00e7\u00f5es mundiais dos produtos l\u00e1cteos expressas em d\u00f3lar norte-americano.<br \/>\n- Os pre\u00e7os do leite em p\u00f3 desnatado na UE e nos Estados Unidos encontram-se em n\u00edvel similar, mas, 20% abaixo dos pre\u00e7os da Oceania.<br \/>\n- Aumento geral dos pre\u00e7os dos produtos l\u00e1cteos na Oceania: manteiga (+5,9%), leite em p\u00f3 integral (+5,8%), e queijo cheddar (+6,8%).<br \/>\n- Queda nos pre\u00e7os da manteiga na UE (-2,4%), do cheddar nos Estados Unidos (-4,3%) e do leite em p\u00f3 desnatado nos Estados Unidos (-2,1%).<br \/>\n- O pre\u00e7o do leite em p\u00f3 integral na UE, e na Oceania, agora est\u00e3o no mesmo n\u00edvel.<br \/>\n- A capta\u00e7\u00e3o de leite na UE caiu 1,5% em janeiro de 2019 em rela\u00e7\u00e3o a janeiro de 2018, o que resultou em 196.000 toneladas a menos de leite.<br \/>\n- A UE reduziu em janeiro sua produ\u00e7\u00e3o de leite em p\u00f3 desnatado (-8,5%), leite em p\u00f3 integral (-6,4%), manteiga (-1,9%), queijo (-1%), e leite de consumo (-1%).<br \/>\n- A produ\u00e7\u00e3o de leite da Nova Zel\u00e2ndia em janeiro (oitavo m\u00eas da campanha 2018\/19) aumentou 7,7% em compara\u00e7\u00e3o com janeiro de 2018 (totalizando 4,9% de aumento entre junho e janeiro).<br \/>\n- Os Estados Unidos tamb\u00e9m come\u00e7aram 2019 com aumento da produ\u00e7\u00e3o de leite em compara\u00e7\u00e3o com o ano anterior (0,9%).<br \/>\n- A produ\u00e7\u00e3o de leite da Austr\u00e1lia em janeiro (s\u00e9timo m\u00eas da campanha 2018\/19) diminui 11,3% em compara\u00e7\u00e3o com janeiro de 2018 (acumulando perda de 6% de julho a janeiro). (Agrodigital \u2013 Tradu\u00e7\u00e3o livre: Terra Viva)<\/p>\n<\/div>\n<div style=\"text-align: justify;\">&nbsp;<\/div>\n<div style=\"text-align: justify;\">\n<p><strong>UE \u2013 O uso do leite pelos europeus est\u00e1 mudando<\/strong><\/p>\n<p>As tend\u00eancias nas prefer\u00eancias dos consumidores mudaram a forma como o leite est\u00e1 sendo processado na Europa. Nas \u00faltimas perspectivas da Uni\u00e3o Europeia (UE) para os l\u00e1cteos, no curto prazo, houve deslocamento na utiliza\u00e7\u00e3o do leite fluido para diferentes produtos l\u00e1cteos com maior valor agregado.<br \/>\nEntre 2007 e 2017, a produ\u00e7\u00e3o de leite cru nos 28 pa\u00edses da UE cresceu 17%, o que representou 22,5 milh\u00f5es de litros adicionais. Nesse mesmo per\u00edodo, o uso do leite para a produ\u00e7\u00e3o do \u201cleite de consumo\u201d caiu, enquanto a produ\u00e7\u00e3o de \u201coutros produtos l\u00e1cteos\u201d cresceu. Inclu\u00eddos nesta categoria est\u00e3o produtos como f\u00f3rmulas infantis, leite em p\u00f3 Fat Filled, [leite em p\u00f3 desnatado acrescido de gorduras vegetais], e outros produtos voltados para o mercado de sa\u00fade e nutri\u00e7\u00e3o.<\/p>\n<\/div>\n<div style=\"text-align: justify;\"><img decoding=\"async\" style=\"width: 600px; height: 345px;\" src=\"http:\/\/cache.mail2easy.com.br\/i\/6186\/3299\" alt=\"\"><\/div>\n<div style=\"text-align: justify;\">A parcela de leite direcionada para produtos l\u00e1cteos tradicionais, como creme, iogurte, queijo e manteiga permanece est\u00e1vel. (Dairy AHDB \u2013 Tradu\u00e7\u00e3o livre: Terra Viva)<\/div>\n<div style=\"text-align: justify;\"><center style=\"font-family: Arial,Helvetica,sans-serif; font-size: 10px;\">&nbsp;<\/center><\/div>\n<div style=\"text-align: center;\"><img decoding=\"async\" style=\"width: 673px; height: 22px;\" src=\"http:\/\/cache.mail2easy.com.br\/i\/6186\/3078\" alt=\"\"><\/div>\n<\/div>\n<div style=\"text-align: justify;\">\n<div style=\"text-align: center;\">\n<div><em><img decoding=\"async\" src=\"http:\/\/cache.mail2easy.com.br\/i\/6186\/3077\" border=\"0\"><\/em><\/div>\n<div><em>A PREVIS\u00c3O de El Ni\u00f1o de fraca intensidade para os pr\u00f3ximos meses promete favorecer a concentra\u00e7\u00e3o de umidade, com chuva pouco acima do normal no sul e no oeste do Estado. Essa varia\u00e7\u00e3o, n\u00e3o deve, no entanto, ter maior influ\u00eancia sobre as culturas de inverno, segundo boletim do departamento de Defesa Agropecu\u00e1ria da Secretaria da Agricultura do RS.<\/em><\/div>\n<\/div>\n<div style=\"text-align: center;\"><img decoding=\"async\" src=\"http:\/\/cache.mail2easy.com.br\/i\/6186\/3078\" border=\"0\"><\/div>\n<\/div>\n<\/div>\n","protected":false},"excerpt":{"rendered":"<p>Porto Alegre, 22 de mar\u00e7o de 2019&nbsp; &nbsp; &nbsp; &nbsp; &nbsp; &nbsp; &nbsp; &nbsp; &nbsp; &nbsp; &nbsp; &nbsp; &nbsp; &nbsp; &nbsp; &nbsp; &nbsp; &nbsp; &nbsp; &nbsp; &nbsp; &nbsp; &nbsp; Ano 13 - N\u00b0 2.943 &nbsp; &nbsp; &nbsp;&nbsp;CNA discute impactos da tributa\u00e7\u00e3o no setor l\u00e1cteo A Confedera\u00e7\u00e3o da Agricultura e Pecu\u00e1ria do Brasil (CNA) participou na <a href=\"https:\/\/www.sindilat.com.br\/site\/2019\/03\/22\/22-03-2019\/\" class=\"more-link\">...continuar lendo<span class=\"screen-reader-text\"> \"22\/03\/2019\"<\/span><\/a><\/p>\n","protected":false},"author":2,"featured_media":0,"comment_status":"open","ping_status":"open","sticky":false,"template":"","format":"standard","meta":{"ngg_post_thumbnail":0,"footnotes":""},"categories":[28],"tags":[],"class_list":{"0":"post-3177","1":"post","2":"type-post","3":"status-publish","4":"format-standard","6":"category-newsletter","7":"h-entry","8":"hentry","9":"h-as-article"},"_links":{"self":[{"href":"https:\/\/www.sindilat.com.br\/site\/wp-json\/wp\/v2\/posts\/3177","targetHints":{"allow":["GET"]}}],"collection":[{"href":"https:\/\/www.sindilat.com.br\/site\/wp-json\/wp\/v2\/posts"}],"about":[{"href":"https:\/\/www.sindilat.com.br\/site\/wp-json\/wp\/v2\/types\/post"}],"author":[{"embeddable":true,"href":"https:\/\/www.sindilat.com.br\/site\/wp-json\/wp\/v2\/users\/2"}],"replies":[{"embeddable":true,"href":"https:\/\/www.sindilat.com.br\/site\/wp-json\/wp\/v2\/comments?post=3177"}],"version-history":[{"count":5,"href":"https:\/\/www.sindilat.com.br\/site\/wp-json\/wp\/v2\/posts\/3177\/revisions"}],"predecessor-version":[{"id":3182,"href":"https:\/\/www.sindilat.com.br\/site\/wp-json\/wp\/v2\/posts\/3177\/revisions\/3182"}],"wp:attachment":[{"href":"https:\/\/www.sindilat.com.br\/site\/wp-json\/wp\/v2\/media?parent=3177"}],"wp:term":[{"taxonomy":"category","embeddable":true,"href":"https:\/\/www.sindilat.com.br\/site\/wp-json\/wp\/v2\/categories?post=3177"},{"taxonomy":"post_tag","embeddable":true,"href":"https:\/\/www.sindilat.com.br\/site\/wp-json\/wp\/v2\/tags?post=3177"}],"curies":[{"name":"wp","href":"https:\/\/api.w.org\/{rel}","templated":true}]}}